{"id":906,"date":"2016-05-16T14:00:15","date_gmt":"2016-05-16T18:00:15","guid":{"rendered":"http:\/\/blogdalucianaoliveira.com.br\/blog\/?p=906"},"modified":"2016-05-16T14:00:15","modified_gmt":"2016-05-16T18:00:15","slug":"imprensa-e-oposicao-o-resto-e-armazem-de-secos-e-molhados","status":"publish","type":"post","link":"http:\/\/blogdalucianaoliveira.com.br\/blog\/2016\/05\/16\/imprensa-e-oposicao-o-resto-e-armazem-de-secos-e-molhados\/","title":{"rendered":"Imprensa \u00e9 oposi\u00e7\u00e3o. O resto \u00e9 armaz\u00e9m de secos e molhados"},"content":{"rendered":"<p><img data-recalc-dims=\"1\" loading=\"lazy\" decoding=\"async\" data-attachment-id=\"907\" data-permalink=\"http:\/\/blogdalucianaoliveira.com.br\/blog\/2016\/05\/16\/imprensa-e-oposicao-o-resto-e-armazem-de-secos-e-molhados\/image-198\/\" data-orig-file=\"https:\/\/i0.wp.com\/blogdalucianaoliveira.com.br\/blog\/wp-content\/uploads\/2016\/05\/image-173.jpeg?fit=332%2C443\" data-orig-size=\"332,443\" data-comments-opened=\"0\" data-image-meta=\"{&quot;aperture&quot;:&quot;0&quot;,&quot;credit&quot;:&quot;&quot;,&quot;camera&quot;:&quot;&quot;,&quot;caption&quot;:&quot;&quot;,&quot;created_timestamp&quot;:&quot;0&quot;,&quot;copyright&quot;:&quot;&quot;,&quot;focal_length&quot;:&quot;0&quot;,&quot;iso&quot;:&quot;0&quot;,&quot;shutter_speed&quot;:&quot;0&quot;,&quot;title&quot;:&quot;&quot;,&quot;orientation&quot;:&quot;0&quot;}\" data-image-title=\"image\" data-image-description=\"\" data-image-caption=\"\" data-medium-file=\"https:\/\/i0.wp.com\/blogdalucianaoliveira.com.br\/blog\/wp-content\/uploads\/2016\/05\/image-173.jpeg?fit=225%2C300\" data-large-file=\"https:\/\/i0.wp.com\/blogdalucianaoliveira.com.br\/blog\/wp-content\/uploads\/2016\/05\/image-173.jpeg?fit=332%2C443\" src=\"https:\/\/i0.wp.com\/blogdalucianaoliveira.com.br\/blog\/wp-content\/uploads\/2016\/05\/image-173.jpeg?resize=332%2C443\" alt=\"image\" width=\"332\" height=\"443\" class=\"alignnone size-full wp-image-907\" srcset=\"https:\/\/i0.wp.com\/blogdalucianaoliveira.com.br\/blog\/wp-content\/uploads\/2016\/05\/image-173.jpeg?w=332 332w, https:\/\/i0.wp.com\/blogdalucianaoliveira.com.br\/blog\/wp-content\/uploads\/2016\/05\/image-173.jpeg?resize=225%2C300 225w\" sizes=\"auto, (max-width: 332px) 100vw, 332px\" \/><\/p>\n<p>Esse tempo de vigor da m\u00eddia  alternativa com a multiplica\u00e7\u00e3o de blogs, sites e Fan Pages que driblam o jornalismo  padronizado, coincide com um momento marcante da hist\u00f3ria da imprensa brasileira. <!--more--><\/p>\n<p>Foi no maio de 1964 que Mill\u00f4r lan\u00e7ou os hist\u00f3ricos oito exemplares  da revista &#8220;Pif Paf&#8221;, nome da coluna que escrevia no Cruzeiro. <\/p>\n<p><img data-recalc-dims=\"1\" loading=\"lazy\" decoding=\"async\" data-attachment-id=\"908\" data-permalink=\"http:\/\/blogdalucianaoliveira.com.br\/blog\/2016\/05\/16\/imprensa-e-oposicao-o-resto-e-armazem-de-secos-e-molhados\/image-199\/\" data-orig-file=\"https:\/\/i0.wp.com\/blogdalucianaoliveira.com.br\/blog\/wp-content\/uploads\/2016\/05\/image-174.jpeg?fit=384%2C384\" data-orig-size=\"384,384\" data-comments-opened=\"0\" data-image-meta=\"{&quot;aperture&quot;:&quot;0&quot;,&quot;credit&quot;:&quot;&quot;,&quot;camera&quot;:&quot;&quot;,&quot;caption&quot;:&quot;&quot;,&quot;created_timestamp&quot;:&quot;0&quot;,&quot;copyright&quot;:&quot;&quot;,&quot;focal_length&quot;:&quot;0&quot;,&quot;iso&quot;:&quot;0&quot;,&quot;shutter_speed&quot;:&quot;0&quot;,&quot;title&quot;:&quot;&quot;,&quot;orientation&quot;:&quot;0&quot;}\" data-image-title=\"image\" data-image-description=\"\" data-image-caption=\"\" data-medium-file=\"https:\/\/i0.wp.com\/blogdalucianaoliveira.com.br\/blog\/wp-content\/uploads\/2016\/05\/image-174.jpeg?fit=300%2C300\" data-large-file=\"https:\/\/i0.wp.com\/blogdalucianaoliveira.com.br\/blog\/wp-content\/uploads\/2016\/05\/image-174.jpeg?fit=384%2C384\" src=\"https:\/\/i0.wp.com\/blogdalucianaoliveira.com.br\/blog\/wp-content\/uploads\/2016\/05\/image-174.jpeg?resize=384%2C384\" alt=\"image\" width=\"384\" height=\"384\" class=\"alignnone size-full wp-image-908\" srcset=\"https:\/\/i0.wp.com\/blogdalucianaoliveira.com.br\/blog\/wp-content\/uploads\/2016\/05\/image-174.jpeg?w=384 384w, https:\/\/i0.wp.com\/blogdalucianaoliveira.com.br\/blog\/wp-content\/uploads\/2016\/05\/image-174.jpeg?resize=150%2C150 150w, https:\/\/i0.wp.com\/blogdalucianaoliveira.com.br\/blog\/wp-content\/uploads\/2016\/05\/image-174.jpeg?resize=300%2C300 300w\" sizes=\"auto, (max-width: 384px) 100vw, 384px\" \/><\/p>\n<p>Ele ficou puto com a demiss\u00e3o e se juntou aJaguar, Ziraldo e a outros g\u00eanios do cartum e transformou a coluna na revista mais inteligente e sarc\u00e1stica contra a ditadura. <\/p>\n<p>O Cruzeiro demitiu Mill\u00f4r depois de 25 anos de trabalho num editorial de primeira p\u00e1gina em Outubro de 1963. Na ocasi\u00e3o disse: \u201cSinto-me um navio abandonando os ratos\u201d. <\/p>\n<p><img data-recalc-dims=\"1\" loading=\"lazy\" decoding=\"async\" data-attachment-id=\"909\" data-permalink=\"http:\/\/blogdalucianaoliveira.com.br\/blog\/2016\/05\/16\/imprensa-e-oposicao-o-resto-e-armazem-de-secos-e-molhados\/image-200\/\" data-orig-file=\"https:\/\/i0.wp.com\/blogdalucianaoliveira.com.br\/blog\/wp-content\/uploads\/2016\/05\/image-5.png?fit=350%2C284\" data-orig-size=\"350,284\" data-comments-opened=\"0\" data-image-meta=\"{&quot;aperture&quot;:&quot;0&quot;,&quot;credit&quot;:&quot;&quot;,&quot;camera&quot;:&quot;&quot;,&quot;caption&quot;:&quot;&quot;,&quot;created_timestamp&quot;:&quot;0&quot;,&quot;copyright&quot;:&quot;&quot;,&quot;focal_length&quot;:&quot;0&quot;,&quot;iso&quot;:&quot;0&quot;,&quot;shutter_speed&quot;:&quot;0&quot;,&quot;title&quot;:&quot;&quot;,&quot;orientation&quot;:&quot;0&quot;}\" data-image-title=\"image\" data-image-description=\"\" data-image-caption=\"\" data-medium-file=\"https:\/\/i0.wp.com\/blogdalucianaoliveira.com.br\/blog\/wp-content\/uploads\/2016\/05\/image-5.png?fit=300%2C243\" data-large-file=\"https:\/\/i0.wp.com\/blogdalucianaoliveira.com.br\/blog\/wp-content\/uploads\/2016\/05\/image-5.png?fit=350%2C284\" src=\"https:\/\/i0.wp.com\/blogdalucianaoliveira.com.br\/blog\/wp-content\/uploads\/2016\/05\/image-5.png?resize=350%2C284\" alt=\"image\" width=\"350\" height=\"284\" class=\"alignnone size-full wp-image-909\" srcset=\"https:\/\/i0.wp.com\/blogdalucianaoliveira.com.br\/blog\/wp-content\/uploads\/2016\/05\/image-5.png?w=350 350w, https:\/\/i0.wp.com\/blogdalucianaoliveira.com.br\/blog\/wp-content\/uploads\/2016\/05\/image-5.png?resize=300%2C243 300w\" sizes=\"auto, (max-width: 350px) 100vw, 350px\" \/><\/p>\n<p>Como vivia explicando que n\u00e3o era de direita, pacificou: &#8220;Pif Paf ser\u00e1 de esquerda \u00e0s segundas, quartas e sextas, e de direita \u00e0s ter\u00e7as, quintas e s\u00e1bados.&#8221;<\/p>\n","protected":false},"excerpt":{"rendered":"<p>Esse tempo de vigor da m\u00eddia alternativa com a multiplica\u00e7\u00e3o de blogs, sites e Fan Pages que driblam o jornalismo padronizado, coincide com um momento marcante da hist\u00f3ria da imprensa brasileira.<\/p>\n","protected":false},"author":1,"featured_media":0,"comment_status":"closed","ping_status":"open","sticky":false,"template":"","format":"standard","meta":{"_exactmetrics_skip_tracking":false,"_exactmetrics_sitenote_active":false,"_exactmetrics_sitenote_note":"","_exactmetrics_sitenote_category":0,"jetpack_post_was_ever_published":false,"_jetpack_newsletter_access":"","_jetpack_dont_email_post_to_subs":false,"_jetpack_newsletter_tier_id":0,"_jetpack_memberships_contains_paywalled_content":false,"_jetpack_memberships_contains_paid_content":false,"footnotes":"","jetpack_publicize_message":"","jetpack_publicize_feature_enabled":true,"jetpack_social_post_already_shared":true,"jetpack_social_options":{"image_generator_settings":{"template":"highway","enabled":false},"version":2}},"categories":[1],"tags":[],"class_list":["post-906","post","type-post","status-publish","format-standard","hentry","category-notas"],"jetpack_publicize_connections":[],"jetpack_sharing_enabled":true,"jetpack_featured_media_url":"","jetpack_shortlink":"https:\/\/wp.me\/p7wKYW-eC","jetpack-related-posts":[],"_links":{"self":[{"href":"http:\/\/blogdalucianaoliveira.com.br\/blog\/wp-json\/wp\/v2\/posts\/906","targetHints":{"allow":["GET"]}}],"collection":[{"href":"http:\/\/blogdalucianaoliveira.com.br\/blog\/wp-json\/wp\/v2\/posts"}],"about":[{"href":"http:\/\/blogdalucianaoliveira.com.br\/blog\/wp-json\/wp\/v2\/types\/post"}],"author":[{"embeddable":true,"href":"http:\/\/blogdalucianaoliveira.com.br\/blog\/wp-json\/wp\/v2\/users\/1"}],"replies":[{"embeddable":true,"href":"http:\/\/blogdalucianaoliveira.com.br\/blog\/wp-json\/wp\/v2\/comments?post=906"}],"version-history":[{"count":2,"href":"http:\/\/blogdalucianaoliveira.com.br\/blog\/wp-json\/wp\/v2\/posts\/906\/revisions"}],"predecessor-version":[{"id":911,"href":"http:\/\/blogdalucianaoliveira.com.br\/blog\/wp-json\/wp\/v2\/posts\/906\/revisions\/911"}],"wp:attachment":[{"href":"http:\/\/blogdalucianaoliveira.com.br\/blog\/wp-json\/wp\/v2\/media?parent=906"}],"wp:term":[{"taxonomy":"category","embeddable":true,"href":"http:\/\/blogdalucianaoliveira.com.br\/blog\/wp-json\/wp\/v2\/categories?post=906"},{"taxonomy":"post_tag","embeddable":true,"href":"http:\/\/blogdalucianaoliveira.com.br\/blog\/wp-json\/wp\/v2\/tags?post=906"}],"curies":[{"name":"wp","href":"https:\/\/api.w.org\/{rel}","templated":true}]}}