{"id":917,"date":"2016-05-16T18:06:25","date_gmt":"2016-05-16T22:06:25","guid":{"rendered":"http:\/\/blogdalucianaoliveira.com.br\/blog\/?p=917"},"modified":"2016-05-16T18:07:28","modified_gmt":"2016-05-16T22:07:28","slug":"exemplo-jornal-se-desculpa-pune-e-publica-nota-de-mulheres-que-rechacam-modelo-marcela-temer-de-mulher-brasileira","status":"publish","type":"post","link":"http:\/\/blogdalucianaoliveira.com.br\/blog\/2016\/05\/16\/exemplo-jornal-se-desculpa-pune-e-publica-nota-de-mulheres-que-rechacam-modelo-marcela-temer-de-mulher-brasileira\/","title":{"rendered":"Exemplo: Jornal se desculpa, pune e publica nota de mulheres que recha\u00e7am modelo Marcela Temer de mulher brasileira"},"content":{"rendered":"<p><img data-recalc-dims=\"1\" loading=\"lazy\" decoding=\"async\" data-attachment-id=\"918\" data-permalink=\"http:\/\/blogdalucianaoliveira.com.br\/blog\/2016\/05\/16\/exemplo-jornal-se-desculpa-pune-e-publica-nota-de-mulheres-que-rechacam-modelo-marcela-temer-de-mulher-brasileira\/image-201\/\" data-orig-file=\"https:\/\/i0.wp.com\/blogdalucianaoliveira.com.br\/blog\/wp-content\/uploads\/2016\/05\/image-175.jpeg?fit=750%2C1160\" data-orig-size=\"750,1160\" data-comments-opened=\"0\" data-image-meta=\"{&quot;aperture&quot;:&quot;0&quot;,&quot;credit&quot;:&quot;&quot;,&quot;camera&quot;:&quot;&quot;,&quot;caption&quot;:&quot;&quot;,&quot;created_timestamp&quot;:&quot;0&quot;,&quot;copyright&quot;:&quot;&quot;,&quot;focal_length&quot;:&quot;0&quot;,&quot;iso&quot;:&quot;0&quot;,&quot;shutter_speed&quot;:&quot;0&quot;,&quot;title&quot;:&quot;&quot;,&quot;orientation&quot;:&quot;0&quot;}\" data-image-title=\"image\" data-image-description=\"\" data-image-caption=\"\" data-medium-file=\"https:\/\/i0.wp.com\/blogdalucianaoliveira.com.br\/blog\/wp-content\/uploads\/2016\/05\/image-175.jpeg?fit=194%2C300\" data-large-file=\"https:\/\/i0.wp.com\/blogdalucianaoliveira.com.br\/blog\/wp-content\/uploads\/2016\/05\/image-175.jpeg?fit=600%2C928\" src=\"https:\/\/i0.wp.com\/blogdalucianaoliveira.com.br\/blog\/wp-content\/uploads\/2016\/05\/image-175.jpeg?resize=600%2C928\" alt=\"image\" width=\"600\" height=\"928\" class=\"alignnone size-full wp-image-918\" srcset=\"https:\/\/i0.wp.com\/blogdalucianaoliveira.com.br\/blog\/wp-content\/uploads\/2016\/05\/image-175.jpeg?w=750 750w, https:\/\/i0.wp.com\/blogdalucianaoliveira.com.br\/blog\/wp-content\/uploads\/2016\/05\/image-175.jpeg?resize=194%2C300 194w, https:\/\/i0.wp.com\/blogdalucianaoliveira.com.br\/blog\/wp-content\/uploads\/2016\/05\/image-175.jpeg?resize=662%2C1024 662w\" sizes=\"auto, (max-width: 600px) 100vw, 600px\" \/><\/p>\n<p>Do Jornal de Bra\u00edlia <\/p>\n<p>Jornal de Bras\u00edlia pede desculpas ao p\u00fablico feminino<\/p>\n<p>Nota da coluna Gilberto Amaral \u00e9 criticada pelas jornalistas da casa. Publica\u00e7\u00e3o da coluna \u00e9 suspensa por sete dias.<br \/>\nA publica\u00e7\u00e3o de uma nota na coluna Gilberto Amaral, na edi\u00e7\u00e3o impressa de segunda-feira, causou revolta em internautas e leitores. O motivo foi o tom da publica\u00e7\u00e3o. <!--more--><\/p>\n<p>O Jornal, em primeiro lugar, se retrata com seu p\u00fablico, especialmente com as leitoras, pelo tom empregado na nota. Tamb\u00e9m se retrata diante dos grupos feministas, igualmente ofendidos, reconhecendo que sua luta pela igualdade \u00e9 justa e oportuna, e vem trazendo ineg\u00e1veis progressos para a nossa sociedade.<\/p>\n<p>O Jornal tamb\u00e9m pediu \u00e0s mulheres da reda\u00e7\u00e3o para que elaborassem um texto a respeito do que foi publicado e de como foi o seu dia de trabalho diante disso. Elaborado pela rep\u00f3rter Jessica Antunes, ele foi chancelado por todas as jornalistas, sem nenhum coment\u00e1rio, veto ou restri\u00e7\u00e3o dos jornalistas do sexo masculino. <\/p>\n<p>Por fim, o Jornal de Bras\u00edlia acredita em uma sociedade progressista e igual. Por conta disso, estamos suspendendo a publica\u00e7\u00e3o da coluna Gilberto Amaral por um per\u00edodo de sete dias, a partir desta edi\u00e7\u00e3o.<\/p>\n<p>A nota das jornalistas do Jornal de Bras\u00edlia<\/p>\n<p>Foi uma vergonha. Nenhuma palavra de desculpa pode minimizar a intensidade com que uma nota publicada hoje pelo Jornal de Bras\u00edlia afetou cada uma das mulheres do nosso Brasil. Aqui lidamos com palavras que podem ter a mesma for\u00e7a que uma imagem exibida na televis\u00e3o. N\u00f3s vimos isso. Sentimos isso.  <\/p>\n<p>Eu sei disso. Vivo isso. Ningu\u00e9m liga se o trabalho \u00e9 feito sem maquiagem, com o cabelo bagun\u00e7ado ou de t\u00eanis. Ou n\u00e3o deveriam ligar. O que deve importar \u00e9 o trabalho, a compet\u00eancia, o que \u00e9 publicado diariamente nas linhas do impresso que persiste, apesar dos golpes das diversas crises. E o que foi publicado me envergonhou como mulher, como profissional, como brasileira. <\/p>\n<p>Escrevo aqui em primeira pessoa para demonstrar, em nome das mulheres da reda\u00e7\u00e3o, a indigna\u00e7\u00e3o, a revolta e a tristeza com um pensamento mis\u00f3gino que saiu no pr\u00f3prio ve\u00edculo em que trabalho e que escancarou falhas. Falhas de conceitua\u00e7\u00e3o, de responsabilidade e de empatia.  Jamais deveria ter sido publicado.<\/p>\n<p>A vergonha foi tanta que, por momentos, ficamos sem rea\u00e7\u00e3o. O erro estava claro e estampado na p\u00e1gina 14 da edi\u00e7\u00e3o impressa desta segunda-feira, 16 de maio, que logo espalhou indigna\u00e7\u00e3o pelas redes sociais &#8211; local mais que apropriado e democr\u00e1tico para confirmar o pecado. Fomos bombardeados e concordamos com quase todos os questionamentos. Acho que, ao fim do dia, teremos v\u00e1rias li\u00e7\u00f5es. <\/p>\n<p>Como jornalistas, compreendemos que erros devem ser admitidos. Como mulheres, que temos for\u00e7a para questionar retrocessos e para lutar por espa\u00e7o e direitos. Como cidad\u00e3os, que a democracia s\u00f3 existir\u00e1 por completo quando houver representa\u00e7\u00e3o feminina em todos os \u00e2mbitos da sociedade. Ainda n\u00e3o passamos da ponta do iceberg do problema. <\/p>\n<p>Marcela Temer \u00e9 linda, sim. Mas, sozinha, n\u00e3o representa a mulher brasileira. A mulher brasileira n\u00e3o tem um perfil. Tem v\u00e1rios. S\u00e3o v\u00e1rias. Somos v\u00e1rias. Por muito tempo, n\u00f3s ficamos presas a exatamente esse mesmo tipo de vis\u00e3o exposta de forma vergonhosa hoje. Mas lutamos todos os dias contra essa mar\u00e9. Conquistamos, mais do que tudo, poder de escolha. E escolhemos n\u00e3o nos submeter a um pensamento retr\u00f3grado que reduz a feminilidade apenas ao conceito de beleza. Somos mais do que isso. <\/p>\n<p>J\u00e9ssica Antunes, em nome de todas as mulheres do Jornal de Bras\u00edlia<\/p>\n","protected":false},"excerpt":{"rendered":"<p>Do Jornal de Bra\u00edlia Jornal de Bras\u00edlia pede desculpas ao p\u00fablico feminino Nota da coluna Gilberto Amaral \u00e9 criticada pelas jornalistas da casa. Publica\u00e7\u00e3o da coluna \u00e9 suspensa por sete dias. A publica\u00e7\u00e3o de uma nota na coluna Gilberto Amaral, na edi\u00e7\u00e3o impressa de segunda-feira, causou revolta em internautas e leitores. O motivo foi o&#8230;<a class=\"more-link\" href=\"http:\/\/blogdalucianaoliveira.com.br\/blog\/2016\/05\/16\/exemplo-jornal-se-desculpa-pune-e-publica-nota-de-mulheres-que-rechacam-modelo-marcela-temer-de-mulher-brasileira\/\">Continue a leitura <span class=\"meta-nav\">&raquo;<\/span><\/a><\/p>\n","protected":false},"author":1,"featured_media":0,"comment_status":"closed","ping_status":"open","sticky":false,"template":"","format":"standard","meta":{"_exactmetrics_skip_tracking":false,"_exactmetrics_sitenote_active":false,"_exactmetrics_sitenote_note":"","_exactmetrics_sitenote_category":0,"jetpack_post_was_ever_published":false,"_jetpack_newsletter_access":"","_jetpack_dont_email_post_to_subs":false,"_jetpack_newsletter_tier_id":0,"_jetpack_memberships_contains_paywalled_content":false,"_jetpack_memberships_contains_paid_content":false,"footnotes":"","jetpack_publicize_message":"","jetpack_publicize_feature_enabled":true,"jetpack_social_post_already_shared":true,"jetpack_social_options":{"image_generator_settings":{"template":"highway","enabled":false},"version":2}},"categories":[1],"tags":[],"class_list":["post-917","post","type-post","status-publish","format-standard","hentry","category-notas"],"jetpack_publicize_connections":[],"jetpack_sharing_enabled":true,"jetpack_featured_media_url":"","jetpack_shortlink":"https:\/\/wp.me\/p7wKYW-eN","jetpack-related-posts":[],"_links":{"self":[{"href":"http:\/\/blogdalucianaoliveira.com.br\/blog\/wp-json\/wp\/v2\/posts\/917","targetHints":{"allow":["GET"]}}],"collection":[{"href":"http:\/\/blogdalucianaoliveira.com.br\/blog\/wp-json\/wp\/v2\/posts"}],"about":[{"href":"http:\/\/blogdalucianaoliveira.com.br\/blog\/wp-json\/wp\/v2\/types\/post"}],"author":[{"embeddable":true,"href":"http:\/\/blogdalucianaoliveira.com.br\/blog\/wp-json\/wp\/v2\/users\/1"}],"replies":[{"embeddable":true,"href":"http:\/\/blogdalucianaoliveira.com.br\/blog\/wp-json\/wp\/v2\/comments?post=917"}],"version-history":[{"count":3,"href":"http:\/\/blogdalucianaoliveira.com.br\/blog\/wp-json\/wp\/v2\/posts\/917\/revisions"}],"predecessor-version":[{"id":921,"href":"http:\/\/blogdalucianaoliveira.com.br\/blog\/wp-json\/wp\/v2\/posts\/917\/revisions\/921"}],"wp:attachment":[{"href":"http:\/\/blogdalucianaoliveira.com.br\/blog\/wp-json\/wp\/v2\/media?parent=917"}],"wp:term":[{"taxonomy":"category","embeddable":true,"href":"http:\/\/blogdalucianaoliveira.com.br\/blog\/wp-json\/wp\/v2\/categories?post=917"},{"taxonomy":"post_tag","embeddable":true,"href":"http:\/\/blogdalucianaoliveira.com.br\/blog\/wp-json\/wp\/v2\/tags?post=917"}],"curies":[{"name":"wp","href":"https:\/\/api.w.org\/{rel}","templated":true}]}}