{"id":9291,"date":"2017-03-17T11:47:28","date_gmt":"2017-03-17T15:47:28","guid":{"rendered":"http:\/\/blogdalucianaoliveira.com.br\/blog\/?p=9291"},"modified":"2017-03-17T11:47:28","modified_gmt":"2017-03-17T15:47:28","slug":"fachin-decide-tarde-demais-para-investigar-aecio","status":"publish","type":"post","link":"http:\/\/blogdalucianaoliveira.com.br\/blog\/2017\/03\/17\/fachin-decide-tarde-demais-para-investigar-aecio\/","title":{"rendered":"Fachin decide: tarde demais para investigar A\u00e9cio"},"content":{"rendered":"<p><img data-recalc-dims=\"1\" loading=\"lazy\" decoding=\"async\" data-attachment-id=\"9292\" data-permalink=\"http:\/\/blogdalucianaoliveira.com.br\/blog\/2017\/03\/17\/fachin-decide-tarde-demais-para-investigar-aecio\/aroeira\/\" data-orig-file=\"https:\/\/i0.wp.com\/blogdalucianaoliveira.com.br\/blog\/wp-content\/uploads\/2017\/03\/aroeira.jpg?fit=880%2C464\" data-orig-size=\"880,464\" data-comments-opened=\"0\" data-image-meta=\"{&quot;aperture&quot;:&quot;0&quot;,&quot;credit&quot;:&quot;&quot;,&quot;camera&quot;:&quot;&quot;,&quot;caption&quot;:&quot;&quot;,&quot;created_timestamp&quot;:&quot;0&quot;,&quot;copyright&quot;:&quot;&quot;,&quot;focal_length&quot;:&quot;0&quot;,&quot;iso&quot;:&quot;0&quot;,&quot;shutter_speed&quot;:&quot;0&quot;,&quot;title&quot;:&quot;&quot;,&quot;orientation&quot;:&quot;0&quot;}\" data-image-title=\"aroeira\" data-image-description=\"\" data-image-caption=\"\" data-medium-file=\"https:\/\/i0.wp.com\/blogdalucianaoliveira.com.br\/blog\/wp-content\/uploads\/2017\/03\/aroeira.jpg?fit=300%2C158\" data-large-file=\"https:\/\/i0.wp.com\/blogdalucianaoliveira.com.br\/blog\/wp-content\/uploads\/2017\/03\/aroeira.jpg?fit=600%2C316\" src=\"https:\/\/i0.wp.com\/blogdalucianaoliveira.com.br\/blog\/wp-content\/uploads\/2017\/03\/aroeira.jpg?resize=600%2C316\" alt=\"aroeira\" width=\"600\" height=\"316\" class=\"alignnone size-full wp-image-9292\" srcset=\"https:\/\/i0.wp.com\/blogdalucianaoliveira.com.br\/blog\/wp-content\/uploads\/2017\/03\/aroeira.jpg?w=880 880w, https:\/\/i0.wp.com\/blogdalucianaoliveira.com.br\/blog\/wp-content\/uploads\/2017\/03\/aroeira.jpg?resize=300%2C158 300w, https:\/\/i0.wp.com\/blogdalucianaoliveira.com.br\/blog\/wp-content\/uploads\/2017\/03\/aroeira.jpg?resize=768%2C405 768w, https:\/\/i0.wp.com\/blogdalucianaoliveira.com.br\/blog\/wp-content\/uploads\/2017\/03\/aroeira.jpg?resize=569%2C300 569w\" sizes=\"auto, (max-width: 600px) 100vw, 600px\" \/><\/p>\n<p>Pois \u00e9&#8230;<\/p>\n<p>O ministro do Supremo Tribunal Federal, Edson Fachin, mandou arquivar as cita\u00e7\u00f5es de S\u00e9rgio Machado, ex-diretor da Tranpetro, que envolvem o senador A\u00e9cio Neves (PSDB).<\/p>\n<p>O delator achou que o tucano seria o primeiro a ser comido.<\/p>\n<p>S\u00e9rgio Machado disse que houve um esquema de corrup\u00e7\u00e3o para eleger o A\u00e9cio Neves \u00e0 presid\u00eancia da C\u00e2mara em 2000 e montar uma ampla base de apoio para o governo Fernando Henrique Cardoso. Segundo Machado, o pr\u00f3prio A\u00e9cio, teria recebido na \u00e9poca R$ 1 milh\u00e3o em dinheiro vivo.<\/p>\n<p>Para Fachin, como &#8216;os fatos supostamente teriam ocorrido entre os anos de 1998 e 2000, encontra-se fulminada pela prescri\u00e7\u00e3o a pretens\u00e3o punitiva estatal&#8217;.<\/p>\n<p>J\u00e1 era! \u00c9 tarde demais para investigar e punir A\u00e9cio, decidiu o ministro.<\/p>\n","protected":false},"excerpt":{"rendered":"<p>Pois \u00e9&#8230; O ministro do Supremo Tribunal Federal, Edson Fachin, mandou arquivar as cita\u00e7\u00f5es de S\u00e9rgio Machado, ex-diretor da Tranpetro, que envolvem o senador A\u00e9cio Neves (PSDB). O delator achou que o tucano seria o primeiro a ser comido. S\u00e9rgio Machado disse que houve um esquema de corrup\u00e7\u00e3o para eleger o A\u00e9cio Neves \u00e0 presid\u00eancia&#8230;<a class=\"more-link\" href=\"http:\/\/blogdalucianaoliveira.com.br\/blog\/2017\/03\/17\/fachin-decide-tarde-demais-para-investigar-aecio\/\">Continue a leitura <span class=\"meta-nav\">&raquo;<\/span><\/a><\/p>\n","protected":false},"author":1,"featured_media":0,"comment_status":"closed","ping_status":"open","sticky":false,"template":"","format":"standard","meta":{"_exactmetrics_skip_tracking":false,"_exactmetrics_sitenote_active":false,"_exactmetrics_sitenote_note":"","_exactmetrics_sitenote_category":0,"jetpack_post_was_ever_published":false,"_jetpack_newsletter_access":"","_jetpack_dont_email_post_to_subs":false,"_jetpack_newsletter_tier_id":0,"_jetpack_memberships_contains_paywalled_content":false,"_jetpack_memberships_contains_paid_content":false,"footnotes":"","jetpack_publicize_message":"","jetpack_publicize_feature_enabled":true,"jetpack_social_post_already_shared":true,"jetpack_social_options":{"image_generator_settings":{"template":"highway","enabled":false},"version":2}},"categories":[1],"tags":[],"class_list":["post-9291","post","type-post","status-publish","format-standard","hentry","category-notas"],"jetpack_publicize_connections":[],"jetpack_sharing_enabled":true,"jetpack_featured_media_url":"","jetpack_shortlink":"https:\/\/wp.me\/p7wKYW-2pR","jetpack-related-posts":[],"_links":{"self":[{"href":"http:\/\/blogdalucianaoliveira.com.br\/blog\/wp-json\/wp\/v2\/posts\/9291","targetHints":{"allow":["GET"]}}],"collection":[{"href":"http:\/\/blogdalucianaoliveira.com.br\/blog\/wp-json\/wp\/v2\/posts"}],"about":[{"href":"http:\/\/blogdalucianaoliveira.com.br\/blog\/wp-json\/wp\/v2\/types\/post"}],"author":[{"embeddable":true,"href":"http:\/\/blogdalucianaoliveira.com.br\/blog\/wp-json\/wp\/v2\/users\/1"}],"replies":[{"embeddable":true,"href":"http:\/\/blogdalucianaoliveira.com.br\/blog\/wp-json\/wp\/v2\/comments?post=9291"}],"version-history":[{"count":1,"href":"http:\/\/blogdalucianaoliveira.com.br\/blog\/wp-json\/wp\/v2\/posts\/9291\/revisions"}],"predecessor-version":[{"id":9293,"href":"http:\/\/blogdalucianaoliveira.com.br\/blog\/wp-json\/wp\/v2\/posts\/9291\/revisions\/9293"}],"wp:attachment":[{"href":"http:\/\/blogdalucianaoliveira.com.br\/blog\/wp-json\/wp\/v2\/media?parent=9291"}],"wp:term":[{"taxonomy":"category","embeddable":true,"href":"http:\/\/blogdalucianaoliveira.com.br\/blog\/wp-json\/wp\/v2\/categories?post=9291"},{"taxonomy":"post_tag","embeddable":true,"href":"http:\/\/blogdalucianaoliveira.com.br\/blog\/wp-json\/wp\/v2\/tags?post=9291"}],"curies":[{"name":"wp","href":"https:\/\/api.w.org\/{rel}","templated":true}]}}