{"id":930,"date":"2016-05-16T22:04:31","date_gmt":"2016-05-17T02:04:31","guid":{"rendered":"http:\/\/blogdalucianaoliveira.com.br\/blog\/?p=930"},"modified":"2016-05-16T22:04:31","modified_gmt":"2016-05-17T02:04:31","slug":"piaui-faltam-cinco-unidades-da-federacao-no-logotipo-do-governo-temer","status":"publish","type":"post","link":"http:\/\/blogdalucianaoliveira.com.br\/blog\/2016\/05\/16\/piaui-faltam-cinco-unidades-da-federacao-no-logotipo-do-governo-temer\/","title":{"rendered":"Piau\u00ed: Faltam cinco unidades da federa\u00e7\u00e3o no logotipo do governo Temer"},"content":{"rendered":"<p><img data-recalc-dims=\"1\" loading=\"lazy\" decoding=\"async\" data-attachment-id=\"931\" data-permalink=\"http:\/\/blogdalucianaoliveira.com.br\/blog\/2016\/05\/16\/piaui-faltam-cinco-unidades-da-federacao-no-logotipo-do-governo-temer\/image-203\/\" data-orig-file=\"https:\/\/i0.wp.com\/blogdalucianaoliveira.com.br\/blog\/wp-content\/uploads\/2016\/05\/image-177.jpeg?fit=1337%2C692\" data-orig-size=\"1337,692\" data-comments-opened=\"0\" data-image-meta=\"{&quot;aperture&quot;:&quot;0&quot;,&quot;credit&quot;:&quot;&quot;,&quot;camera&quot;:&quot;&quot;,&quot;caption&quot;:&quot;&quot;,&quot;created_timestamp&quot;:&quot;0&quot;,&quot;copyright&quot;:&quot;&quot;,&quot;focal_length&quot;:&quot;0&quot;,&quot;iso&quot;:&quot;0&quot;,&quot;shutter_speed&quot;:&quot;0&quot;,&quot;title&quot;:&quot;&quot;,&quot;orientation&quot;:&quot;0&quot;}\" data-image-title=\"image\" data-image-description=\"\" data-image-caption=\"\" data-medium-file=\"https:\/\/i0.wp.com\/blogdalucianaoliveira.com.br\/blog\/wp-content\/uploads\/2016\/05\/image-177.jpeg?fit=300%2C155\" data-large-file=\"https:\/\/i0.wp.com\/blogdalucianaoliveira.com.br\/blog\/wp-content\/uploads\/2016\/05\/image-177.jpeg?fit=600%2C311\" src=\"https:\/\/i0.wp.com\/blogdalucianaoliveira.com.br\/blog\/wp-content\/uploads\/2016\/05\/image-177.jpeg?resize=600%2C311\" alt=\"image\" width=\"600\" height=\"311\" class=\"alignnone size-full wp-image-931\" srcset=\"https:\/\/i0.wp.com\/blogdalucianaoliveira.com.br\/blog\/wp-content\/uploads\/2016\/05\/image-177.jpeg?w=1337 1337w, https:\/\/i0.wp.com\/blogdalucianaoliveira.com.br\/blog\/wp-content\/uploads\/2016\/05\/image-177.jpeg?resize=300%2C155 300w, https:\/\/i0.wp.com\/blogdalucianaoliveira.com.br\/blog\/wp-content\/uploads\/2016\/05\/image-177.jpeg?resize=768%2C397 768w, https:\/\/i0.wp.com\/blogdalucianaoliveira.com.br\/blog\/wp-content\/uploads\/2016\/05\/image-177.jpeg?resize=1024%2C530 1024w, https:\/\/i0.wp.com\/blogdalucianaoliveira.com.br\/blog\/wp-content\/uploads\/2016\/05\/image-177.jpeg?resize=580%2C300 580w, https:\/\/i0.wp.com\/blogdalucianaoliveira.com.br\/blog\/wp-content\/uploads\/2016\/05\/image-177.jpeg?w=1200 1200w\" sizes=\"auto, (max-width: 600px) 100vw, 600px\" \/><\/p>\n<p>por JULIANA DAL PIVA <\/p>\n<p>Na manh\u00e3 da quinta-feira 12 de maio, a equipe do presidente da Rep\u00fablica em exerc\u00edcio, Michel Temer, apresentou \u00e0s redes sociais e \u00e0 imprensa o slogan e o logotipo da nova administra\u00e7\u00e3o: \u201cGoverno Federal: Ordem e Progresso\u201d. <!--more--><\/p>\n<p>Os jornais O Estado de S. Paulo e Folha de S. Paulo publicaram reportagens, divulgando a imagem e a frase que marcaria o governo Temer a partir de ent\u00e3o.<\/p>\n<p>Criado pelo marqueteiro Elsinho Mouco, o novo logotipo mostra uma esfera celeste com uma faixa amarela ao centro. Nela, l\u00ea-se \u201cOrdem e Progresso\u201d. Sobre o fundo azul que marca o resto da imagem, aparecem, em branco, as palavra \u201cBrasil\u201d e a express\u00e3o \u201cgoverno federal\u201d.<\/p>\n<p>A Lupa observou, no entanto, que na imagem oficial divulgada pelo PMDB Nacional em seu Facebook s\u00f3 aparecem 22 estrelas. A bandeira do Brasil tem 27, numa forma de representar os 26 estados e o Distrito Federal e de reproduzir o c\u00e9u do Rio de Janeiro na noite de 15 de novembro de 1889, data da Proclama\u00e7\u00e3o da Rep\u00fablica.<\/p>\n<p>A imagem da bandeira brasileira pode ser conferida no site do Planalto e, algumas explica\u00e7\u00f5es sobre ela est\u00e3o dispon\u00edveis, por exemplo, no Observat\u00f3rio de F\u00edsica da UFMG. No logotipo do governo Temer deixaram de ser representados, portanto, ao menos cinco unidades da federa\u00e7\u00e3o.<\/p>\n<p>A bandeira brasileira passou a ter a configura\u00e7\u00e3o com 27 estrelas a partir da Lei n\u00ba 8.421, de 11 de maio de 1992.<\/p>\n","protected":false},"excerpt":{"rendered":"<p>por JULIANA DAL PIVA Na manh\u00e3 da quinta-feira 12 de maio, a equipe do presidente da Rep\u00fablica em exerc\u00edcio, Michel Temer, apresentou \u00e0s redes sociais e \u00e0 imprensa o slogan e o logotipo da nova administra\u00e7\u00e3o: \u201cGoverno Federal: Ordem e Progresso\u201d.<\/p>\n","protected":false},"author":1,"featured_media":0,"comment_status":"closed","ping_status":"open","sticky":false,"template":"","format":"standard","meta":{"_exactmetrics_skip_tracking":false,"_exactmetrics_sitenote_active":false,"_exactmetrics_sitenote_note":"","_exactmetrics_sitenote_category":0,"jetpack_post_was_ever_published":false,"_jetpack_newsletter_access":"","_jetpack_dont_email_post_to_subs":false,"_jetpack_newsletter_tier_id":0,"_jetpack_memberships_contains_paywalled_content":false,"_jetpack_memberships_contains_paid_content":false,"footnotes":"","jetpack_publicize_message":"","jetpack_publicize_feature_enabled":true,"jetpack_social_post_already_shared":true,"jetpack_social_options":{"image_generator_settings":{"template":"highway","enabled":false},"version":2}},"categories":[1],"tags":[],"class_list":["post-930","post","type-post","status-publish","format-standard","hentry","category-notas"],"jetpack_publicize_connections":[],"jetpack_sharing_enabled":true,"jetpack_featured_media_url":"","jetpack_shortlink":"https:\/\/wp.me\/p7wKYW-f0","jetpack-related-posts":[],"_links":{"self":[{"href":"http:\/\/blogdalucianaoliveira.com.br\/blog\/wp-json\/wp\/v2\/posts\/930","targetHints":{"allow":["GET"]}}],"collection":[{"href":"http:\/\/blogdalucianaoliveira.com.br\/blog\/wp-json\/wp\/v2\/posts"}],"about":[{"href":"http:\/\/blogdalucianaoliveira.com.br\/blog\/wp-json\/wp\/v2\/types\/post"}],"author":[{"embeddable":true,"href":"http:\/\/blogdalucianaoliveira.com.br\/blog\/wp-json\/wp\/v2\/users\/1"}],"replies":[{"embeddable":true,"href":"http:\/\/blogdalucianaoliveira.com.br\/blog\/wp-json\/wp\/v2\/comments?post=930"}],"version-history":[{"count":2,"href":"http:\/\/blogdalucianaoliveira.com.br\/blog\/wp-json\/wp\/v2\/posts\/930\/revisions"}],"predecessor-version":[{"id":933,"href":"http:\/\/blogdalucianaoliveira.com.br\/blog\/wp-json\/wp\/v2\/posts\/930\/revisions\/933"}],"wp:attachment":[{"href":"http:\/\/blogdalucianaoliveira.com.br\/blog\/wp-json\/wp\/v2\/media?parent=930"}],"wp:term":[{"taxonomy":"category","embeddable":true,"href":"http:\/\/blogdalucianaoliveira.com.br\/blog\/wp-json\/wp\/v2\/categories?post=930"},{"taxonomy":"post_tag","embeddable":true,"href":"http:\/\/blogdalucianaoliveira.com.br\/blog\/wp-json\/wp\/v2\/tags?post=930"}],"curies":[{"name":"wp","href":"https:\/\/api.w.org\/{rel}","templated":true}]}}