{"id":9315,"date":"2017-03-19T08:50:36","date_gmt":"2017-03-19T12:50:36","guid":{"rendered":"http:\/\/blogdalucianaoliveira.com.br\/blog\/?p=9315"},"modified":"2017-03-19T08:50:36","modified_gmt":"2017-03-19T12:50:36","slug":"camara-vota-terceirizacao-e-pode-rasgar-clt-na-terca-feira","status":"publish","type":"post","link":"http:\/\/blogdalucianaoliveira.com.br\/blog\/2017\/03\/19\/camara-vota-terceirizacao-e-pode-rasgar-clt-na-terca-feira\/","title":{"rendered":"C\u00e2mara vota terceiriza\u00e7\u00e3o e pode rasgar CLT na ter\u00e7a-feira"},"content":{"rendered":"<p><img data-recalc-dims=\"1\" loading=\"lazy\" decoding=\"async\" data-attachment-id=\"9316\" data-permalink=\"http:\/\/blogdalucianaoliveira.com.br\/blog\/2017\/03\/19\/camara-vota-terceirizacao-e-pode-rasgar-clt-na-terca-feira\/img_4133\/\" data-orig-file=\"https:\/\/i0.wp.com\/blogdalucianaoliveira.com.br\/blog\/wp-content\/uploads\/2017\/03\/IMG_4133.jpg?fit=600%2C387\" data-orig-size=\"600,387\" data-comments-opened=\"0\" data-image-meta=\"{&quot;aperture&quot;:&quot;0&quot;,&quot;credit&quot;:&quot;&quot;,&quot;camera&quot;:&quot;&quot;,&quot;caption&quot;:&quot;&quot;,&quot;created_timestamp&quot;:&quot;0&quot;,&quot;copyright&quot;:&quot;&quot;,&quot;focal_length&quot;:&quot;0&quot;,&quot;iso&quot;:&quot;0&quot;,&quot;shutter_speed&quot;:&quot;0&quot;,&quot;title&quot;:&quot;&quot;,&quot;orientation&quot;:&quot;0&quot;}\" data-image-title=\"IMG_4133\" data-image-description=\"\" data-image-caption=\"\" data-medium-file=\"https:\/\/i0.wp.com\/blogdalucianaoliveira.com.br\/blog\/wp-content\/uploads\/2017\/03\/IMG_4133.jpg?fit=300%2C194\" data-large-file=\"https:\/\/i0.wp.com\/blogdalucianaoliveira.com.br\/blog\/wp-content\/uploads\/2017\/03\/IMG_4133.jpg?fit=600%2C387\" src=\"https:\/\/i0.wp.com\/blogdalucianaoliveira.com.br\/blog\/wp-content\/uploads\/2017\/03\/IMG_4133.jpg?resize=600%2C387\" alt=\"IMG_4133\" width=\"600\" height=\"387\" class=\"alignnone size-full wp-image-9316\" srcset=\"https:\/\/i0.wp.com\/blogdalucianaoliveira.com.br\/blog\/wp-content\/uploads\/2017\/03\/IMG_4133.jpg?w=600 600w, https:\/\/i0.wp.com\/blogdalucianaoliveira.com.br\/blog\/wp-content\/uploads\/2017\/03\/IMG_4133.jpg?resize=300%2C194 300w, https:\/\/i0.wp.com\/blogdalucianaoliveira.com.br\/blog\/wp-content\/uploads\/2017\/03\/IMG_4133.jpg?resize=465%2C300 465w\" sizes=\"auto, (max-width: 600px) 100vw, 600px\" \/><\/p>\n<p>CUT prepara manifesta\u00e7\u00f5es nos aeroportos para pressionar deputados da base do governo a votarem contra o projeto que destr\u00f3i com a CLT<!--more--><\/p>\n<p>O PL 4302, que regulamenta a terceiriza\u00e7\u00e3o na atividade fim das empresas, pode ser votado na pr\u00f3xima ter\u00e7a-feira (21) pela C\u00e2mara dos Deputados. O  projeto tramita em regime de urg\u00eancia na Casa, o que imp\u00f5e um prazo de cinco sess\u00f5es para vota\u00e7\u00e3o, per\u00edodo j\u00e1 expirado.<\/p>\n<p>O relator do projeto, Laercio Oliveira (SD-SE), apresentou um requerimento para discutir o m\u00e9rito e divulgar o parecer da Comiss\u00e3o de Constitui\u00e7\u00e3o e Justi\u00e7a (CCJ) no Plen\u00e1rio da Casa ainda nesta sexta-feira (17).<\/p>\n<p>De acordo com o deputado federal Carlos Zarattini (PT-SP), a tend\u00eancia \u00e9 que o projeto entre, de fato, na pauta da C\u00e2mara na pr\u00f3xima ter\u00e7a-feira (21). \u201cN\u00e3o h\u00e1 muito que possamos fazer no Plen\u00e1rio. A \u00faltima etapa da tramita\u00e7\u00e3o do PL foi vencida e ele ser\u00e1 votado. Podemos obstruir e apresentar alguns destaques, mas estamos limitados\u201d, explicou o parlamentar.<\/p>\n<p>Para Zarattini, a solu\u00e7\u00e3o pode ser o convencimento de deputados em votar contra o projeto. \u201cTemos que convocar a milit\u00e2ncia, a CUT tem um papel importante a\u00ed. Temos que ir aos aeroportos, nos estados de origem dos parlamentares que integram o governo, e pressionar para que rejeitem esse PL criminoso.\u201d<\/p>\n<p>Press\u00e3o contra o fim da CLT<\/p>\n<p>As CUTs estaduais preparam a\u00e7\u00f5es em suas regi\u00f5es. A tend\u00eancia \u00e9 que os aeroportos se tornem palco de grande parte delas, como planeja a CUT-Rio Grande do Sul, que j\u00e1 marcou manifesta\u00e7\u00e3o para a pr\u00f3xima segunda-feira (20), \u00e0s 5h, no aeroporto Salgado Filho, em Porto Alegre.<\/p>\n<p>Para al\u00e9m da press\u00e3o nos aeroportos, a CUT mobiliza suas bases para ocupar o Congresso Nacional na pr\u00f3xima ter\u00e7a-feira (21). Nesta quinta (16) e sexta-feira (17), um encontro do Macrossetor Ind\u00fastria da CUT, na sede da Central, tirou uma convoca\u00e7\u00e3o para que suas bases pressionem os parlamentares.<\/p>\n<p>O Secret\u00e1rio-Geral da CUT, S\u00e9rgio Nobre, alertou que &#8220;no \u00faltimo dia 6, quando nos encontramos com o Rodrigo Maia (presidente da C\u00e2mara dos Deputados), dissemos para ele que poderia entrar para a hist\u00f3ria como quem colocou fim a 70 anos de conquista da classe trabalhadora. E a resposta dele foi que conhecia a posi\u00e7\u00e3o da CUT, respeitava, mas n\u00e3o concordava e iria votar na ter\u00e7a. Ou colocamos muitos trabalhadores na porta do Congresso ou veremos esses parlamentares rasgarem de vez a CLT.\u201d<\/p>\n<p>Coordenadora do macrossetor e presidenta da CNTRV (Confedera\u00e7\u00e3o Nacional dos Trabalhadores do Ramo Vestu\u00e1rio), Francisca Trajano, lideran\u00e7a do ramo vestu\u00e1rio, aponta que a uni\u00e3o das confedera\u00e7\u00f5es da ind\u00fastria, segmentos que podem ser muito afetados pela terceiriza\u00e7\u00e3o sem limites, ser\u00e1 fundamental para tentar barrar o rolo compressor dos golpistas.<\/p>\n<p>\u201cQuando se trata da terceiriza\u00e7\u00e3o, todos seremos muito prejudicados, mas o setor de vestu\u00e1rio perde ainda mais porque haver\u00e1 um grande esfacelamento de trabalhadores, que ficar\u00e3o sem nenhuma prote\u00e7\u00e3o e estar\u00e3o \u00e0 margem da mis\u00e9ria. A CLT e a s\u00famula 331 do TST (Tribunal Superior do Trabalho), refer\u00eancia para julgar o tema, era o que nos dava condi\u00e7\u00e3o de barrar algumas contrata\u00e7\u00f5es abaixo do piso salarial e distante de nossa conven\u00e7\u00e3o coletiva de trabalho\u201d, disse.<\/p>\n<p>Eles querem rasgar a CLT \u2013 Antes do PL 4.302 entrar em pauta, a CUT e representantes dos movimentos sindical e sociais lutaram contra o PLC 30\/15 tem origem no PL 4330\/2014 (Projeto de Lei), de autoria do ex-deputado federal Sandro Mabel (PR-GO), aprovado na C\u00e2mara por 324 votos favor\u00e1veis contra 137 e duas absten\u00e7\u00f5es.<\/p>\n<p>Antiga reivindica\u00e7\u00e3o dos empres\u00e1rios para afrouxar a legisla\u00e7\u00e3o trabalhista, o texto aprofunda um cen\u00e1rio nocivo \u00e1 classe trabalhadora. Segundo o dossi\u00ea \u201cTerceiriza\u00e7\u00e3o e Desenvolvimento, uma conta que n\u00e3o fecha\u201d, lan\u00e7ado em fevereiro deste ano pela CUT e pelo Dieese (Departamento Intersindical de Estat\u00edstica e Estudos Socioecon\u00f4micos), os terceirizados ganham 25% menos, trabalham quatro horas a mais e ficam 2,7 anos a menos no emprego quando comparados com os contratados diretos.<\/p>\n<p>Favorece ainda situa\u00e7\u00f5es an\u00e1logas \u00e0 escravid\u00e3o. O documento aponta que, entre 2010 e 2013, entre os 10 maiores resgates de trabalhadores escravizados, nove eram terceirizados.<\/p>\n<p>Hist\u00f3rico<\/p>\n<p>O PL 4302 foi elaborado durante a gest\u00e3o do ex-presidente Fernando Henrique Cardoso (PSDB) e sua \u00faltima tramita\u00e7\u00e3o foi no ano de 2002. \u00c0 \u00e9poca, apenas 12 dos 81 senadores que hoje ocupam as cadeiras do Senado j\u00e1 tinha mandato.<\/p>\n<p>Fonte: CUT<\/p>\n","protected":false},"excerpt":{"rendered":"<p>CUT prepara manifesta\u00e7\u00f5es nos aeroportos para pressionar deputados da base do governo a votarem contra o projeto que destr\u00f3i com a CLT<\/p>\n","protected":false},"author":1,"featured_media":0,"comment_status":"closed","ping_status":"open","sticky":false,"template":"","format":"standard","meta":{"_exactmetrics_skip_tracking":false,"_exactmetrics_sitenote_active":false,"_exactmetrics_sitenote_note":"","_exactmetrics_sitenote_category":0,"jetpack_post_was_ever_published":false,"_jetpack_newsletter_access":"","_jetpack_dont_email_post_to_subs":false,"_jetpack_newsletter_tier_id":0,"_jetpack_memberships_contains_paywalled_content":false,"_jetpack_memberships_contains_paid_content":false,"footnotes":"","jetpack_publicize_message":"","jetpack_publicize_feature_enabled":true,"jetpack_social_post_already_shared":true,"jetpack_social_options":{"image_generator_settings":{"template":"highway","enabled":false},"version":2}},"categories":[1],"tags":[],"class_list":["post-9315","post","type-post","status-publish","format-standard","hentry","category-notas"],"jetpack_publicize_connections":[],"jetpack_sharing_enabled":true,"jetpack_featured_media_url":"","jetpack_shortlink":"https:\/\/wp.me\/p7wKYW-2qf","jetpack-related-posts":[],"_links":{"self":[{"href":"http:\/\/blogdalucianaoliveira.com.br\/blog\/wp-json\/wp\/v2\/posts\/9315","targetHints":{"allow":["GET"]}}],"collection":[{"href":"http:\/\/blogdalucianaoliveira.com.br\/blog\/wp-json\/wp\/v2\/posts"}],"about":[{"href":"http:\/\/blogdalucianaoliveira.com.br\/blog\/wp-json\/wp\/v2\/types\/post"}],"author":[{"embeddable":true,"href":"http:\/\/blogdalucianaoliveira.com.br\/blog\/wp-json\/wp\/v2\/users\/1"}],"replies":[{"embeddable":true,"href":"http:\/\/blogdalucianaoliveira.com.br\/blog\/wp-json\/wp\/v2\/comments?post=9315"}],"version-history":[{"count":1,"href":"http:\/\/blogdalucianaoliveira.com.br\/blog\/wp-json\/wp\/v2\/posts\/9315\/revisions"}],"predecessor-version":[{"id":9317,"href":"http:\/\/blogdalucianaoliveira.com.br\/blog\/wp-json\/wp\/v2\/posts\/9315\/revisions\/9317"}],"wp:attachment":[{"href":"http:\/\/blogdalucianaoliveira.com.br\/blog\/wp-json\/wp\/v2\/media?parent=9315"}],"wp:term":[{"taxonomy":"category","embeddable":true,"href":"http:\/\/blogdalucianaoliveira.com.br\/blog\/wp-json\/wp\/v2\/categories?post=9315"},{"taxonomy":"post_tag","embeddable":true,"href":"http:\/\/blogdalucianaoliveira.com.br\/blog\/wp-json\/wp\/v2\/tags?post=9315"}],"curies":[{"name":"wp","href":"https:\/\/api.w.org\/{rel}","templated":true}]}}