{"id":9320,"date":"2017-03-19T09:51:16","date_gmt":"2017-03-19T13:51:16","guid":{"rendered":"http:\/\/blogdalucianaoliveira.com.br\/blog\/?p=9320"},"modified":"2017-03-19T09:51:16","modified_gmt":"2017-03-19T13:51:16","slug":"serraglio-tentou-blindar-fiscal-corrupto-e-nao-pode-continuar-ministro","status":"publish","type":"post","link":"http:\/\/blogdalucianaoliveira.com.br\/blog\/2017\/03\/19\/serraglio-tentou-blindar-fiscal-corrupto-e-nao-pode-continuar-ministro\/","title":{"rendered":"SERRAGLIO TENTOU BLINDAR FISCAL CORRUPTO E N\u00c3O PODE CONTINUAR MINISTRO"},"content":{"rendered":"<p><img data-recalc-dims=\"1\" loading=\"lazy\" decoding=\"async\" data-attachment-id=\"9321\" data-permalink=\"http:\/\/blogdalucianaoliveira.com.br\/blog\/2017\/03\/19\/serraglio-tentou-blindar-fiscal-corrupto-e-nao-pode-continuar-ministro\/katia\/\" data-orig-file=\"https:\/\/i0.wp.com\/blogdalucianaoliveira.com.br\/blog\/wp-content\/uploads\/2017\/03\/katia.jpg?fit=1000%2C357\" data-orig-size=\"1000,357\" data-comments-opened=\"0\" data-image-meta=\"{&quot;aperture&quot;:&quot;0&quot;,&quot;credit&quot;:&quot;&quot;,&quot;camera&quot;:&quot;&quot;,&quot;caption&quot;:&quot;&quot;,&quot;created_timestamp&quot;:&quot;0&quot;,&quot;copyright&quot;:&quot;&quot;,&quot;focal_length&quot;:&quot;0&quot;,&quot;iso&quot;:&quot;0&quot;,&quot;shutter_speed&quot;:&quot;0&quot;,&quot;title&quot;:&quot;&quot;,&quot;orientation&quot;:&quot;0&quot;}\" data-image-title=\"katia\" data-image-description=\"\" data-image-caption=\"\" data-medium-file=\"https:\/\/i0.wp.com\/blogdalucianaoliveira.com.br\/blog\/wp-content\/uploads\/2017\/03\/katia.jpg?fit=300%2C107\" data-large-file=\"https:\/\/i0.wp.com\/blogdalucianaoliveira.com.br\/blog\/wp-content\/uploads\/2017\/03\/katia.jpg?fit=600%2C214\" src=\"https:\/\/i0.wp.com\/blogdalucianaoliveira.com.br\/blog\/wp-content\/uploads\/2017\/03\/katia.jpg?resize=600%2C214\" alt=\"katia\" width=\"600\" height=\"214\" class=\"alignnone size-full wp-image-9321\" srcset=\"https:\/\/i0.wp.com\/blogdalucianaoliveira.com.br\/blog\/wp-content\/uploads\/2017\/03\/katia.jpg?w=1000 1000w, https:\/\/i0.wp.com\/blogdalucianaoliveira.com.br\/blog\/wp-content\/uploads\/2017\/03\/katia.jpg?resize=300%2C107 300w, https:\/\/i0.wp.com\/blogdalucianaoliveira.com.br\/blog\/wp-content\/uploads\/2017\/03\/katia.jpg?resize=768%2C274 768w, https:\/\/i0.wp.com\/blogdalucianaoliveira.com.br\/blog\/wp-content\/uploads\/2017\/03\/katia.jpg?resize=800%2C286 800w\" sizes=\"auto, (max-width: 600px) 100vw, 600px\" \/><\/p>\n<p>247 \u2013 Ent\u00e3o ministra da Agricultura da presidente eleita Dilma Rousseff, K\u00e1tia Abreu tentou demitir o fiscal agropecu\u00e1rio Daniel Gon\u00e7alves Filho, sobre quem j\u00e1 pairavam ind\u00edcios de corrup\u00e7\u00e3o, mas foi impedida pela press\u00e3o da bancada do PMDB no Paran\u00e1. <!--more--><\/p>\n<p>Osmar Serraglio, que hoje \u00e9 ministro da Justi\u00e7a, chegou a ir ao gabinete de K\u00e1tia para pedir pela perman\u00eancia de Gon\u00e7alves Filho, a quem chama de &#8220;grande chefe&#8221;, nas conversas interceptadas pela Pol\u00edcia Federal, segundo informa o jornalista Josias de Souza:<\/p>\n<p>N\u00e3o foi por acaso que Osmar Serraglio recorreu ao fiscal agropecu\u00e1rio Daniel Gon\u00e7alves Filho, para pedir que acudisse o dono de um frigor\u00edfico sob fiscaliza\u00e7\u00e3o no Paran\u00e1. No exerc\u00edcio do seu mandato de deputado federal, Serraglio notabilizou-se como um ferrenho protetor pol\u00edtico do personagem. Agora, na pele de ministro da Justi\u00e7a, Serraglio tenta se desvencilhar do seu protegido, acusado pela Pol\u00edcia Federal de liderar a \u201corganiza\u00e7\u00e3o criminosa\u201d desbaratada na Opera\u00e7\u00e3o Carne Fraca.<\/p>\n<p>O blog apurou que Serraglio pegou em lan\u00e7as para tentar impedir que o \u201cgrande chefe\u201d, como se referia a Daniel Gon\u00e7alves Filho, fosse afastado do comando da superintend\u00eancia do Minist\u00e9rio da Agricultura no Paran\u00e1. \u00daltima titular da pasta da Agricultura na gest\u00e3o de Dilma Rousseff, a senadora K\u00e1tia Abreu (PMDB-TO) recebeu Serraglio em seu gabinete no ano passado, antes do impeachment da ex-presidente petista. O visitante estava acompanhado do deputado S\u00e9rgio Souza (PMDB-PR), outro anteparo pol\u00edtico do fiscal da Carne Fraca.<\/p>\n<p>Esc\u00e2ndalo da carne coloca em risco exporta\u00e7\u00f5es anuais de US$ 15 bilh\u00f5es por ano do Brasil e pa\u00edses da Uni\u00e3o Europeia j\u00e1 amea\u00e7am embargar a entrada do produto brasileiro.<\/p>\n<p>Serraglio \u00e9 tamb\u00e9m uma das indica\u00e7\u00f5es de Eduardo Cunha no governo Temer.<\/p>\n","protected":false},"excerpt":{"rendered":"<p>247 \u2013 Ent\u00e3o ministra da Agricultura da presidente eleita Dilma Rousseff, K\u00e1tia Abreu tentou demitir o fiscal agropecu\u00e1rio Daniel Gon\u00e7alves Filho, sobre quem j\u00e1 pairavam ind\u00edcios de corrup\u00e7\u00e3o, mas foi impedida pela press\u00e3o da bancada do PMDB no Paran\u00e1.<\/p>\n","protected":false},"author":1,"featured_media":0,"comment_status":"closed","ping_status":"open","sticky":false,"template":"","format":"standard","meta":{"_exactmetrics_skip_tracking":false,"_exactmetrics_sitenote_active":false,"_exactmetrics_sitenote_note":"","_exactmetrics_sitenote_category":0,"jetpack_post_was_ever_published":false,"_jetpack_newsletter_access":"","_jetpack_dont_email_post_to_subs":false,"_jetpack_newsletter_tier_id":0,"_jetpack_memberships_contains_paywalled_content":false,"_jetpack_memberships_contains_paid_content":false,"footnotes":"","jetpack_publicize_message":"","jetpack_publicize_feature_enabled":true,"jetpack_social_post_already_shared":true,"jetpack_social_options":{"image_generator_settings":{"template":"highway","enabled":false},"version":2}},"categories":[1],"tags":[],"class_list":["post-9320","post","type-post","status-publish","format-standard","hentry","category-notas"],"jetpack_publicize_connections":[],"jetpack_sharing_enabled":true,"jetpack_featured_media_url":"","jetpack_shortlink":"https:\/\/wp.me\/p7wKYW-2qk","jetpack-related-posts":[],"_links":{"self":[{"href":"http:\/\/blogdalucianaoliveira.com.br\/blog\/wp-json\/wp\/v2\/posts\/9320","targetHints":{"allow":["GET"]}}],"collection":[{"href":"http:\/\/blogdalucianaoliveira.com.br\/blog\/wp-json\/wp\/v2\/posts"}],"about":[{"href":"http:\/\/blogdalucianaoliveira.com.br\/blog\/wp-json\/wp\/v2\/types\/post"}],"author":[{"embeddable":true,"href":"http:\/\/blogdalucianaoliveira.com.br\/blog\/wp-json\/wp\/v2\/users\/1"}],"replies":[{"embeddable":true,"href":"http:\/\/blogdalucianaoliveira.com.br\/blog\/wp-json\/wp\/v2\/comments?post=9320"}],"version-history":[{"count":1,"href":"http:\/\/blogdalucianaoliveira.com.br\/blog\/wp-json\/wp\/v2\/posts\/9320\/revisions"}],"predecessor-version":[{"id":9322,"href":"http:\/\/blogdalucianaoliveira.com.br\/blog\/wp-json\/wp\/v2\/posts\/9320\/revisions\/9322"}],"wp:attachment":[{"href":"http:\/\/blogdalucianaoliveira.com.br\/blog\/wp-json\/wp\/v2\/media?parent=9320"}],"wp:term":[{"taxonomy":"category","embeddable":true,"href":"http:\/\/blogdalucianaoliveira.com.br\/blog\/wp-json\/wp\/v2\/categories?post=9320"},{"taxonomy":"post_tag","embeddable":true,"href":"http:\/\/blogdalucianaoliveira.com.br\/blog\/wp-json\/wp\/v2\/tags?post=9320"}],"curies":[{"name":"wp","href":"https:\/\/api.w.org\/{rel}","templated":true}]}}