{"id":9323,"date":"2017-03-19T11:22:15","date_gmt":"2017-03-19T15:22:15","guid":{"rendered":"http:\/\/blogdalucianaoliveira.com.br\/blog\/?p=9323"},"modified":"2017-03-19T11:22:15","modified_gmt":"2017-03-19T15:22:15","slug":"o-dia-em-que-sao-jose-ganhara-forca-na-peleja","status":"publish","type":"post","link":"http:\/\/blogdalucianaoliveira.com.br\/blog\/2017\/03\/19\/o-dia-em-que-sao-jose-ganhara-forca-na-peleja\/","title":{"rendered":"O DIA EM QUE S\u00c3O JOS\u00c9 GANHAR\u00c1 FOR\u00c7A NA PELEJA"},"content":{"rendered":"<p><img data-recalc-dims=\"1\" loading=\"lazy\" decoding=\"async\" data-attachment-id=\"9324\" data-permalink=\"http:\/\/blogdalucianaoliveira.com.br\/blog\/2017\/03\/19\/o-dia-em-que-sao-jose-ganhara-forca-na-peleja\/img_4139\/\" data-orig-file=\"https:\/\/i0.wp.com\/blogdalucianaoliveira.com.br\/blog\/wp-content\/uploads\/2017\/03\/IMG_4139.jpg?fit=896%2C1280\" data-orig-size=\"896,1280\" data-comments-opened=\"0\" data-image-meta=\"{&quot;aperture&quot;:&quot;0&quot;,&quot;credit&quot;:&quot;&quot;,&quot;camera&quot;:&quot;&quot;,&quot;caption&quot;:&quot;&quot;,&quot;created_timestamp&quot;:&quot;0&quot;,&quot;copyright&quot;:&quot;&quot;,&quot;focal_length&quot;:&quot;0&quot;,&quot;iso&quot;:&quot;0&quot;,&quot;shutter_speed&quot;:&quot;0&quot;,&quot;title&quot;:&quot;&quot;,&quot;orientation&quot;:&quot;1&quot;}\" data-image-title=\"IMG_4139\" data-image-description=\"\" data-image-caption=\"\" data-medium-file=\"https:\/\/i0.wp.com\/blogdalucianaoliveira.com.br\/blog\/wp-content\/uploads\/2017\/03\/IMG_4139.jpg?fit=210%2C300\" data-large-file=\"https:\/\/i0.wp.com\/blogdalucianaoliveira.com.br\/blog\/wp-content\/uploads\/2017\/03\/IMG_4139.jpg?fit=600%2C857\" src=\"https:\/\/i0.wp.com\/blogdalucianaoliveira.com.br\/blog\/wp-content\/uploads\/2017\/03\/IMG_4139.jpg?resize=600%2C857\" alt=\"IMG_4139\" width=\"600\" height=\"857\" class=\"alignnone size-full wp-image-9324\" srcset=\"https:\/\/i0.wp.com\/blogdalucianaoliveira.com.br\/blog\/wp-content\/uploads\/2017\/03\/IMG_4139.jpg?w=896 896w, https:\/\/i0.wp.com\/blogdalucianaoliveira.com.br\/blog\/wp-content\/uploads\/2017\/03\/IMG_4139.jpg?resize=210%2C300 210w, https:\/\/i0.wp.com\/blogdalucianaoliveira.com.br\/blog\/wp-content\/uploads\/2017\/03\/IMG_4139.jpg?resize=768%2C1097 768w, https:\/\/i0.wp.com\/blogdalucianaoliveira.com.br\/blog\/wp-content\/uploads\/2017\/03\/IMG_4139.jpg?resize=717%2C1024 717w\" sizes=\"auto, (max-width: 600px) 100vw, 600px\" \/><\/p>\n<p>Para o sertanejo 19 de mar\u00e7o n\u00e3o \u00e9 um dia como outro qualquer. \u00c9 dia de S\u00e3o Jos\u00e9. Se chover \u00e9 sinal que o padroeiro da chuva guarda \u00e1gua e boa colheita para o ano. <!--more--><\/p>\n<p>No Sert\u00e3o paraibano as rezadeiras tamb\u00e9m apelam para S\u00e3o Jos\u00e9 que chova para encher os a\u00e7udes. <\/p>\n<p>Este ano o Santo teve uma ajuda a mais na sua peleja anu\u00e1ria de trazer \u00e1gua para o sertanejo. <\/p>\n<p>As \u00e1guas da Integra\u00e7\u00e3o do Rio S\u00e3o Francisco \u00e0s Bacias do Nordeste Setentrional finalmente chegaram  ao Rio Para\u00edba, pelo Eixo Leste, no munic\u00edpio de Monteiro, no Cariri, onde o pai e a m\u00e3e desta obra se encontram com o povo hoje.<\/p>\n<p>A \u00e1gua que era pouca ficou muita no principal reservat\u00f3rio da cidade. O A\u00e7ude de Po\u00e7\u00f5es agora tem muito mais \u00e1gua e o povo comemora esse milagre com a alegria maior do mundo. <\/p>\n<p>Pode ser o fim das cadernetas de papel de seu Daniel que com quase noventa anos marca cada ano de seca que viveu.<\/p>\n<p>Viva as \u00e1guas do Rio S\u00e3o Francisco que se multiplica como p\u00e3o. E viva S\u00e3o Jos\u00e9 neste 19 de mar\u00e7o t\u00e3o esperado!<\/p>\n<p>Por Cec\u00edlia Capistrano Bacha, de Monteiro, na Para\u00edba, especial para os Jornalistas Livres<\/p>\n<p>S\u00e3o Jos\u00e9 &#8211; Xilogravura de Hamurabi Batista (Juazeiro-CE)<\/p>\n","protected":false},"excerpt":{"rendered":"<p>Para o sertanejo 19 de mar\u00e7o n\u00e3o \u00e9 um dia como outro qualquer. \u00c9 dia de S\u00e3o Jos\u00e9. Se chover \u00e9 sinal que o padroeiro da chuva guarda \u00e1gua e boa colheita para o ano.<\/p>\n","protected":false},"author":1,"featured_media":0,"comment_status":"closed","ping_status":"open","sticky":false,"template":"","format":"standard","meta":{"_exactmetrics_skip_tracking":false,"_exactmetrics_sitenote_active":false,"_exactmetrics_sitenote_note":"","_exactmetrics_sitenote_category":0,"jetpack_post_was_ever_published":false,"_jetpack_newsletter_access":"","_jetpack_dont_email_post_to_subs":false,"_jetpack_newsletter_tier_id":0,"_jetpack_memberships_contains_paywalled_content":false,"_jetpack_memberships_contains_paid_content":false,"footnotes":"","jetpack_publicize_message":"","jetpack_publicize_feature_enabled":true,"jetpack_social_post_already_shared":true,"jetpack_social_options":{"image_generator_settings":{"template":"highway","enabled":false},"version":2}},"categories":[1],"tags":[],"class_list":["post-9323","post","type-post","status-publish","format-standard","hentry","category-notas"],"jetpack_publicize_connections":[],"jetpack_sharing_enabled":true,"jetpack_featured_media_url":"","jetpack_shortlink":"https:\/\/wp.me\/p7wKYW-2qn","jetpack-related-posts":[],"_links":{"self":[{"href":"http:\/\/blogdalucianaoliveira.com.br\/blog\/wp-json\/wp\/v2\/posts\/9323","targetHints":{"allow":["GET"]}}],"collection":[{"href":"http:\/\/blogdalucianaoliveira.com.br\/blog\/wp-json\/wp\/v2\/posts"}],"about":[{"href":"http:\/\/blogdalucianaoliveira.com.br\/blog\/wp-json\/wp\/v2\/types\/post"}],"author":[{"embeddable":true,"href":"http:\/\/blogdalucianaoliveira.com.br\/blog\/wp-json\/wp\/v2\/users\/1"}],"replies":[{"embeddable":true,"href":"http:\/\/blogdalucianaoliveira.com.br\/blog\/wp-json\/wp\/v2\/comments?post=9323"}],"version-history":[{"count":1,"href":"http:\/\/blogdalucianaoliveira.com.br\/blog\/wp-json\/wp\/v2\/posts\/9323\/revisions"}],"predecessor-version":[{"id":9325,"href":"http:\/\/blogdalucianaoliveira.com.br\/blog\/wp-json\/wp\/v2\/posts\/9323\/revisions\/9325"}],"wp:attachment":[{"href":"http:\/\/blogdalucianaoliveira.com.br\/blog\/wp-json\/wp\/v2\/media?parent=9323"}],"wp:term":[{"taxonomy":"category","embeddable":true,"href":"http:\/\/blogdalucianaoliveira.com.br\/blog\/wp-json\/wp\/v2\/categories?post=9323"},{"taxonomy":"post_tag","embeddable":true,"href":"http:\/\/blogdalucianaoliveira.com.br\/blog\/wp-json\/wp\/v2\/tags?post=9323"}],"curies":[{"name":"wp","href":"https:\/\/api.w.org\/{rel}","templated":true}]}}