{"id":9327,"date":"2017-03-19T20:01:10","date_gmt":"2017-03-20T00:01:10","guid":{"rendered":"http:\/\/blogdalucianaoliveira.com.br\/blog\/?p=9327"},"modified":"2017-03-20T08:17:43","modified_gmt":"2017-03-20T12:17:43","slug":"pra-defender-carne-brasileira-temer-leva-comitiva-pra-churrascaria-de-carne-importada","status":"publish","type":"post","link":"http:\/\/blogdalucianaoliveira.com.br\/blog\/2017\/03\/19\/pra-defender-carne-brasileira-temer-leva-comitiva-pra-churrascaria-de-carne-importada\/","title":{"rendered":"Pra defender carne brasileira, Temer oferece jantar em churrascaria de carne importada"},"content":{"rendered":"<p><img data-recalc-dims=\"1\" loading=\"lazy\" decoding=\"async\" data-attachment-id=\"9328\" data-permalink=\"http:\/\/blogdalucianaoliveira.com.br\/blog\/2017\/03\/19\/pra-defender-carne-brasileira-temer-leva-comitiva-pra-churrascaria-de-carne-importada\/tete-3\/\" data-orig-file=\"https:\/\/i0.wp.com\/blogdalucianaoliveira.com.br\/blog\/wp-content\/uploads\/2017\/03\/tete.jpeg?fit=620%2C413\" data-orig-size=\"620,413\" data-comments-opened=\"0\" data-image-meta=\"{&quot;aperture&quot;:&quot;0&quot;,&quot;credit&quot;:&quot;&quot;,&quot;camera&quot;:&quot;&quot;,&quot;caption&quot;:&quot;&quot;,&quot;created_timestamp&quot;:&quot;0&quot;,&quot;copyright&quot;:&quot;\\u00c2\\u00a9 Folhapress 2010 - Todos os direitos reservados \\u00c3\\u00a0 Folhapress&quot;,&quot;focal_length&quot;:&quot;0&quot;,&quot;iso&quot;:&quot;0&quot;,&quot;shutter_speed&quot;:&quot;0&quot;,&quot;title&quot;:&quot;&quot;,&quot;orientation&quot;:&quot;0&quot;}\" data-image-title=\"tete\" data-image-description=\"\" data-image-caption=\"\" data-medium-file=\"https:\/\/i0.wp.com\/blogdalucianaoliveira.com.br\/blog\/wp-content\/uploads\/2017\/03\/tete.jpeg?fit=300%2C200\" data-large-file=\"https:\/\/i0.wp.com\/blogdalucianaoliveira.com.br\/blog\/wp-content\/uploads\/2017\/03\/tete.jpeg?fit=600%2C400\" src=\"https:\/\/i0.wp.com\/blogdalucianaoliveira.com.br\/blog\/wp-content\/uploads\/2017\/03\/tete.jpeg?resize=600%2C400\" alt=\"tete\" width=\"600\" height=\"400\" class=\"alignnone size-full wp-image-9328\" srcset=\"https:\/\/i0.wp.com\/blogdalucianaoliveira.com.br\/blog\/wp-content\/uploads\/2017\/03\/tete.jpeg?w=620 620w, https:\/\/i0.wp.com\/blogdalucianaoliveira.com.br\/blog\/wp-content\/uploads\/2017\/03\/tete.jpeg?resize=300%2C200 300w, https:\/\/i0.wp.com\/blogdalucianaoliveira.com.br\/blog\/wp-content\/uploads\/2017\/03\/tete.jpeg?resize=450%2C300 450w\" sizes=\"auto, (max-width: 600px) 100vw, 600px\" \/><\/p>\n<p>\u00c9 isso mesmo, acredite. Pra tranquilizar o mercado interno e externo ap\u00f3s o esc\u00e2ndalo da Opera\u00e7\u00e3o Carne Fraca que apontou uma s\u00e9rie de irregularidades em frigor\u00edficos do pa\u00eds, Michel Temer levou embaixadores e ministros pra jantar numa churrascaria que se destaca por carnes \u201caustralianas, argentinas, uruguaias e&#8230; brasileiras.\u201d <!--more--><\/p>\n<p>No v\u00eddeo de inaugura\u00e7\u00e3o da Steak Bull, antiga Porc\u00e3o, em Bras\u00edlia, fica claro que o destaque da churrascaria \u00e9 para a oferta de carnes importadas.  <\/p>\n<div class=\"fb-video\" data-allowfullscreen=\"true\" data-href=\"https:\/\/www.facebook.com\/SteakBullChurrascaria\/videos\/1790096621210051\/\"><\/div>\n<p>A carne brasileira \u00e9 a \u00faltima citada como produto nobre da casa.<\/p>\n<p>Segundo o cerimonial do planalto, 27 diplomatas participaram da boca livre, al\u00e9m de ministros e assessores, com buffet a R$ 119 por pessoa.<\/p>\n<p>L\u00e1 cabem 700 pessoas, o que seria uma das justificativas para a escolha do estabelecimento inaugurado em novembro de 2016. ????????<\/p>\n<p><img data-recalc-dims=\"1\" loading=\"lazy\" decoding=\"async\" data-attachment-id=\"9329\" data-permalink=\"http:\/\/blogdalucianaoliveira.com.br\/blog\/2017\/03\/19\/pra-defender-carne-brasileira-temer-leva-comitiva-pra-churrascaria-de-carne-importada\/temer-churrascaria-1\/\" data-orig-file=\"https:\/\/i0.wp.com\/blogdalucianaoliveira.com.br\/blog\/wp-content\/uploads\/2017\/03\/temer-churrascaria-1.png?fit=420%2C236\" data-orig-size=\"420,236\" data-comments-opened=\"0\" data-image-meta=\"{&quot;aperture&quot;:&quot;0&quot;,&quot;credit&quot;:&quot;&quot;,&quot;camera&quot;:&quot;&quot;,&quot;caption&quot;:&quot;&quot;,&quot;created_timestamp&quot;:&quot;0&quot;,&quot;copyright&quot;:&quot;&quot;,&quot;focal_length&quot;:&quot;0&quot;,&quot;iso&quot;:&quot;0&quot;,&quot;shutter_speed&quot;:&quot;0&quot;,&quot;title&quot;:&quot;&quot;,&quot;orientation&quot;:&quot;0&quot;}\" data-image-title=\"temer-churrascaria (1)\" data-image-description=\"\" data-image-caption=\"\" data-medium-file=\"https:\/\/i0.wp.com\/blogdalucianaoliveira.com.br\/blog\/wp-content\/uploads\/2017\/03\/temer-churrascaria-1.png?fit=300%2C169\" data-large-file=\"https:\/\/i0.wp.com\/blogdalucianaoliveira.com.br\/blog\/wp-content\/uploads\/2017\/03\/temer-churrascaria-1.png?fit=420%2C236\" src=\"https:\/\/i0.wp.com\/blogdalucianaoliveira.com.br\/blog\/wp-content\/uploads\/2017\/03\/temer-churrascaria-1.png?resize=420%2C236\" alt=\"temer-churrascaria (1)\" width=\"420\" height=\"236\" class=\"alignnone size-full wp-image-9329\" srcset=\"https:\/\/i0.wp.com\/blogdalucianaoliveira.com.br\/blog\/wp-content\/uploads\/2017\/03\/temer-churrascaria-1.png?w=420 420w, https:\/\/i0.wp.com\/blogdalucianaoliveira.com.br\/blog\/wp-content\/uploads\/2017\/03\/temer-churrascaria-1.png?resize=300%2C169 300w\" sizes=\"auto, (max-width: 420px) 100vw, 420px\" \/><\/p>\n<p>\u201cDe modo que os senhores embaixadores que puderem e quiserem e nos derem a honra da companhia n\u00f3s queremos convid\u00e1-los, \u00e9 no Steak Bull, que \u00e9 o antigo Porc\u00e3o. N\u00f3s vamos indo para l\u00e1 logo mais, se os senhores nos derem a honra, n\u00f3s ficar\u00edamos muito felizes\u201d, chamou Temer.<\/p>\n<p>Quem comeu que tipo de carne, n\u00e3o d\u00e1 pra saber.<\/p>\n<p>O fato \u00e9 que a churrascaria \u00e9 conhecida por cortes nobres de carnes importadas, ou seja, pelo produto da concorr\u00eancia.<\/p>\n<p>Como n\u00e3o lembrar do sapato que Temer comprou na China quando participava da reuni\u00e3o da C\u00fapula do G20?<\/p>\n","protected":false},"excerpt":{"rendered":"<p>\u00c9 isso mesmo, acredite. Pra tranquilizar o mercado interno e externo ap\u00f3s o esc\u00e2ndalo da Opera\u00e7\u00e3o Carne Fraca que apontou uma s\u00e9rie de irregularidades em frigor\u00edficos do pa\u00eds, Michel Temer levou embaixadores e ministros pra jantar numa churrascaria que se destaca por carnes \u201caustralianas, argentinas, uruguaias e&#8230; brasileiras.\u201d<\/p>\n","protected":false},"author":1,"featured_media":0,"comment_status":"closed","ping_status":"open","sticky":false,"template":"","format":"standard","meta":{"_exactmetrics_skip_tracking":false,"_exactmetrics_sitenote_active":false,"_exactmetrics_sitenote_note":"","_exactmetrics_sitenote_category":0,"jetpack_post_was_ever_published":false,"_jetpack_newsletter_access":"","_jetpack_dont_email_post_to_subs":false,"_jetpack_newsletter_tier_id":0,"_jetpack_memberships_contains_paywalled_content":false,"_jetpack_memberships_contains_paid_content":false,"footnotes":"","jetpack_publicize_message":"","jetpack_publicize_feature_enabled":true,"jetpack_social_post_already_shared":true,"jetpack_social_options":{"image_generator_settings":{"template":"highway","enabled":false},"version":2}},"categories":[1],"tags":[],"class_list":["post-9327","post","type-post","status-publish","format-standard","hentry","category-notas"],"jetpack_publicize_connections":[],"jetpack_sharing_enabled":true,"jetpack_featured_media_url":"","jetpack_shortlink":"https:\/\/wp.me\/p7wKYW-2qr","jetpack-related-posts":[],"_links":{"self":[{"href":"http:\/\/blogdalucianaoliveira.com.br\/blog\/wp-json\/wp\/v2\/posts\/9327","targetHints":{"allow":["GET"]}}],"collection":[{"href":"http:\/\/blogdalucianaoliveira.com.br\/blog\/wp-json\/wp\/v2\/posts"}],"about":[{"href":"http:\/\/blogdalucianaoliveira.com.br\/blog\/wp-json\/wp\/v2\/types\/post"}],"author":[{"embeddable":true,"href":"http:\/\/blogdalucianaoliveira.com.br\/blog\/wp-json\/wp\/v2\/users\/1"}],"replies":[{"embeddable":true,"href":"http:\/\/blogdalucianaoliveira.com.br\/blog\/wp-json\/wp\/v2\/comments?post=9327"}],"version-history":[{"count":11,"href":"http:\/\/blogdalucianaoliveira.com.br\/blog\/wp-json\/wp\/v2\/posts\/9327\/revisions"}],"predecessor-version":[{"id":9348,"href":"http:\/\/blogdalucianaoliveira.com.br\/blog\/wp-json\/wp\/v2\/posts\/9327\/revisions\/9348"}],"wp:attachment":[{"href":"http:\/\/blogdalucianaoliveira.com.br\/blog\/wp-json\/wp\/v2\/media?parent=9327"}],"wp:term":[{"taxonomy":"category","embeddable":true,"href":"http:\/\/blogdalucianaoliveira.com.br\/blog\/wp-json\/wp\/v2\/categories?post=9327"},{"taxonomy":"post_tag","embeddable":true,"href":"http:\/\/blogdalucianaoliveira.com.br\/blog\/wp-json\/wp\/v2\/tags?post=9327"}],"curies":[{"name":"wp","href":"https:\/\/api.w.org\/{rel}","templated":true}]}}