{"id":9349,"date":"2017-03-20T08:48:54","date_gmt":"2017-03-20T12:48:54","guid":{"rendered":"http:\/\/blogdalucianaoliveira.com.br\/blog\/?p=9349"},"modified":"2017-03-20T08:48:54","modified_gmt":"2017-03-20T12:48:54","slug":"se-a-opiniao-publica-pautar-decisoes-de-juizes-nao-espere-justica","status":"publish","type":"post","link":"http:\/\/blogdalucianaoliveira.com.br\/blog\/2017\/03\/20\/se-a-opiniao-publica-pautar-decisoes-de-juizes-nao-espere-justica\/","title":{"rendered":"Se a opini\u00e3o p\u00fablica pautar decis\u00f5es de ju\u00edzes, n\u00e3o espere justi\u00e7a"},"content":{"rendered":"<p><img data-recalc-dims=\"1\" loading=\"lazy\" decoding=\"async\" data-attachment-id=\"9350\" data-permalink=\"http:\/\/blogdalucianaoliveira.com.br\/blog\/2017\/03\/20\/se-a-opiniao-publica-pautar-decisoes-de-juizes-nao-espere-justica\/moro1-1\/\" data-orig-file=\"https:\/\/i0.wp.com\/blogdalucianaoliveira.com.br\/blog\/wp-content\/uploads\/2017\/03\/Moro1-1.jpg?fit=689%2C553\" data-orig-size=\"689,553\" data-comments-opened=\"0\" data-image-meta=\"{&quot;aperture&quot;:&quot;0&quot;,&quot;credit&quot;:&quot;&quot;,&quot;camera&quot;:&quot;&quot;,&quot;caption&quot;:&quot;&quot;,&quot;created_timestamp&quot;:&quot;0&quot;,&quot;copyright&quot;:&quot;&quot;,&quot;focal_length&quot;:&quot;0&quot;,&quot;iso&quot;:&quot;0&quot;,&quot;shutter_speed&quot;:&quot;0&quot;,&quot;title&quot;:&quot;&quot;,&quot;orientation&quot;:&quot;0&quot;}\" data-image-title=\"Moro1-1\" data-image-description=\"\" data-image-caption=\"\" data-medium-file=\"https:\/\/i0.wp.com\/blogdalucianaoliveira.com.br\/blog\/wp-content\/uploads\/2017\/03\/Moro1-1.jpg?fit=300%2C241\" data-large-file=\"https:\/\/i0.wp.com\/blogdalucianaoliveira.com.br\/blog\/wp-content\/uploads\/2017\/03\/Moro1-1.jpg?fit=600%2C482\" src=\"https:\/\/i0.wp.com\/blogdalucianaoliveira.com.br\/blog\/wp-content\/uploads\/2017\/03\/Moro1-1.jpg?resize=600%2C482\" alt=\"Moro1-1\" width=\"600\" height=\"482\" class=\"alignnone size-full wp-image-9350\" srcset=\"https:\/\/i0.wp.com\/blogdalucianaoliveira.com.br\/blog\/wp-content\/uploads\/2017\/03\/Moro1-1.jpg?w=689 689w, https:\/\/i0.wp.com\/blogdalucianaoliveira.com.br\/blog\/wp-content\/uploads\/2017\/03\/Moro1-1.jpg?resize=300%2C241 300w, https:\/\/i0.wp.com\/blogdalucianaoliveira.com.br\/blog\/wp-content\/uploads\/2017\/03\/Moro1-1.jpg?resize=374%2C300 374w\" sizes=\"auto, (max-width: 600px) 100vw, 600px\" \/><\/p>\n<p>MORO RECEBE CR\u00cdTICAS AO AGRADECER MANIFESTA\u00c7\u00d5ES NO FACEBOOK<!--more--><\/p>\n<p>Da Revista F\u00f3rum &#8211; O juiz S\u00e9rgio Moro recebeu uma enxurrada de rea\u00e7\u00f5es negativas ao agradecer, em v\u00eddeo no Facebook, \u201cmanifesta\u00e7\u00f5es de carinho\u201d na p\u00e1gina \u201cEu Moro com ele\u201d, criada h\u00e1 um ano por sua esposa no Facebook.<\/p>\n<p>http:\/\/content.jwplatform.com\/previews\/0OG41tgl-WLGkjbVJ<\/p>\n<p><iframe loading=\"lazy\" src=\"http:\/\/content.jwplatform.com\/players\/0OG41tgl-WLGkjbVJ.html\" width=\"480\" height=\"270\" frameborder=\"0\" scrolling=\"auto\"><\/iframe><\/p>\n<p>A qualquer momento que se olhe a postagem, a quantidade de coment\u00e1rios negativos \u00e9 sempre muito maior. A maioria deles cobra a sua falta de imparcialidade, mas muitos fazem ironias com o depoimento do senador A\u00e9cio Neves coberto com tarjas pretas e at\u00e9 a famosa foto do juiz de sorrisos ao lado de A\u00e9cio s\u00e3o vistas ao longo de toda a postagem.<\/p>\n<p><img data-recalc-dims=\"1\" loading=\"lazy\" decoding=\"async\" data-attachment-id=\"9351\" data-permalink=\"http:\/\/blogdalucianaoliveira.com.br\/blog\/2017\/03\/20\/se-a-opiniao-publica-pautar-decisoes-de-juizes-nao-espere-justica\/moro4\/\" data-orig-file=\"https:\/\/i0.wp.com\/blogdalucianaoliveira.com.br\/blog\/wp-content\/uploads\/2017\/03\/Moro4.jpg?fit=639%2C573\" data-orig-size=\"639,573\" data-comments-opened=\"0\" data-image-meta=\"{&quot;aperture&quot;:&quot;0&quot;,&quot;credit&quot;:&quot;&quot;,&quot;camera&quot;:&quot;&quot;,&quot;caption&quot;:&quot;&quot;,&quot;created_timestamp&quot;:&quot;0&quot;,&quot;copyright&quot;:&quot;&quot;,&quot;focal_length&quot;:&quot;0&quot;,&quot;iso&quot;:&quot;0&quot;,&quot;shutter_speed&quot;:&quot;0&quot;,&quot;title&quot;:&quot;&quot;,&quot;orientation&quot;:&quot;0&quot;}\" data-image-title=\"Moro4\" data-image-description=\"\" data-image-caption=\"\" data-medium-file=\"https:\/\/i0.wp.com\/blogdalucianaoliveira.com.br\/blog\/wp-content\/uploads\/2017\/03\/Moro4.jpg?fit=300%2C269\" data-large-file=\"https:\/\/i0.wp.com\/blogdalucianaoliveira.com.br\/blog\/wp-content\/uploads\/2017\/03\/Moro4.jpg?fit=600%2C538\" src=\"https:\/\/i0.wp.com\/blogdalucianaoliveira.com.br\/blog\/wp-content\/uploads\/2017\/03\/Moro4.jpg?resize=600%2C538\" alt=\"Moro4\" width=\"600\" height=\"538\" class=\"alignnone size-full wp-image-9351\" srcset=\"https:\/\/i0.wp.com\/blogdalucianaoliveira.com.br\/blog\/wp-content\/uploads\/2017\/03\/Moro4.jpg?w=639 639w, https:\/\/i0.wp.com\/blogdalucianaoliveira.com.br\/blog\/wp-content\/uploads\/2017\/03\/Moro4.jpg?resize=300%2C269 300w, https:\/\/i0.wp.com\/blogdalucianaoliveira.com.br\/blog\/wp-content\/uploads\/2017\/03\/Moro4.jpg?resize=335%2C300 335w\" sizes=\"auto, (max-width: 600px) 100vw, 600px\" \/><\/p>\n<p>A quantidade de coment\u00e1rios negativos parece contrastar, em muito, com a ultima frase do juiz no v\u00eddeo: \u201cSabendo que n\u00f3s cont\u00e1vamos com o apoio da grande maioria, talvez a totalidade da popula\u00e7\u00e3o\u201d.<\/p>\n<p><img data-recalc-dims=\"1\" loading=\"lazy\" decoding=\"async\" data-attachment-id=\"9352\" data-permalink=\"http:\/\/blogdalucianaoliveira.com.br\/blog\/2017\/03\/20\/se-a-opiniao-publica-pautar-decisoes-de-juizes-nao-espere-justica\/moro3-1\/\" data-orig-file=\"https:\/\/i0.wp.com\/blogdalucianaoliveira.com.br\/blog\/wp-content\/uploads\/2017\/03\/Moro3-1.jpg?fit=651%2C505\" data-orig-size=\"651,505\" data-comments-opened=\"0\" data-image-meta=\"{&quot;aperture&quot;:&quot;0&quot;,&quot;credit&quot;:&quot;&quot;,&quot;camera&quot;:&quot;&quot;,&quot;caption&quot;:&quot;&quot;,&quot;created_timestamp&quot;:&quot;0&quot;,&quot;copyright&quot;:&quot;&quot;,&quot;focal_length&quot;:&quot;0&quot;,&quot;iso&quot;:&quot;0&quot;,&quot;shutter_speed&quot;:&quot;0&quot;,&quot;title&quot;:&quot;&quot;,&quot;orientation&quot;:&quot;0&quot;}\" data-image-title=\"Moro3 (1)\" data-image-description=\"\" data-image-caption=\"\" data-medium-file=\"https:\/\/i0.wp.com\/blogdalucianaoliveira.com.br\/blog\/wp-content\/uploads\/2017\/03\/Moro3-1.jpg?fit=300%2C233\" data-large-file=\"https:\/\/i0.wp.com\/blogdalucianaoliveira.com.br\/blog\/wp-content\/uploads\/2017\/03\/Moro3-1.jpg?fit=600%2C465\" src=\"https:\/\/i0.wp.com\/blogdalucianaoliveira.com.br\/blog\/wp-content\/uploads\/2017\/03\/Moro3-1.jpg?resize=600%2C465\" alt=\"Moro3 (1)\" width=\"600\" height=\"465\" class=\"alignnone size-full wp-image-9352\" srcset=\"https:\/\/i0.wp.com\/blogdalucianaoliveira.com.br\/blog\/wp-content\/uploads\/2017\/03\/Moro3-1.jpg?w=651 651w, https:\/\/i0.wp.com\/blogdalucianaoliveira.com.br\/blog\/wp-content\/uploads\/2017\/03\/Moro3-1.jpg?resize=300%2C233 300w, https:\/\/i0.wp.com\/blogdalucianaoliveira.com.br\/blog\/wp-content\/uploads\/2017\/03\/Moro3-1.jpg?resize=387%2C300 387w\" sizes=\"auto, (max-width: 600px) 100vw, 600px\" \/><\/p>\n","protected":false},"excerpt":{"rendered":"<p>MORO RECEBE CR\u00cdTICAS AO AGRADECER MANIFESTA\u00c7\u00d5ES NO FACEBOOK<\/p>\n","protected":false},"author":1,"featured_media":0,"comment_status":"closed","ping_status":"open","sticky":false,"template":"","format":"standard","meta":{"_exactmetrics_skip_tracking":false,"_exactmetrics_sitenote_active":false,"_exactmetrics_sitenote_note":"","_exactmetrics_sitenote_category":0,"jetpack_post_was_ever_published":false,"_jetpack_newsletter_access":"","_jetpack_dont_email_post_to_subs":false,"_jetpack_newsletter_tier_id":0,"_jetpack_memberships_contains_paywalled_content":false,"_jetpack_memberships_contains_paid_content":false,"footnotes":"","jetpack_publicize_message":"","jetpack_publicize_feature_enabled":true,"jetpack_social_post_already_shared":true,"jetpack_social_options":{"image_generator_settings":{"template":"highway","enabled":false},"version":2}},"categories":[1],"tags":[],"class_list":["post-9349","post","type-post","status-publish","format-standard","hentry","category-notas"],"jetpack_publicize_connections":[],"jetpack_sharing_enabled":true,"jetpack_featured_media_url":"","jetpack_shortlink":"https:\/\/wp.me\/p7wKYW-2qN","jetpack-related-posts":[],"_links":{"self":[{"href":"http:\/\/blogdalucianaoliveira.com.br\/blog\/wp-json\/wp\/v2\/posts\/9349","targetHints":{"allow":["GET"]}}],"collection":[{"href":"http:\/\/blogdalucianaoliveira.com.br\/blog\/wp-json\/wp\/v2\/posts"}],"about":[{"href":"http:\/\/blogdalucianaoliveira.com.br\/blog\/wp-json\/wp\/v2\/types\/post"}],"author":[{"embeddable":true,"href":"http:\/\/blogdalucianaoliveira.com.br\/blog\/wp-json\/wp\/v2\/users\/1"}],"replies":[{"embeddable":true,"href":"http:\/\/blogdalucianaoliveira.com.br\/blog\/wp-json\/wp\/v2\/comments?post=9349"}],"version-history":[{"count":2,"href":"http:\/\/blogdalucianaoliveira.com.br\/blog\/wp-json\/wp\/v2\/posts\/9349\/revisions"}],"predecessor-version":[{"id":9354,"href":"http:\/\/blogdalucianaoliveira.com.br\/blog\/wp-json\/wp\/v2\/posts\/9349\/revisions\/9354"}],"wp:attachment":[{"href":"http:\/\/blogdalucianaoliveira.com.br\/blog\/wp-json\/wp\/v2\/media?parent=9349"}],"wp:term":[{"taxonomy":"category","embeddable":true,"href":"http:\/\/blogdalucianaoliveira.com.br\/blog\/wp-json\/wp\/v2\/categories?post=9349"},{"taxonomy":"post_tag","embeddable":true,"href":"http:\/\/blogdalucianaoliveira.com.br\/blog\/wp-json\/wp\/v2\/tags?post=9349"}],"curies":[{"name":"wp","href":"https:\/\/api.w.org\/{rel}","templated":true}]}}