{"id":9364,"date":"2017-03-20T09:51:59","date_gmt":"2017-03-20T13:51:59","guid":{"rendered":"http:\/\/blogdalucianaoliveira.com.br\/blog\/?p=9364"},"modified":"2017-03-20T16:26:33","modified_gmt":"2017-03-20T20:26:33","slug":"morre-seu-calixto-do-bar-que-virou-refugio-da-cultura-popular","status":"publish","type":"post","link":"http:\/\/blogdalucianaoliveira.com.br\/blog\/2017\/03\/20\/morre-seu-calixto-do-bar-que-virou-refugio-da-cultura-popular\/","title":{"rendered":"MORRE SEU CALIXTO,  DO BAR QUE VIROU REF\u00daGIO DA CULTURA POPULAR"},"content":{"rendered":"<p><img data-recalc-dims=\"1\" loading=\"lazy\" decoding=\"async\" data-attachment-id=\"9365\" data-permalink=\"http:\/\/blogdalucianaoliveira.com.br\/blog\/2017\/03\/20\/morre-seu-calixto-do-bar-que-virou-refugio-da-cultura-popular\/calixto\/\" data-orig-file=\"https:\/\/i0.wp.com\/blogdalucianaoliveira.com.br\/blog\/wp-content\/uploads\/2017\/03\/calixto.jpg?fit=567%2C547\" data-orig-size=\"567,547\" data-comments-opened=\"0\" data-image-meta=\"{&quot;aperture&quot;:&quot;0&quot;,&quot;credit&quot;:&quot;&quot;,&quot;camera&quot;:&quot;&quot;,&quot;caption&quot;:&quot;&quot;,&quot;created_timestamp&quot;:&quot;0&quot;,&quot;copyright&quot;:&quot;&quot;,&quot;focal_length&quot;:&quot;0&quot;,&quot;iso&quot;:&quot;0&quot;,&quot;shutter_speed&quot;:&quot;0&quot;,&quot;title&quot;:&quot;&quot;,&quot;orientation&quot;:&quot;0&quot;}\" data-image-title=\"calixto\" data-image-description=\"\" data-image-caption=\"\" data-medium-file=\"https:\/\/i0.wp.com\/blogdalucianaoliveira.com.br\/blog\/wp-content\/uploads\/2017\/03\/calixto.jpg?fit=300%2C289\" data-large-file=\"https:\/\/i0.wp.com\/blogdalucianaoliveira.com.br\/blog\/wp-content\/uploads\/2017\/03\/calixto.jpg?fit=567%2C547\" src=\"https:\/\/i0.wp.com\/blogdalucianaoliveira.com.br\/blog\/wp-content\/uploads\/2017\/03\/calixto.jpg?resize=567%2C547\" alt=\"calixto\" width=\"567\" height=\"547\" class=\"alignnone size-full wp-image-9365\" srcset=\"https:\/\/i0.wp.com\/blogdalucianaoliveira.com.br\/blog\/wp-content\/uploads\/2017\/03\/calixto.jpg?w=567 567w, https:\/\/i0.wp.com\/blogdalucianaoliveira.com.br\/blog\/wp-content\/uploads\/2017\/03\/calixto.jpg?resize=300%2C289 300w, https:\/\/i0.wp.com\/blogdalucianaoliveira.com.br\/blog\/wp-content\/uploads\/2017\/03\/calixto.jpg?resize=311%2C300 311w\" sizes=\"auto, (max-width: 567px) 100vw, 567px\" \/><\/p>\n<p>Ele nasceu no Par\u00e1, viveu no Rio Grande do Norte e virou figura emblem\u00e1tica da cena cultural de Porto Velho.<!--more--><\/p>\n<p>Seu Calixto, o Francisco Calixto que d\u00e1 nome ao bar com 43 anos de hist\u00f3ria, localizado na esquina das ruas Jaci-Paran\u00e1 e Bras\u00edlia.<\/p>\n<p>O Bloco Calixto &#038; Cia, uma dos mais tradicionais do carnaval de Porto Velho tamb\u00e9m foi criado em sua homenagem. Ele desfilava em cima do trio, sentado numa cadeira, todo de branco.<\/p>\n<p>Seu Calixto permitiu todo tipo de festa popular em seu estabelecimento, promovendo como um dos redutos de cultura mais produtivos da capital, o bairro de Nossa Senhora das Gra\u00e7as, de Santa B\u00e1rbara. L\u00e1 nasceu o bloco com seu nome, o projeto Samba Autoral, o Pagode dos Amigos e onde a Escola de Samba Asfalt\u00e3o realiza seus eventos.<\/p>\n<p><img data-recalc-dims=\"1\" loading=\"lazy\" decoding=\"async\" data-attachment-id=\"9369\" data-permalink=\"http:\/\/blogdalucianaoliveira.com.br\/blog\/2017\/03\/20\/morre-seu-calixto-do-bar-que-virou-refugio-da-cultura-popular\/ca-2\/\" data-orig-file=\"https:\/\/i0.wp.com\/blogdalucianaoliveira.com.br\/blog\/wp-content\/uploads\/2017\/03\/ca.jpg?fit=960%2C720\" data-orig-size=\"960,720\" data-comments-opened=\"0\" data-image-meta=\"{&quot;aperture&quot;:&quot;0&quot;,&quot;credit&quot;:&quot;&quot;,&quot;camera&quot;:&quot;&quot;,&quot;caption&quot;:&quot;&quot;,&quot;created_timestamp&quot;:&quot;0&quot;,&quot;copyright&quot;:&quot;&quot;,&quot;focal_length&quot;:&quot;0&quot;,&quot;iso&quot;:&quot;0&quot;,&quot;shutter_speed&quot;:&quot;0&quot;,&quot;title&quot;:&quot;&quot;,&quot;orientation&quot;:&quot;0&quot;}\" data-image-title=\"ca\" data-image-description=\"\" data-image-caption=\"\" data-medium-file=\"https:\/\/i0.wp.com\/blogdalucianaoliveira.com.br\/blog\/wp-content\/uploads\/2017\/03\/ca.jpg?fit=300%2C225\" data-large-file=\"https:\/\/i0.wp.com\/blogdalucianaoliveira.com.br\/blog\/wp-content\/uploads\/2017\/03\/ca.jpg?fit=600%2C450\" src=\"https:\/\/i0.wp.com\/blogdalucianaoliveira.com.br\/blog\/wp-content\/uploads\/2017\/03\/ca.jpg?resize=600%2C450\" alt=\"ca\" width=\"600\" height=\"450\" class=\"alignnone size-full wp-image-9369\" srcset=\"https:\/\/i0.wp.com\/blogdalucianaoliveira.com.br\/blog\/wp-content\/uploads\/2017\/03\/ca.jpg?w=960 960w, https:\/\/i0.wp.com\/blogdalucianaoliveira.com.br\/blog\/wp-content\/uploads\/2017\/03\/ca.jpg?resize=300%2C225 300w, https:\/\/i0.wp.com\/blogdalucianaoliveira.com.br\/blog\/wp-content\/uploads\/2017\/03\/ca.jpg?resize=768%2C576 768w, https:\/\/i0.wp.com\/blogdalucianaoliveira.com.br\/blog\/wp-content\/uploads\/2017\/03\/ca.jpg?resize=400%2C300 400w\" sizes=\"auto, (max-width: 600px) 100vw, 600px\" \/><\/p>\n<p><img data-recalc-dims=\"1\" loading=\"lazy\" decoding=\"async\" data-attachment-id=\"9371\" data-permalink=\"http:\/\/blogdalucianaoliveira.com.br\/blog\/2017\/03\/20\/morre-seu-calixto-do-bar-que-virou-refugio-da-cultura-popular\/sambaau\/\" data-orig-file=\"https:\/\/i0.wp.com\/blogdalucianaoliveira.com.br\/blog\/wp-content\/uploads\/2017\/03\/sambaau.jpg?fit=871%2C844\" data-orig-size=\"871,844\" data-comments-opened=\"0\" data-image-meta=\"{&quot;aperture&quot;:&quot;0&quot;,&quot;credit&quot;:&quot;&quot;,&quot;camera&quot;:&quot;&quot;,&quot;caption&quot;:&quot;&quot;,&quot;created_timestamp&quot;:&quot;0&quot;,&quot;copyright&quot;:&quot;&quot;,&quot;focal_length&quot;:&quot;0&quot;,&quot;iso&quot;:&quot;0&quot;,&quot;shutter_speed&quot;:&quot;0&quot;,&quot;title&quot;:&quot;&quot;,&quot;orientation&quot;:&quot;0&quot;}\" data-image-title=\"sambaau\" data-image-description=\"\" data-image-caption=\"\" data-medium-file=\"https:\/\/i0.wp.com\/blogdalucianaoliveira.com.br\/blog\/wp-content\/uploads\/2017\/03\/sambaau.jpg?fit=300%2C291\" data-large-file=\"https:\/\/i0.wp.com\/blogdalucianaoliveira.com.br\/blog\/wp-content\/uploads\/2017\/03\/sambaau.jpg?fit=600%2C581\" src=\"https:\/\/i0.wp.com\/blogdalucianaoliveira.com.br\/blog\/wp-content\/uploads\/2017\/03\/sambaau.jpg?resize=600%2C581\" alt=\"sambaau\" width=\"600\" height=\"581\" class=\"alignnone size-full wp-image-9371\" srcset=\"https:\/\/i0.wp.com\/blogdalucianaoliveira.com.br\/blog\/wp-content\/uploads\/2017\/03\/sambaau.jpg?w=871 871w, https:\/\/i0.wp.com\/blogdalucianaoliveira.com.br\/blog\/wp-content\/uploads\/2017\/03\/sambaau.jpg?resize=300%2C291 300w, https:\/\/i0.wp.com\/blogdalucianaoliveira.com.br\/blog\/wp-content\/uploads\/2017\/03\/sambaau.jpg?resize=768%2C744 768w, https:\/\/i0.wp.com\/blogdalucianaoliveira.com.br\/blog\/wp-content\/uploads\/2017\/03\/sambaau.jpg?resize=310%2C300 310w\" sizes=\"auto, (max-width: 600px) 100vw, 600px\" \/><\/p>\n<p><img data-recalc-dims=\"1\" loading=\"lazy\" decoding=\"async\" data-attachment-id=\"9373\" data-permalink=\"http:\/\/blogdalucianaoliveira.com.br\/blog\/2017\/03\/20\/morre-seu-calixto-do-bar-que-virou-refugio-da-cultura-popular\/img_4164\/\" data-orig-file=\"https:\/\/i0.wp.com\/blogdalucianaoliveira.com.br\/blog\/wp-content\/uploads\/2017\/03\/IMG_4164.jpg?fit=1032%2C581\" data-orig-size=\"1032,581\" data-comments-opened=\"0\" data-image-meta=\"{&quot;aperture&quot;:&quot;0&quot;,&quot;credit&quot;:&quot;&quot;,&quot;camera&quot;:&quot;&quot;,&quot;caption&quot;:&quot;&quot;,&quot;created_timestamp&quot;:&quot;0&quot;,&quot;copyright&quot;:&quot;&quot;,&quot;focal_length&quot;:&quot;0&quot;,&quot;iso&quot;:&quot;0&quot;,&quot;shutter_speed&quot;:&quot;0&quot;,&quot;title&quot;:&quot;&quot;,&quot;orientation&quot;:&quot;1&quot;}\" data-image-title=\"IMG_4164\" data-image-description=\"\" data-image-caption=\"\" data-medium-file=\"https:\/\/i0.wp.com\/blogdalucianaoliveira.com.br\/blog\/wp-content\/uploads\/2017\/03\/IMG_4164.jpg?fit=300%2C169\" data-large-file=\"https:\/\/i0.wp.com\/blogdalucianaoliveira.com.br\/blog\/wp-content\/uploads\/2017\/03\/IMG_4164.jpg?fit=600%2C338\" src=\"https:\/\/i0.wp.com\/blogdalucianaoliveira.com.br\/blog\/wp-content\/uploads\/2017\/03\/IMG_4164.jpg?resize=600%2C338\" alt=\"IMG_4164\" width=\"600\" height=\"338\" class=\"alignnone size-full wp-image-9373\" srcset=\"https:\/\/i0.wp.com\/blogdalucianaoliveira.com.br\/blog\/wp-content\/uploads\/2017\/03\/IMG_4164.jpg?w=1032 1032w, https:\/\/i0.wp.com\/blogdalucianaoliveira.com.br\/blog\/wp-content\/uploads\/2017\/03\/IMG_4164.jpg?resize=300%2C169 300w, https:\/\/i0.wp.com\/blogdalucianaoliveira.com.br\/blog\/wp-content\/uploads\/2017\/03\/IMG_4164.jpg?resize=768%2C432 768w, https:\/\/i0.wp.com\/blogdalucianaoliveira.com.br\/blog\/wp-content\/uploads\/2017\/03\/IMG_4164.jpg?resize=1024%2C576 1024w, https:\/\/i0.wp.com\/blogdalucianaoliveira.com.br\/blog\/wp-content\/uploads\/2017\/03\/IMG_4164.jpg?resize=533%2C300 533w\" sizes=\"auto, (max-width: 600px) 100vw, 600px\" \/><\/p>\n<p>O Bar do Calixto \u00e9 um ref\u00fagio da boa m\u00fasica e da amizade.<\/p>\n<p>L\u00e1 ele contava muitas hist\u00f3rias, mas n\u00e3o era de explicar muito as coisas. \u00c0s vezes, parecia o personagem do folclore nordestino, &#8216;Seu Lunga&#8217;, mas sem jamais espantar clientes ou amigos. <\/p>\n<p>Diz que uma vez um garotinho comprou arroz na taberna e minutos depois voltou pra devolver. A m\u00e3e teria reclamado que o arroz estava todo quebrado. &#8220;Ela vai comer o arroz inteiro ou mastigar pra engolir?, teria dito Seu Calixto.<\/p>\n<p>Sem d\u00favida, um morador que jamais ser\u00e1 esquecido por tudo que plantou no imagin\u00e1rio popular. A esquina que tem festa o ano inteiro, onde fica seu bar, perdeu o morador ilustre.<\/p>\n<p>Seu Calixto deixa esposa e tr\u00eas filhos, muitos netos e bisnetos.<\/p>\n<p>Um hora dessas, poetas e compositores j\u00e1 est\u00e3o escrevendo sobre ele.<\/p>\n<p>Quem promove tradi\u00e7\u00f5es n\u00e3o morre.<\/p>\n","protected":false},"excerpt":{"rendered":"<p>Ele nasceu no Par\u00e1, viveu no Rio Grande do Norte e virou figura emblem\u00e1tica da cena cultural de Porto Velho.<\/p>\n","protected":false},"author":1,"featured_media":0,"comment_status":"closed","ping_status":"open","sticky":false,"template":"","format":"standard","meta":{"_exactmetrics_skip_tracking":false,"_exactmetrics_sitenote_active":false,"_exactmetrics_sitenote_note":"","_exactmetrics_sitenote_category":0,"jetpack_post_was_ever_published":false,"_jetpack_newsletter_access":"","_jetpack_dont_email_post_to_subs":false,"_jetpack_newsletter_tier_id":0,"_jetpack_memberships_contains_paywalled_content":false,"_jetpack_memberships_contains_paid_content":false,"footnotes":"","jetpack_publicize_message":"","jetpack_publicize_feature_enabled":true,"jetpack_social_post_already_shared":true,"jetpack_social_options":{"image_generator_settings":{"template":"highway","enabled":false},"version":2}},"categories":[1],"tags":[],"class_list":["post-9364","post","type-post","status-publish","format-standard","hentry","category-notas"],"jetpack_publicize_connections":[],"jetpack_sharing_enabled":true,"jetpack_featured_media_url":"","jetpack_shortlink":"https:\/\/wp.me\/p7wKYW-2r2","jetpack-related-posts":[],"_links":{"self":[{"href":"http:\/\/blogdalucianaoliveira.com.br\/blog\/wp-json\/wp\/v2\/posts\/9364","targetHints":{"allow":["GET"]}}],"collection":[{"href":"http:\/\/blogdalucianaoliveira.com.br\/blog\/wp-json\/wp\/v2\/posts"}],"about":[{"href":"http:\/\/blogdalucianaoliveira.com.br\/blog\/wp-json\/wp\/v2\/types\/post"}],"author":[{"embeddable":true,"href":"http:\/\/blogdalucianaoliveira.com.br\/blog\/wp-json\/wp\/v2\/users\/1"}],"replies":[{"embeddable":true,"href":"http:\/\/blogdalucianaoliveira.com.br\/blog\/wp-json\/wp\/v2\/comments?post=9364"}],"version-history":[{"count":10,"href":"http:\/\/blogdalucianaoliveira.com.br\/blog\/wp-json\/wp\/v2\/posts\/9364\/revisions"}],"predecessor-version":[{"id":9381,"href":"http:\/\/blogdalucianaoliveira.com.br\/blog\/wp-json\/wp\/v2\/posts\/9364\/revisions\/9381"}],"wp:attachment":[{"href":"http:\/\/blogdalucianaoliveira.com.br\/blog\/wp-json\/wp\/v2\/media?parent=9364"}],"wp:term":[{"taxonomy":"category","embeddable":true,"href":"http:\/\/blogdalucianaoliveira.com.br\/blog\/wp-json\/wp\/v2\/categories?post=9364"},{"taxonomy":"post_tag","embeddable":true,"href":"http:\/\/blogdalucianaoliveira.com.br\/blog\/wp-json\/wp\/v2\/tags?post=9364"}],"curies":[{"name":"wp","href":"https:\/\/api.w.org\/{rel}","templated":true}]}}