{"id":937,"date":"2016-05-17T09:05:25","date_gmt":"2016-05-17T13:05:25","guid":{"rendered":"http:\/\/blogdalucianaoliveira.com.br\/blog\/?p=937"},"modified":"2016-05-17T09:05:25","modified_gmt":"2016-05-17T13:05:25","slug":"escandalo-novo-ministro-da-justica-afirma-que-o-governo-de-sao-paulo-e-honesto-mas-grande-midia-abafa","status":"publish","type":"post","link":"http:\/\/blogdalucianaoliveira.com.br\/blog\/2016\/05\/17\/escandalo-novo-ministro-da-justica-afirma-que-o-governo-de-sao-paulo-e-honesto-mas-grande-midia-abafa\/","title":{"rendered":"ESC\u00c2NDALO: Novo ministro da Justi\u00e7a afirma que o governo de S\u00e3o Paulo \u00e9 honesto, mas grande m\u00eddia abafa"},"content":{"rendered":"<p><img data-recalc-dims=\"1\" loading=\"lazy\" decoding=\"async\" data-attachment-id=\"938\" data-permalink=\"http:\/\/blogdalucianaoliveira.com.br\/blog\/2016\/05\/17\/escandalo-novo-ministro-da-justica-afirma-que-o-governo-de-sao-paulo-e-honesto-mas-grande-midia-abafa\/justica\/\" data-orig-file=\"https:\/\/i0.wp.com\/blogdalucianaoliveira.com.br\/blog\/wp-content\/uploads\/2016\/05\/justi%C3%A7a.jpeg?fit=635%2C427\" data-orig-size=\"635,427\" data-comments-opened=\"0\" data-image-meta=\"{&quot;aperture&quot;:&quot;0&quot;,&quot;credit&quot;:&quot;&quot;,&quot;camera&quot;:&quot;&quot;,&quot;caption&quot;:&quot;&quot;,&quot;created_timestamp&quot;:&quot;0&quot;,&quot;copyright&quot;:&quot;&quot;,&quot;focal_length&quot;:&quot;0&quot;,&quot;iso&quot;:&quot;0&quot;,&quot;shutter_speed&quot;:&quot;0&quot;,&quot;title&quot;:&quot;&quot;,&quot;orientation&quot;:&quot;0&quot;}\" data-image-title=\"justi\u00e7a\" data-image-description=\"\" data-image-caption=\"\" data-medium-file=\"https:\/\/i0.wp.com\/blogdalucianaoliveira.com.br\/blog\/wp-content\/uploads\/2016\/05\/justi%C3%A7a.jpeg?fit=300%2C202\" data-large-file=\"https:\/\/i0.wp.com\/blogdalucianaoliveira.com.br\/blog\/wp-content\/uploads\/2016\/05\/justi%C3%A7a.jpeg?fit=600%2C403\" src=\"https:\/\/i0.wp.com\/blogdalucianaoliveira.com.br\/blog\/wp-content\/uploads\/2016\/05\/justi%C3%A7a.jpeg?resize=600%2C403\" alt=\"justi\u00e7a\" width=\"600\" height=\"403\" class=\"alignnone size-full wp-image-938\" srcset=\"https:\/\/i0.wp.com\/blogdalucianaoliveira.com.br\/blog\/wp-content\/uploads\/2016\/05\/justi%C3%A7a.jpeg?w=635 635w, https:\/\/i0.wp.com\/blogdalucianaoliveira.com.br\/blog\/wp-content\/uploads\/2016\/05\/justi%C3%A7a.jpeg?resize=300%2C202 300w, https:\/\/i0.wp.com\/blogdalucianaoliveira.com.br\/blog\/wp-content\/uploads\/2016\/05\/justi%C3%A7a.jpeg?resize=446%2C300 446w\" sizes=\"auto, (max-width: 600px) 100vw, 600px\" \/><\/p>\n<p>Se belisque, bata uma panela na cabe\u00e7a se for necess\u00e1rio, pra ter certeza de que est\u00e1 lendo isso. Parece uma manchete do Sensacionalista, mas n\u00e3o.<!--more--><\/p>\n<p>Em entrevista \u00e0 jornalista M\u00f4nica B\u00e9rgamo, da Folha de S\u00e3o Paulo, O novo Ministro da Justi\u00e7a, Alexandre de Moraes, ao ser indagado sobre a acusa\u00e7\u00e3o de n\u00e3o deixar nada ser investigado no governo de S\u00e3o Paulo quando o integrou, respondeu:<\/p>\n<p>\u201cEu fui membro do Minist\u00e9rio P\u00fablico de S\u00e3o Paulo. Ele n\u00e3o \u00e9 ligado ao PSDB, n\u00e3o faz vista grossa e \u00e9 um exemplo pra outros MPs do pa\u00eds. A \u00fanica diferen\u00e7a em rela\u00e7\u00e3o ao governo federal \u00e9 que O GOVERNO DE S\u00c3O PAULO \u00c9 HONESTO. E um governo honesto, \u00e9 menos investigado porque n\u00e3o tem esc\u00e2ndalos.\u201d<\/p>\n<p>Belisca de novo e continua:<\/p>\n<p>&#8220;Se algu\u00e9m que AQUI e ALI, tem um desvio, o pr\u00f3prio governo investiga&#8221;.<\/p>\n<p>O GOVERNO DE S\u00c3O PAULO \u00c9 HONESTO MINISTRO?<br \/>\nNem vou falar do que ficou pra tr\u00e1s com a constante Opera\u00e7\u00e3o Abafa sobre os governos do PSDB.<br \/>\nImagina! Mais de duas d\u00e9cadas de governos! O que n\u00e3o h\u00e1 de sujeira embaixo desse tapete? N\u00e3o d\u00e1 pro senhor duvidar se coloca a m\u00e3o no fogo?<\/p>\n<p>Vamos falar das fresquinhas.<\/p>\n<p>E o esquema de cartel e fraude \u00e0 licita\u00e7\u00e3o em obras de trem e metr\u00f4 do governo paulista? A den\u00fancia foi aceita em mar\u00e7o deste ano. O trenzinho da alegria dos tucanos.<\/p>\n<p>E a den\u00fancia da m\u00e1fia da merenda? O MPE denuncia o superfaturamento de 25% no valor de cada contrato firmado entre a cooperativa e o setor p\u00fablico. O dinheiro era escoado do Fundo Nacional de Desenvolvimento da Educa\u00e7\u00e3o (FNDE).<br \/>\nO MPE aponta, ainda, o pagamento de propina pela Coaf para burlar a disputa com outras cooperativas no fornecimento da merenda.<\/p>\n<p>\u00c9 um esc\u00e2ndalo a declara\u00e7\u00e3o do novo ministro, mas a grande imprensa n\u00e3o deu destaque.<\/p>\n<p>At\u00e9 quem s\u00f3 tem um &#8216;bot\u00e3o&#8217; pra pensar consegue enxergar o qu\u00e3o \u00e9 preocupante, pois pol\u00edticos do PSDB e de S\u00e3o Paulo, est\u00e3o envolvidos nas investiga\u00e7\u00f5es da Lava Jato. <\/p>\n<p>Com essa predisposi\u00e7\u00e3o do ministro a confiar em tucanos, d\u00e1 pra confiar no ministro?<\/p>\n","protected":false},"excerpt":{"rendered":"<p>Se belisque, bata uma panela na cabe\u00e7a se for necess\u00e1rio, pra ter certeza de que est\u00e1 lendo isso. Parece uma manchete do Sensacionalista, mas n\u00e3o.<\/p>\n","protected":false},"author":1,"featured_media":0,"comment_status":"closed","ping_status":"open","sticky":false,"template":"","format":"standard","meta":{"_exactmetrics_skip_tracking":false,"_exactmetrics_sitenote_active":false,"_exactmetrics_sitenote_note":"","_exactmetrics_sitenote_category":0,"jetpack_post_was_ever_published":false,"_jetpack_newsletter_access":"","_jetpack_dont_email_post_to_subs":false,"_jetpack_newsletter_tier_id":0,"_jetpack_memberships_contains_paywalled_content":false,"_jetpack_memberships_contains_paid_content":false,"footnotes":"","jetpack_publicize_message":"","jetpack_publicize_feature_enabled":true,"jetpack_social_post_already_shared":true,"jetpack_social_options":{"image_generator_settings":{"template":"highway","enabled":false},"version":2}},"categories":[1],"tags":[],"class_list":["post-937","post","type-post","status-publish","format-standard","hentry","category-notas"],"jetpack_publicize_connections":[],"jetpack_sharing_enabled":true,"jetpack_featured_media_url":"","jetpack_shortlink":"https:\/\/wp.me\/p7wKYW-f7","jetpack-related-posts":[],"_links":{"self":[{"href":"http:\/\/blogdalucianaoliveira.com.br\/blog\/wp-json\/wp\/v2\/posts\/937","targetHints":{"allow":["GET"]}}],"collection":[{"href":"http:\/\/blogdalucianaoliveira.com.br\/blog\/wp-json\/wp\/v2\/posts"}],"about":[{"href":"http:\/\/blogdalucianaoliveira.com.br\/blog\/wp-json\/wp\/v2\/types\/post"}],"author":[{"embeddable":true,"href":"http:\/\/blogdalucianaoliveira.com.br\/blog\/wp-json\/wp\/v2\/users\/1"}],"replies":[{"embeddable":true,"href":"http:\/\/blogdalucianaoliveira.com.br\/blog\/wp-json\/wp\/v2\/comments?post=937"}],"version-history":[{"count":2,"href":"http:\/\/blogdalucianaoliveira.com.br\/blog\/wp-json\/wp\/v2\/posts\/937\/revisions"}],"predecessor-version":[{"id":940,"href":"http:\/\/blogdalucianaoliveira.com.br\/blog\/wp-json\/wp\/v2\/posts\/937\/revisions\/940"}],"wp:attachment":[{"href":"http:\/\/blogdalucianaoliveira.com.br\/blog\/wp-json\/wp\/v2\/media?parent=937"}],"wp:term":[{"taxonomy":"category","embeddable":true,"href":"http:\/\/blogdalucianaoliveira.com.br\/blog\/wp-json\/wp\/v2\/categories?post=937"},{"taxonomy":"post_tag","embeddable":true,"href":"http:\/\/blogdalucianaoliveira.com.br\/blog\/wp-json\/wp\/v2\/tags?post=937"}],"curies":[{"name":"wp","href":"https:\/\/api.w.org\/{rel}","templated":true}]}}