{"id":9378,"date":"2017-03-20T16:21:56","date_gmt":"2017-03-20T20:21:56","guid":{"rendered":"http:\/\/blogdalucianaoliveira.com.br\/blog\/?p=9378"},"modified":"2017-03-20T16:21:56","modified_gmt":"2017-03-20T20:21:56","slug":"mpf-e-mpro-obtem-suspensao-de-licenca-da-hidreletrica-de-santo-antonio","status":"publish","type":"post","link":"http:\/\/blogdalucianaoliveira.com.br\/blog\/2017\/03\/20\/mpf-e-mpro-obtem-suspensao-de-licenca-da-hidreletrica-de-santo-antonio\/","title":{"rendered":"MPF e MP\/RO obt\u00eam suspens\u00e3o de licen\u00e7a da Hidrel\u00e9trica de Santo Ant\u00f4nio"},"content":{"rendered":"<p><img data-recalc-dims=\"1\" loading=\"lazy\" decoding=\"async\" data-attachment-id=\"9379\" data-permalink=\"http:\/\/blogdalucianaoliveira.com.br\/blog\/2017\/03\/20\/mpf-e-mpro-obtem-suspensao-de-licenca-da-hidreletrica-de-santo-antonio\/img_4172\/\" data-orig-file=\"https:\/\/i0.wp.com\/blogdalucianaoliveira.com.br\/blog\/wp-content\/uploads\/2017\/03\/IMG_4172.jpg?fit=512%2C288\" data-orig-size=\"512,288\" data-comments-opened=\"0\" data-image-meta=\"{&quot;aperture&quot;:&quot;0&quot;,&quot;credit&quot;:&quot;&quot;,&quot;camera&quot;:&quot;&quot;,&quot;caption&quot;:&quot;&quot;,&quot;created_timestamp&quot;:&quot;0&quot;,&quot;copyright&quot;:&quot;&quot;,&quot;focal_length&quot;:&quot;0&quot;,&quot;iso&quot;:&quot;0&quot;,&quot;shutter_speed&quot;:&quot;0&quot;,&quot;title&quot;:&quot;&quot;,&quot;orientation&quot;:&quot;0&quot;}\" data-image-title=\"IMG_4172\" data-image-description=\"\" data-image-caption=\"\" data-medium-file=\"https:\/\/i0.wp.com\/blogdalucianaoliveira.com.br\/blog\/wp-content\/uploads\/2017\/03\/IMG_4172.jpg?fit=300%2C169\" data-large-file=\"https:\/\/i0.wp.com\/blogdalucianaoliveira.com.br\/blog\/wp-content\/uploads\/2017\/03\/IMG_4172.jpg?fit=512%2C288\" src=\"https:\/\/i0.wp.com\/blogdalucianaoliveira.com.br\/blog\/wp-content\/uploads\/2017\/03\/IMG_4172.jpg?resize=512%2C288\" alt=\"IMG_4172\" width=\"512\" height=\"288\" class=\"alignnone size-full wp-image-9379\" srcset=\"https:\/\/i0.wp.com\/blogdalucianaoliveira.com.br\/blog\/wp-content\/uploads\/2017\/03\/IMG_4172.jpg?w=512 512w, https:\/\/i0.wp.com\/blogdalucianaoliveira.com.br\/blog\/wp-content\/uploads\/2017\/03\/IMG_4172.jpg?resize=300%2C169 300w\" sizes=\"auto, (max-width: 512px) 100vw, 512px\" \/><\/p>\n<p>Licen\u00e7a ambiental da usina est\u00e1 suspensa enquanto o empreendimento n\u00e3o cumprir as condicionantes relacionadas \u00e0 Estrada de Ferro Madeira Mamor\u00e9<!--more--><\/p>\n<p>O Minist\u00e9rio P\u00fablico Federal (MPF) e o Minist\u00e9rio P\u00fablico do Estado de Rond\u00f4nia (MP\/RO) conseguiram decis\u00e3o favor\u00e1vel do Tribunal Regional Federal da 1\u00aa Regi\u00e3o (TRF1) em um recurso. A decis\u00e3o determina que o Ibama suspenda imediatamente a renova\u00e7\u00e3o de licenciamento ambiental da Usina Hidrel\u00e9trica de Santo Ant\u00f4nio at\u00e9 o in\u00edcio das condicionantes relacionadas ao Patrim\u00f4nio Arqueol\u00f3gico, Pr\u00e9-Hist\u00f3rico e Hist\u00f3rico. O cumprimento da decis\u00e3o \u00e9 imediato, sob pena de multa de R$ 50 mil por dia de atraso.<\/p>\n<p>O desembargador federal Souza Prudente determinou tamb\u00e9m que a empresa Santo Ant\u00f4nio Energia S\/A apresente, em 60 dias, tr\u00eas projetos: de reativa\u00e7\u00e3o do percurso da linha da Estrada de Ferro Madeira Mamor\u00e9 (EFMM) at\u00e9 Santo Ant\u00f4nio; de constru\u00e7\u00e3o e implanta\u00e7\u00e3o de um Centro de Mem\u00f3ria dos Trabalhadores da EFMM; e de reativa\u00e7\u00e3o do Cemit\u00e9rio das Locomotivas, abrangendo restaura\u00e7\u00e3o do material rodante, cobertura e prote\u00e7\u00e3o e sinaliza\u00e7\u00e3o tur\u00edstico-cultural.<\/p>\n<p>Em 90 dias a Santo Ant\u00f4nio Energia S\/A tamb\u00e9m deve iniciar as obras, com contrata\u00e7\u00e3o de pessoal, estudos arqueol\u00f3gicos, armazenamento de materiais encontrados, consulta a \u00f3rg\u00e3os p\u00fablicos e \u00e0 sociedade, prote\u00e7\u00e3o de \u00e1reas, aquisi\u00e7\u00e3o de materiais etc.<\/p>\n<p>A decis\u00e3o ainda determina obriga\u00e7\u00f5es a v\u00e1rias institui\u00e7\u00f5es p\u00fablicas. O Instituto do Patrim\u00f4nio Hist\u00f3rico e Art\u00edstico Nacional (Iphan) deve fiscalizar a elabora\u00e7\u00e3o dos projetos e fiscalizar as obras. A Uni\u00e3o deve suspender imediatamente o Contrato de Cess\u00e3o de Uso Gratuito entre a Uni\u00e3o e o Munic\u00edpio de Porto Velho, retomando a administra\u00e7\u00e3o do Complexo da EFMM para a Uni\u00e3o. O Munic\u00edpio de Porto Velho ter\u00e1 que retirar todas as fam\u00edlias que est\u00e3o localizadas pr\u00f3ximas aos trilhos da EFMM. Munic\u00edpio, Estado e Uni\u00e3o est\u00e3o obrigados, pela decis\u00e3o, a acompanhar a execu\u00e7\u00e3o dos projetos.<\/p>\n<p>No recurso encaminhado ao TRF1, MPF e MP\/RO comprovaram que h\u00e1 excessiva demora na revitaliza\u00e7\u00e3o da linha f\u00e9rrea da EFMM, que \u00e9 uma das condicionantes de compensa\u00e7\u00e3o pela constru\u00e7\u00e3o da usina hidrel\u00e9trica de Santo Ant\u00f4nio. Os \u00f3rg\u00e3os apontaram que o in\u00edcio da reativa\u00e7\u00e3o da EFMM deveria ter come\u00e7ado em 2009, pois era umadas condicionantes da licen\u00e7a ambiental concedida em 2011.<\/p>\n<p>O TRF1 j\u00e1 expediu of\u00edcios comunicando sobre a decis\u00e3o ao Ibama, \u00e0 Advocacia-Geral da Uni\u00e3o, ao Iphan, \u00e0 Justi\u00e7a Federal em Rond\u00f4nia, \u00e0 Advocacia-Geral do Estado de Rond\u00f4nia, \u00e0 Advocacia-Geral do Munic\u00edpio de Porto Velho e \u00e0 empresa Santo Ant\u00f4nio Energia S\/A.<\/p>\n<p>A decis\u00e3o foi publicada hoje, 20 de mar\u00e7o, no Di\u00e1rio Eletr\u00f4nico da Justi\u00e7a Federal da 1\u00aa Regi\u00e3o e pode ser consultada no site do TRF1 com o n\u00famero do Agravo de Instrumento 0018746-86.2016.4.01.0000, na se\u00e7\u00e3o Documentos.<\/p>\n<p>Fonte: MPF\/RO (www.mpf.mp.br\/ro)<\/p>\n","protected":false},"excerpt":{"rendered":"<p>Licen\u00e7a ambiental da usina est\u00e1 suspensa enquanto o empreendimento n\u00e3o cumprir as condicionantes relacionadas \u00e0 Estrada de Ferro Madeira Mamor\u00e9<\/p>\n","protected":false},"author":1,"featured_media":0,"comment_status":"closed","ping_status":"open","sticky":false,"template":"","format":"standard","meta":{"_exactmetrics_skip_tracking":false,"_exactmetrics_sitenote_active":false,"_exactmetrics_sitenote_note":"","_exactmetrics_sitenote_category":0,"jetpack_post_was_ever_published":false,"_jetpack_newsletter_access":"","_jetpack_dont_email_post_to_subs":false,"_jetpack_newsletter_tier_id":0,"_jetpack_memberships_contains_paywalled_content":false,"_jetpack_memberships_contains_paid_content":false,"footnotes":"","jetpack_publicize_message":"","jetpack_publicize_feature_enabled":true,"jetpack_social_post_already_shared":true,"jetpack_social_options":{"image_generator_settings":{"template":"highway","enabled":false},"version":2}},"categories":[1],"tags":[],"class_list":["post-9378","post","type-post","status-publish","format-standard","hentry","category-notas"],"jetpack_publicize_connections":[],"jetpack_sharing_enabled":true,"jetpack_featured_media_url":"","jetpack_shortlink":"https:\/\/wp.me\/p7wKYW-2rg","jetpack-related-posts":[],"_links":{"self":[{"href":"http:\/\/blogdalucianaoliveira.com.br\/blog\/wp-json\/wp\/v2\/posts\/9378","targetHints":{"allow":["GET"]}}],"collection":[{"href":"http:\/\/blogdalucianaoliveira.com.br\/blog\/wp-json\/wp\/v2\/posts"}],"about":[{"href":"http:\/\/blogdalucianaoliveira.com.br\/blog\/wp-json\/wp\/v2\/types\/post"}],"author":[{"embeddable":true,"href":"http:\/\/blogdalucianaoliveira.com.br\/blog\/wp-json\/wp\/v2\/users\/1"}],"replies":[{"embeddable":true,"href":"http:\/\/blogdalucianaoliveira.com.br\/blog\/wp-json\/wp\/v2\/comments?post=9378"}],"version-history":[{"count":1,"href":"http:\/\/blogdalucianaoliveira.com.br\/blog\/wp-json\/wp\/v2\/posts\/9378\/revisions"}],"predecessor-version":[{"id":9380,"href":"http:\/\/blogdalucianaoliveira.com.br\/blog\/wp-json\/wp\/v2\/posts\/9378\/revisions\/9380"}],"wp:attachment":[{"href":"http:\/\/blogdalucianaoliveira.com.br\/blog\/wp-json\/wp\/v2\/media?parent=9378"}],"wp:term":[{"taxonomy":"category","embeddable":true,"href":"http:\/\/blogdalucianaoliveira.com.br\/blog\/wp-json\/wp\/v2\/categories?post=9378"},{"taxonomy":"post_tag","embeddable":true,"href":"http:\/\/blogdalucianaoliveira.com.br\/blog\/wp-json\/wp\/v2\/tags?post=9378"}],"curies":[{"name":"wp","href":"https:\/\/api.w.org\/{rel}","templated":true}]}}