{"id":9391,"date":"2017-03-21T10:17:09","date_gmt":"2017-03-21T14:17:09","guid":{"rendered":"http:\/\/blogdalucianaoliveira.com.br\/blog\/?p=9391"},"modified":"2017-03-21T10:17:09","modified_gmt":"2017-03-21T14:17:09","slug":"ditadura-blogueiro-preso-por-crime-de-opiniao","status":"publish","type":"post","link":"http:\/\/blogdalucianaoliveira.com.br\/blog\/2017\/03\/21\/ditadura-blogueiro-preso-por-crime-de-opiniao\/","title":{"rendered":"DITADURA: BLOGUEIRO PRESO POR CRIME DE OPINI\u00c3O"},"content":{"rendered":"<p><img data-recalc-dims=\"1\" loading=\"lazy\" decoding=\"async\" data-attachment-id=\"9392\" data-permalink=\"http:\/\/blogdalucianaoliveira.com.br\/blog\/2017\/03\/21\/ditadura-blogueiro-preso-por-crime-de-opiniao\/ditadura-abaixo-a-ditadura\/\" data-orig-file=\"https:\/\/i0.wp.com\/blogdalucianaoliveira.com.br\/blog\/wp-content\/uploads\/2017\/03\/Ditadura-Abaixo-a-ditadura.jpg?fit=520%2C365\" data-orig-size=\"520,365\" data-comments-opened=\"0\" data-image-meta=\"{&quot;aperture&quot;:&quot;0&quot;,&quot;credit&quot;:&quot;&quot;,&quot;camera&quot;:&quot;&quot;,&quot;caption&quot;:&quot;&quot;,&quot;created_timestamp&quot;:&quot;0&quot;,&quot;copyright&quot;:&quot;&quot;,&quot;focal_length&quot;:&quot;0&quot;,&quot;iso&quot;:&quot;0&quot;,&quot;shutter_speed&quot;:&quot;0&quot;,&quot;title&quot;:&quot;&quot;,&quot;orientation&quot;:&quot;0&quot;}\" data-image-title=\"Ditadura-Abaixo-a-ditadura\" data-image-description=\"\" data-image-caption=\"\" data-medium-file=\"https:\/\/i0.wp.com\/blogdalucianaoliveira.com.br\/blog\/wp-content\/uploads\/2017\/03\/Ditadura-Abaixo-a-ditadura.jpg?fit=300%2C211\" data-large-file=\"https:\/\/i0.wp.com\/blogdalucianaoliveira.com.br\/blog\/wp-content\/uploads\/2017\/03\/Ditadura-Abaixo-a-ditadura.jpg?fit=520%2C365\" src=\"https:\/\/i0.wp.com\/blogdalucianaoliveira.com.br\/blog\/wp-content\/uploads\/2017\/03\/Ditadura-Abaixo-a-ditadura.jpg?resize=520%2C365\" alt=\"Ditadura-Abaixo-a-ditadura\" width=\"520\" height=\"365\" class=\"alignnone size-full wp-image-9392\" srcset=\"https:\/\/i0.wp.com\/blogdalucianaoliveira.com.br\/blog\/wp-content\/uploads\/2017\/03\/Ditadura-Abaixo-a-ditadura.jpg?w=520 520w, https:\/\/i0.wp.com\/blogdalucianaoliveira.com.br\/blog\/wp-content\/uploads\/2017\/03\/Ditadura-Abaixo-a-ditadura.jpg?resize=300%2C211 300w, https:\/\/i0.wp.com\/blogdalucianaoliveira.com.br\/blog\/wp-content\/uploads\/2017\/03\/Ditadura-Abaixo-a-ditadura.jpg?resize=427%2C300 427w\" sizes=\"auto, (max-width: 520px) 100vw, 520px\" \/><\/p>\n<p>\u00c9 pior do que se pensava: Edu est\u00e1 sendo mantido incomunic\u00e1vel<\/p>\n<p>As \u00faltimas informa\u00e7\u00f5es que chegam sobre o blogueiro Eduardo Guimar\u00e3es mostram uma situa\u00e7\u00e3o ainda mais grave do que se pensava.<\/p>\n<p>Os relatos s\u00e3o de advogados e pessoas pr\u00f3ximas ao blogueiro.<!--more--><\/p>\n<p>A PF chegou \u00e0s cinco da manh\u00e3 em seu pr\u00e9dio, n\u00e3o permitiram que o porteiro interfonasse, esmurraram sua porta, entraram no apartamento e reviraram tudo.<\/p>\n<p>Apreenderam seu celular e aparelhos eletr\u00f4nicos.<\/p>\n<p>E foi levado, mediante condu\u00e7\u00e3o coercitiva, por homens fortemente armados.<\/p>\n<p>N\u00e3o foi permitido que ele fizesse contato com seus advogados, o que \u00e9 obstru\u00e7\u00e3o de justi\u00e7a.<\/p>\n<p>No momento, Eduardo est\u00e1 sendo mantido incomunic\u00e1vel nas depend\u00eancias da Pol\u00edcia Federal, na Lapa, S\u00e3o Paulo.<\/p>\n<p>Eduardo Guimar\u00e3es tem uma filha pequena com grav\u00edssimos problemas de sa\u00fade, que precisa de aten\u00e7\u00e3o constante da fam\u00edlia.<\/p>\n<p>A raz\u00e3o de toda essa viol\u00eancia?<\/p>\n<p>Querem saber quem vazou informa\u00e7\u00f5es para Eduardo Guimar\u00e3es, sobre a condu\u00e7\u00e3o coercitiva de Lula.<\/p>\n<p>A imprensa vaza informa\u00e7\u00f5es, dela\u00e7\u00f5es, dados, todos os dias, h\u00e1 dois anos, desde o in\u00edcio da Opera\u00e7\u00e3o Lava Jato, mas quando aparece o primeiro vazamento que mostra o jogo armado entre Pol\u00edcia Federal, MP e m\u00eddia, os meganhas correm para censurar, intimidar e, agora, violentar a liberdade de um cidad\u00e3o brasileiro, jornalista e blogueiro.<\/p>\n<p>Na verdade, Eduardo Guimar\u00e3es foi preso (condu\u00e7\u00e3o coercitiva \u00e9 sequestro judicial e pris\u00e3o) por crime de opini\u00e3o.<\/p>\n<p>Os pr\u00f3prios advogados de Eduardo Guimar\u00e3es est\u00e3o assustados. Dizem que Eduardo Guimar\u00e3es pode estar sendo v\u00edtima, neste momento, de tortura psicol\u00f3gica.<\/p>\n<p>Coisa de ditadura mesmo.<\/p>\n<p>E a m\u00eddia, quietinha e c\u00famplice desse autoritarismo, como sempre.<\/p>\n","protected":false},"excerpt":{"rendered":"<p>\u00c9 pior do que se pensava: Edu est\u00e1 sendo mantido incomunic\u00e1vel As \u00faltimas informa\u00e7\u00f5es que chegam sobre o blogueiro Eduardo Guimar\u00e3es mostram uma situa\u00e7\u00e3o ainda mais grave do que se pensava. Os relatos s\u00e3o de advogados e pessoas pr\u00f3ximas ao blogueiro.<\/p>\n","protected":false},"author":1,"featured_media":0,"comment_status":"closed","ping_status":"open","sticky":false,"template":"","format":"standard","meta":{"_exactmetrics_skip_tracking":false,"_exactmetrics_sitenote_active":false,"_exactmetrics_sitenote_note":"","_exactmetrics_sitenote_category":0,"jetpack_post_was_ever_published":false,"_jetpack_newsletter_access":"","_jetpack_dont_email_post_to_subs":false,"_jetpack_newsletter_tier_id":0,"_jetpack_memberships_contains_paywalled_content":false,"_jetpack_memberships_contains_paid_content":false,"footnotes":"","jetpack_publicize_message":"","jetpack_publicize_feature_enabled":true,"jetpack_social_post_already_shared":true,"jetpack_social_options":{"image_generator_settings":{"template":"highway","enabled":false},"version":2}},"categories":[1],"tags":[],"class_list":["post-9391","post","type-post","status-publish","format-standard","hentry","category-notas"],"jetpack_publicize_connections":[],"jetpack_sharing_enabled":true,"jetpack_featured_media_url":"","jetpack_shortlink":"https:\/\/wp.me\/p7wKYW-2rt","jetpack-related-posts":[],"_links":{"self":[{"href":"http:\/\/blogdalucianaoliveira.com.br\/blog\/wp-json\/wp\/v2\/posts\/9391","targetHints":{"allow":["GET"]}}],"collection":[{"href":"http:\/\/blogdalucianaoliveira.com.br\/blog\/wp-json\/wp\/v2\/posts"}],"about":[{"href":"http:\/\/blogdalucianaoliveira.com.br\/blog\/wp-json\/wp\/v2\/types\/post"}],"author":[{"embeddable":true,"href":"http:\/\/blogdalucianaoliveira.com.br\/blog\/wp-json\/wp\/v2\/users\/1"}],"replies":[{"embeddable":true,"href":"http:\/\/blogdalucianaoliveira.com.br\/blog\/wp-json\/wp\/v2\/comments?post=9391"}],"version-history":[{"count":1,"href":"http:\/\/blogdalucianaoliveira.com.br\/blog\/wp-json\/wp\/v2\/posts\/9391\/revisions"}],"predecessor-version":[{"id":9393,"href":"http:\/\/blogdalucianaoliveira.com.br\/blog\/wp-json\/wp\/v2\/posts\/9391\/revisions\/9393"}],"wp:attachment":[{"href":"http:\/\/blogdalucianaoliveira.com.br\/blog\/wp-json\/wp\/v2\/media?parent=9391"}],"wp:term":[{"taxonomy":"category","embeddable":true,"href":"http:\/\/blogdalucianaoliveira.com.br\/blog\/wp-json\/wp\/v2\/categories?post=9391"},{"taxonomy":"post_tag","embeddable":true,"href":"http:\/\/blogdalucianaoliveira.com.br\/blog\/wp-json\/wp\/v2\/tags?post=9391"}],"curies":[{"name":"wp","href":"https:\/\/api.w.org\/{rel}","templated":true}]}}