{"id":9395,"date":"2017-03-21T10:37:07","date_gmt":"2017-03-21T14:37:07","guid":{"rendered":"http:\/\/blogdalucianaoliveira.com.br\/blog\/?p=9395"},"modified":"2017-03-21T10:37:07","modified_gmt":"2017-03-21T14:37:07","slug":"pela-1a-vez-na-decada-brasil-deixa-de-avancar-em-ranking-de-qualidade-de-vida","status":"publish","type":"post","link":"http:\/\/blogdalucianaoliveira.com.br\/blog\/2017\/03\/21\/pela-1a-vez-na-decada-brasil-deixa-de-avancar-em-ranking-de-qualidade-de-vida\/","title":{"rendered":"Pela 1\u00aa vez na d\u00e9cada, Brasil deixa de avan\u00e7ar em ranking de qualidade de vida"},"content":{"rendered":"<p> <img data-recalc-dims=\"1\" loading=\"lazy\" decoding=\"async\" data-attachment-id=\"9396\" data-permalink=\"http:\/\/blogdalucianaoliveira.com.br\/blog\/2017\/03\/21\/pela-1a-vez-na-decada-brasil-deixa-de-avancar-em-ranking-de-qualidade-de-vida\/criancas-brincam-em-area-alagada-de-favela-do-recife-1489515532050_615x470\/\" data-orig-file=\"https:\/\/i0.wp.com\/blogdalucianaoliveira.com.br\/blog\/wp-content\/uploads\/2017\/03\/criancas-brincam-em-area-alagada-de-favela-do-recife-1489515532050_615x470.jpg?fit=615%2C470\" data-orig-size=\"615,470\" data-comments-opened=\"0\" data-image-meta=\"{&quot;aperture&quot;:&quot;0&quot;,&quot;credit&quot;:&quot;&quot;,&quot;camera&quot;:&quot;&quot;,&quot;caption&quot;:&quot;&quot;,&quot;created_timestamp&quot;:&quot;0&quot;,&quot;copyright&quot;:&quot;&quot;,&quot;focal_length&quot;:&quot;0&quot;,&quot;iso&quot;:&quot;0&quot;,&quot;shutter_speed&quot;:&quot;0&quot;,&quot;title&quot;:&quot;&quot;,&quot;orientation&quot;:&quot;0&quot;}\" data-image-title=\"criancas-brincam-em-area-alagada-de-favela-do-recife-1489515532050_615x470\" data-image-description=\"\" data-image-caption=\"\" data-medium-file=\"https:\/\/i0.wp.com\/blogdalucianaoliveira.com.br\/blog\/wp-content\/uploads\/2017\/03\/criancas-brincam-em-area-alagada-de-favela-do-recife-1489515532050_615x470.jpg?fit=300%2C229\" data-large-file=\"https:\/\/i0.wp.com\/blogdalucianaoliveira.com.br\/blog\/wp-content\/uploads\/2017\/03\/criancas-brincam-em-area-alagada-de-favela-do-recife-1489515532050_615x470.jpg?fit=600%2C459\" src=\"https:\/\/i0.wp.com\/blogdalucianaoliveira.com.br\/blog\/wp-content\/uploads\/2017\/03\/criancas-brincam-em-area-alagada-de-favela-do-recife-1489515532050_615x470.jpg?resize=600%2C459\" alt=\"criancas-brincam-em-area-alagada-de-favela-do-recife-1489515532050_615x470\" width=\"600\" height=\"459\" class=\"alignnone size-full wp-image-9396\" srcset=\"https:\/\/i0.wp.com\/blogdalucianaoliveira.com.br\/blog\/wp-content\/uploads\/2017\/03\/criancas-brincam-em-area-alagada-de-favela-do-recife-1489515532050_615x470.jpg?w=615 615w, https:\/\/i0.wp.com\/blogdalucianaoliveira.com.br\/blog\/wp-content\/uploads\/2017\/03\/criancas-brincam-em-area-alagada-de-favela-do-recife-1489515532050_615x470.jpg?resize=300%2C229 300w, https:\/\/i0.wp.com\/blogdalucianaoliveira.com.br\/blog\/wp-content\/uploads\/2017\/03\/criancas-brincam-em-area-alagada-de-favela-do-recife-1489515532050_615x470.jpg?resize=393%2C300 393w\" sizes=\"auto, (max-width: 600px) 100vw, 600px\" \/><\/p>\n<p>\u00c9 o que revela o ranking internacional de desenvolvimento humano da ONU, nesta ter\u00e7a-feira, 21.<\/p>\n<p>O Brasil recebeu a mesma nota de 2016, 0,754, o que o coloca na 79 entre 188 pa\u00edses.<\/p>\n<p>Os cinco primeiros pa\u00edses na lista s\u00e3o: Noruega (0,949), Austr\u00e1lia e Su\u00ed\u00e7a (0,939), Alemanha (0,926) e Dinamarca e Cingapura (0,925).<\/p>\n<p>&#8220;Na Am\u00e9rica do Sul, o pa\u00eds tem o quinto maior IDH, ficando atr\u00e1s de Chile, Argentina, Uruguai e Venezuela (nesta ordem). Argentina, Chile e Uruguai t\u00eam todos os indicadores maiores do que os brasileiros&#8221;, conforme o levantamento.<\/p>\n","protected":false},"excerpt":{"rendered":"<p>\u00c9 o que revela o ranking internacional de desenvolvimento humano da ONU, nesta ter\u00e7a-feira, 21. O Brasil recebeu a mesma nota de 2016, 0,754, o que o coloca na 79 entre 188 pa\u00edses. Os cinco primeiros pa\u00edses na lista s\u00e3o: Noruega (0,949), Austr\u00e1lia e Su\u00ed\u00e7a (0,939), Alemanha (0,926) e Dinamarca e Cingapura (0,925). &#8220;Na Am\u00e9rica&#8230;<a class=\"more-link\" href=\"http:\/\/blogdalucianaoliveira.com.br\/blog\/2017\/03\/21\/pela-1a-vez-na-decada-brasil-deixa-de-avancar-em-ranking-de-qualidade-de-vida\/\">Continue a leitura <span class=\"meta-nav\">&raquo;<\/span><\/a><\/p>\n","protected":false},"author":1,"featured_media":0,"comment_status":"closed","ping_status":"open","sticky":false,"template":"","format":"standard","meta":{"_exactmetrics_skip_tracking":false,"_exactmetrics_sitenote_active":false,"_exactmetrics_sitenote_note":"","_exactmetrics_sitenote_category":0,"jetpack_post_was_ever_published":false,"_jetpack_newsletter_access":"","_jetpack_dont_email_post_to_subs":false,"_jetpack_newsletter_tier_id":0,"_jetpack_memberships_contains_paywalled_content":false,"_jetpack_memberships_contains_paid_content":false,"footnotes":"","jetpack_publicize_message":"","jetpack_publicize_feature_enabled":true,"jetpack_social_post_already_shared":true,"jetpack_social_options":{"image_generator_settings":{"template":"highway","enabled":false},"version":2}},"categories":[1],"tags":[],"class_list":["post-9395","post","type-post","status-publish","format-standard","hentry","category-notas"],"jetpack_publicize_connections":[],"jetpack_sharing_enabled":true,"jetpack_featured_media_url":"","jetpack_shortlink":"https:\/\/wp.me\/p7wKYW-2rx","jetpack-related-posts":[],"_links":{"self":[{"href":"http:\/\/blogdalucianaoliveira.com.br\/blog\/wp-json\/wp\/v2\/posts\/9395","targetHints":{"allow":["GET"]}}],"collection":[{"href":"http:\/\/blogdalucianaoliveira.com.br\/blog\/wp-json\/wp\/v2\/posts"}],"about":[{"href":"http:\/\/blogdalucianaoliveira.com.br\/blog\/wp-json\/wp\/v2\/types\/post"}],"author":[{"embeddable":true,"href":"http:\/\/blogdalucianaoliveira.com.br\/blog\/wp-json\/wp\/v2\/users\/1"}],"replies":[{"embeddable":true,"href":"http:\/\/blogdalucianaoliveira.com.br\/blog\/wp-json\/wp\/v2\/comments?post=9395"}],"version-history":[{"count":1,"href":"http:\/\/blogdalucianaoliveira.com.br\/blog\/wp-json\/wp\/v2\/posts\/9395\/revisions"}],"predecessor-version":[{"id":9397,"href":"http:\/\/blogdalucianaoliveira.com.br\/blog\/wp-json\/wp\/v2\/posts\/9395\/revisions\/9397"}],"wp:attachment":[{"href":"http:\/\/blogdalucianaoliveira.com.br\/blog\/wp-json\/wp\/v2\/media?parent=9395"}],"wp:term":[{"taxonomy":"category","embeddable":true,"href":"http:\/\/blogdalucianaoliveira.com.br\/blog\/wp-json\/wp\/v2\/categories?post=9395"},{"taxonomy":"post_tag","embeddable":true,"href":"http:\/\/blogdalucianaoliveira.com.br\/blog\/wp-json\/wp\/v2\/tags?post=9395"}],"curies":[{"name":"wp","href":"https:\/\/api.w.org\/{rel}","templated":true}]}}