{"id":9406,"date":"2017-03-21T17:18:57","date_gmt":"2017-03-21T21:18:57","guid":{"rendered":"http:\/\/blogdalucianaoliveira.com.br\/blog\/?p=9406"},"modified":"2017-03-21T17:18:57","modified_gmt":"2017-03-21T21:18:57","slug":"nassif-decisao-de-moro-contra-guimaraes-e-revanche","status":"publish","type":"post","link":"http:\/\/blogdalucianaoliveira.com.br\/blog\/2017\/03\/21\/nassif-decisao-de-moro-contra-guimaraes-e-revanche\/","title":{"rendered":"NASSIF: DECIS\u00c3O DE MORO CONTRA GUIMAR\u00c3ES \u00c9 REVANCHE"},"content":{"rendered":"<p><img data-recalc-dims=\"1\" loading=\"lazy\" decoding=\"async\" data-attachment-id=\"9407\" data-permalink=\"http:\/\/blogdalucianaoliveira.com.br\/blog\/2017\/03\/21\/nassif-decisao-de-moro-contra-guimaraes-e-revanche\/reva\/\" data-orig-file=\"https:\/\/i0.wp.com\/blogdalucianaoliveira.com.br\/blog\/wp-content\/uploads\/2017\/03\/reva.jpg?fit=1000%2C357\" data-orig-size=\"1000,357\" data-comments-opened=\"0\" data-image-meta=\"{&quot;aperture&quot;:&quot;0&quot;,&quot;credit&quot;:&quot;&quot;,&quot;camera&quot;:&quot;&quot;,&quot;caption&quot;:&quot;&quot;,&quot;created_timestamp&quot;:&quot;0&quot;,&quot;copyright&quot;:&quot;&quot;,&quot;focal_length&quot;:&quot;0&quot;,&quot;iso&quot;:&quot;0&quot;,&quot;shutter_speed&quot;:&quot;0&quot;,&quot;title&quot;:&quot;&quot;,&quot;orientation&quot;:&quot;0&quot;}\" data-image-title=\"reva\" data-image-description=\"\" data-image-caption=\"\" data-medium-file=\"https:\/\/i0.wp.com\/blogdalucianaoliveira.com.br\/blog\/wp-content\/uploads\/2017\/03\/reva.jpg?fit=300%2C107\" data-large-file=\"https:\/\/i0.wp.com\/blogdalucianaoliveira.com.br\/blog\/wp-content\/uploads\/2017\/03\/reva.jpg?fit=600%2C214\" src=\"https:\/\/i0.wp.com\/blogdalucianaoliveira.com.br\/blog\/wp-content\/uploads\/2017\/03\/reva.jpg?resize=600%2C214\" alt=\"reva\" width=\"600\" height=\"214\" class=\"alignnone size-full wp-image-9407\" srcset=\"https:\/\/i0.wp.com\/blogdalucianaoliveira.com.br\/blog\/wp-content\/uploads\/2017\/03\/reva.jpg?w=1000 1000w, https:\/\/i0.wp.com\/blogdalucianaoliveira.com.br\/blog\/wp-content\/uploads\/2017\/03\/reva.jpg?resize=300%2C107 300w, https:\/\/i0.wp.com\/blogdalucianaoliveira.com.br\/blog\/wp-content\/uploads\/2017\/03\/reva.jpg?resize=768%2C274 768w, https:\/\/i0.wp.com\/blogdalucianaoliveira.com.br\/blog\/wp-content\/uploads\/2017\/03\/reva.jpg?resize=800%2C286 800w\" sizes=\"auto, (max-width: 600px) 100vw, 600px\" \/><\/p>\n<p>Por Luis Nassif, do Jornal GGN<\/p>\n<p>Com o caso Eduardo Guimar\u00e3es, Moro atravessa o Rubic\u00e3o<!--more--><\/p>\n<p>Vamos entender porque, para efeito da Lava Jato, o caso Eduardo Guimar\u00e3es torna-se um divisor de \u00e1guas \u2013 da mesma maneira que o epis\u00f3dio da condu\u00e7\u00e3o coercitiva de Lula.<\/p>\n<p>O epis\u00f3dio Lula, mais a vazamento dos grampos de Lula e Dilma, afastou de vez a presun\u00e7\u00e3o de isen\u00e7\u00e3o da Lava Jato e mostrou seu alinhamento com o golpe de Estado em curso.<\/p>\n<p>A condu\u00e7\u00e3o coercitiva de Eduardo Guimar\u00e3es exp\u00f5e de forma in\u00e9dita o uso do poder pessoal arbitr\u00e1rio de Moro para retaliar advers\u00e1rios. N\u00e3o se trata mais de luta pol\u00edtica, ideol\u00f3gica, de invocar as supinas virtudes da luta contra a corrup\u00e7\u00e3o para se blindar: da parte de S\u00e9rgio Moro, a opera\u00e7\u00e3o atende a um desejo pessoal de vingan\u00e7a.<\/p>\n<p>Pe\u00e7a 1 \u2013 as pinimbas de Guimar\u00e3es com Moro<\/p>\n<p>Com seu Blog Cidadania, Eduardo \u00e9 um cr\u00edtico implac\u00e1vel da Lava Jato. E autor de uma representa\u00e7\u00e3o contra S\u00e9rgio Moro junto ao CNJ (Conselho Nacional de Justi\u00e7a).<\/p>\n<p>Em repres\u00e1lia, Moro entrou com uma a\u00e7\u00e3o contra Edu, baseada em uma frase mal constru\u00edda. Na frase, Edu diz (para o leitor) que as a\u00e7\u00f5es da Lava Jato ir\u00e3o amea\u00e7ar \u201cseu emprego e sua vida\u201d, referindo-se ao emprego e vida do leitor.<\/p>\n<p>Um Blog de ultradireita da Veja interpretou que \u201cseu emprego e sua vida\u201d referia-se a Moro. Cada vez mais ligado \u00e0s mil\u00edcias da  ultradireita, Moro aproveitou a deixa para processar Edu.<\/p>\n<p>O Tweet remetia para um artigo onde Edu praticava seu esporte predileto: brigar com outros grupos de esquerda (https:\/\/goo.gl\/UvpKWo), e mostrar a situa\u00e7\u00e3o de caos na economia, na qual seriam destru\u00eddas o emprego e a vida das pessoas.<\/p>\n<p>Moro tropelou completamente a lei, que diz que um juiz n\u00e3o pode julgar um advers\u00e1rio.<\/p>\n<p>Pe\u00e7a 2 \u2013 PF x MPF<\/p>\n<p>A gest\u00e3o vacilante do delegado geral da PF, Leandro Daiello, deflagrou uma guerra de fac\u00e7\u00f5es dentro da PF, consolidada em diversos inqu\u00e9ritos abertos, de lado a lado, visando identificar irregularidades.<\/p>\n<p>Um dos inqu\u00e9ritos investiga membros da Lava Jato, pela coloca\u00e7\u00e3o de escuta ilegal na cela do doleiro  Alberto Yousseff.<\/p>\n<p>Outra, procura identificar os autores de um suposto dossi\u00ea contra a Lava Jato, cuja exist\u00eancia teria sido denunciada pela Veja, nos tempos do jornalismo escabroso do diretor Eur\u00edpides Alc\u00e2ntara \u2013 em uma capa em que mostrava Lula como uma jararaca.<\/p>\n<p>Fui intimado pela PF a prestar depoimento nesse inqu\u00e9rito atrav\u00e9s de carta precat\u00f3ria \u2013 j\u00e1 que o inqu\u00e9rito corria em Bras\u00edlia Ressalto que fui tratado com toda a fidalguia. Antes de receber a intima\u00e7\u00e3o, telefonaram de Bras\u00edlia dizendo que n\u00e3o era nada contra mim.<\/p>\n<p>Compareci no dia marcado e fui informado do teor do dossi\u00ea, sobre o reino da fam\u00edlia Arns em Curitiba. Mostrava a influ\u00eancia do ex-senador Fl\u00e1vio Arns na APAE (Associa\u00e7\u00e3o de Pais e Amigos de Excepcionais) do Paran\u00e1. Depois, a maneira como seu sobrinho Marlus Arns, metido em v\u00e1rias jogadas pol\u00edticas no Estado,  tornou-se titular de praticamente todas as a\u00e7\u00f5es das APAEs do estado na vara de Curitiba. A diretora jur\u00eddica era a esposa de S\u00e9rgio Moro. E Marlus tem um irm\u00e3o dono de um curso de direito \u00e0 dist\u00e2ncia, tendo como professores procuradores e delegados da Lava Jato. Finalmente, com a sa\u00edda de Beatriz Catta Preta, Marlus assumiu diversos clientes do milion\u00e1rio mercado de dela\u00e7\u00e3o premiada.<\/p>\n<p>Poderia ter lan\u00e7ado d\u00favidas sobre a contabilidade desse curso \u00e0 dist\u00e2ncia, mas me ative \u00e0s informa\u00e7\u00f5es que consegui coletar na Internet, no Tribunal de Justi\u00e7a de Curitiba e no site da Secretaria de Educa\u00e7\u00e3o do Estado.<\/p>\n<p>Informei os delegados que conhecia o conte\u00fado do material, mas que n\u00e3o recebera de ningu\u00e9m pela relevante raz\u00e3o de ter sido o autor da mat\u00e9ria original. O tal dossi\u00ea era meramente uma c\u00f3pia de um post antigo do Blog.<\/p>\n<p>A a\u00e7\u00e3o contra Edu tamb\u00e9m se insere nesse quadro de disputas internas da PF.<\/p>\n<p>Pe\u00e7a 3 \u2013 MPF x PF<\/p>\n<p>H\u00e1 uma pesada disputa entre a PF e o Minist\u00e9rio P\u00fablico Federal pelo protagonismo da Lava Jato.<\/p>\n<p>Ontem, durante congresso da categoria em Florian\u00f3polis, o presidente da Associa\u00e7\u00e3o Nacional dos Delegados da PF, Carlos Eduardo Sobral, foi objetivo em conversa com jornalistas (https:\/\/goo.gl\/BtV4TA). Disse que o MPF assumiu o protagonismo da Lava Jato devido \u00e0 estrat\u00e9gia de publicidade e o apoio institucional para as investiga\u00e7\u00f5es, incluindo recursos fartos. Sobral admitiu que o pa\u00eds enfrenta um \u201ccabo de guerra institucional\u201d. E se queixou de que a sociedade v\u00ea a PF como mera cumpridora de mandatos. <\/p>\n<p>Completou dizendo que \u201cn\u00e3o queremos nos transformar em quarto ou quinto poder. N\u00e3o buscamos a falta de controle. N\u00e3o buscamos o arb\u00edtrio ou abuso. Buscamos simplesmente a capacidade de continuar realizando combate ao crime organizado e \u00e0 corrup\u00e7\u00e3o\u201d.<\/p>\n<p>Pe\u00e7a 4 \u2013 o caso Eduardo Guimar\u00e3es<\/p>\n<p>\u00c9 por a\u00ed que se insere o caso Eduardo Guimar\u00e3es.<\/p>\n<p>Ele foi convocado para depor no inqu\u00e9rito que apura o vazamento da condu\u00e7\u00e3o coercitiva de Lula. Tinha data marcada para depor.<\/p>\n<p>Hoje de manh\u00e3, a PF invadiu sua casa, intimidou ele e sua esposa, levou celulares e computadores, sem nenhuma necessidade. Aparentemente j\u00e1 sabiam quem havia vazado a informa\u00e7\u00e3o.<\/p>\n<p>Refor\u00e7a a suspeita de que a autoriza\u00e7\u00e3o dada por Moro, al\u00e9m de arbitr\u00e1ria, serviu aos prop\u00f3sitos de revanche contra um cidad\u00e3o que o denunciou ao CNJ e est\u00e1 sendo processado pelo pr\u00f3prio Moro.<\/p>\n<p>Mais, a Constitui\u00e7\u00e3o assegura sigilo de fonte. Quando questionado pelo dpeutado Paulo Teixeira no Congresso, a alega\u00e7\u00e3o de Moro foi a de que Eduardo n\u00e3o \u00e9 jornalista.<\/p>\n<p>Recentemente, o decano do STF, Celso de Mello, considerou o sigilo de fonte como direito da sociedade, n\u00e3o de jornalistas. Al\u00e9m disso, ao n\u00e3o reconhecer mais o diploma de jornalista como pr\u00e9-condi\u00e7\u00e3o para a pr\u00e1tica da profiss\u00e3o, o STF acabou com a classifica\u00e7\u00e3o restrita de jornalista.<\/p>\n<p>Pe\u00e7a 5 \u2013 as consequ\u00eancias<\/p>\n<p>Agora se chega no bus\u00edlis da quest\u00e3o.<\/p>\n<p>Eduardo foi efetivamente feito prisioneiro, ainda que por algumas horas. Chegando \u00e0 PF, foi interrogado por delegados sem a presen\u00e7a de um advogado.<\/p>\n<p>Sua casa, seu lar, foi conspurcado com a invas\u00e3o da PF. Tanto a a\u00e7\u00e3o movida por Moro, quanto a opera\u00e7\u00e3o atual, s\u00e3o juridicamente insustent\u00e1veis. Mas Moro conseguiu se valer de seu poder de juiz para cometer uma arbitrariedade, com o agravante de agir de forma triplamente ilegal: decretar a condu\u00e7\u00e3o coercitiva de quem n\u00e3o se negou a depor; obrigar uma pessoa a abrir m\u00e3o de seu sigilo de fonte e agir contra uma pessoa com quem mantem uma disputa jur\u00eddica.<\/p>\n<p>Depois de sofrer ataques da direita, o Ministro Lu\u00eds Roberto Barroso resolveu se blindar: tornou-se o principal avalista do Estado de exce\u00e7\u00e3o de Curitiba, alegando que a Lava Jato enfrenta um quadro de exce\u00e7\u00e3o. Caminha para se tornar o Ministro s\u00edmbolo do MBL e cong\u00eaneres, assim como Moro e os procuradores da Lava Jato.<\/p>\n<p>Ir\u00e1 se pronunciar agora? A pris\u00e3o e humilha\u00e7\u00e3o de um cidad\u00e3o brasileiro, a invas\u00e3o injustificada de seu lar, n\u00e3o obedeceu sequer \u00e0 real politik da Lava Jato. Foi um ato de vingan\u00e7a pessoal, que atropela normas fundamentais de direitos civis.<\/p>\n<p>Moro se comportou como um imperador, acima das leis, porque, no epis\u00f3dio do vazamento dos grampos, foi tratado acima das leis.<\/p>\n<p>Sua atitude, agora, mostra um sujeito desequilibrado, utilizando o pesad\u00edssimo poder conferido pelo apoio da m\u00eddia e de Ministros descompromissados com direitos civis, para exercer o arb\u00edtrio em causa pr\u00f3pria.<\/p>\n<p>Se fosse contra um jornalista da Rede Globo, o Ministro Barroso permaneceria calado? Certamente, n\u00e3o. Se fica calado agora, endossa a tese do direito penal do inimigo.<\/p>\n<p>No final, fica-se sabendo que a sombra projetada por Barroso \u00e9 infinitamente maior do que seu verdadeiro tamanho. Se n\u00e3o for contido agora, se a imprensa se calar \u2013 porque a v\u00edtima \u00e9 um advers\u00e1rio \u2013 estar\u00e1 em marcha definitivamente a escalada do arb\u00edtrio.<\/p>\n<p>O epis\u00f3dio mostra definitivamente que Sergio Moro est\u00e1 em estado de desequil\u00edbrio emocional. At\u00e9 onde ir\u00e1, n\u00e3o se sabe.<\/p>\n","protected":false},"excerpt":{"rendered":"<p>Por Luis Nassif, do Jornal GGN Com o caso Eduardo Guimar\u00e3es, Moro atravessa o Rubic\u00e3o<\/p>\n","protected":false},"author":1,"featured_media":0,"comment_status":"closed","ping_status":"open","sticky":false,"template":"","format":"standard","meta":{"_exactmetrics_skip_tracking":false,"_exactmetrics_sitenote_active":false,"_exactmetrics_sitenote_note":"","_exactmetrics_sitenote_category":0,"jetpack_post_was_ever_published":false,"_jetpack_newsletter_access":"","_jetpack_dont_email_post_to_subs":false,"_jetpack_newsletter_tier_id":0,"_jetpack_memberships_contains_paywalled_content":false,"_jetpack_memberships_contains_paid_content":false,"footnotes":"","jetpack_publicize_message":"","jetpack_publicize_feature_enabled":true,"jetpack_social_post_already_shared":true,"jetpack_social_options":{"image_generator_settings":{"template":"highway","enabled":false},"version":2}},"categories":[1],"tags":[],"class_list":["post-9406","post","type-post","status-publish","format-standard","hentry","category-notas"],"jetpack_publicize_connections":[],"jetpack_sharing_enabled":true,"jetpack_featured_media_url":"","jetpack_shortlink":"https:\/\/wp.me\/p7wKYW-2rI","jetpack-related-posts":[],"_links":{"self":[{"href":"http:\/\/blogdalucianaoliveira.com.br\/blog\/wp-json\/wp\/v2\/posts\/9406","targetHints":{"allow":["GET"]}}],"collection":[{"href":"http:\/\/blogdalucianaoliveira.com.br\/blog\/wp-json\/wp\/v2\/posts"}],"about":[{"href":"http:\/\/blogdalucianaoliveira.com.br\/blog\/wp-json\/wp\/v2\/types\/post"}],"author":[{"embeddable":true,"href":"http:\/\/blogdalucianaoliveira.com.br\/blog\/wp-json\/wp\/v2\/users\/1"}],"replies":[{"embeddable":true,"href":"http:\/\/blogdalucianaoliveira.com.br\/blog\/wp-json\/wp\/v2\/comments?post=9406"}],"version-history":[{"count":1,"href":"http:\/\/blogdalucianaoliveira.com.br\/blog\/wp-json\/wp\/v2\/posts\/9406\/revisions"}],"predecessor-version":[{"id":9408,"href":"http:\/\/blogdalucianaoliveira.com.br\/blog\/wp-json\/wp\/v2\/posts\/9406\/revisions\/9408"}],"wp:attachment":[{"href":"http:\/\/blogdalucianaoliveira.com.br\/blog\/wp-json\/wp\/v2\/media?parent=9406"}],"wp:term":[{"taxonomy":"category","embeddable":true,"href":"http:\/\/blogdalucianaoliveira.com.br\/blog\/wp-json\/wp\/v2\/categories?post=9406"},{"taxonomy":"post_tag","embeddable":true,"href":"http:\/\/blogdalucianaoliveira.com.br\/blog\/wp-json\/wp\/v2\/tags?post=9406"}],"curies":[{"name":"wp","href":"https:\/\/api.w.org\/{rel}","templated":true}]}}