{"id":9409,"date":"2017-03-21T19:23:03","date_gmt":"2017-03-21T23:23:03","guid":{"rendered":"http:\/\/blogdalucianaoliveira.com.br\/blog\/?p=9409"},"modified":"2017-03-21T19:23:03","modified_gmt":"2017-03-21T23:23:03","slug":"sergio-moro-viola-sigilo-de-fonte-de-blogueiro-que-o-denunciou-no-cnj","status":"publish","type":"post","link":"http:\/\/blogdalucianaoliveira.com.br\/blog\/2017\/03\/21\/sergio-moro-viola-sigilo-de-fonte-de-blogueiro-que-o-denunciou-no-cnj\/","title":{"rendered":"Sergio Moro viola sigilo de fonte de blogueiro que o denunciou no CNJ"},"content":{"rendered":"<p><img data-recalc-dims=\"1\" loading=\"lazy\" decoding=\"async\" data-attachment-id=\"9411\" data-permalink=\"http:\/\/blogdalucianaoliveira.com.br\/blog\/2017\/03\/21\/sergio-moro-viola-sigilo-de-fonte-de-blogueiro-que-o-denunciou-no-cnj\/edu\/\" data-orig-file=\"https:\/\/i0.wp.com\/blogdalucianaoliveira.com.br\/blog\/wp-content\/uploads\/2017\/03\/edu.jpeg?fit=768%2C512\" data-orig-size=\"768,512\" data-comments-opened=\"0\" data-image-meta=\"{&quot;aperture&quot;:&quot;0&quot;,&quot;credit&quot;:&quot;&quot;,&quot;camera&quot;:&quot;&quot;,&quot;caption&quot;:&quot;&quot;,&quot;created_timestamp&quot;:&quot;0&quot;,&quot;copyright&quot;:&quot;&quot;,&quot;focal_length&quot;:&quot;0&quot;,&quot;iso&quot;:&quot;0&quot;,&quot;shutter_speed&quot;:&quot;0&quot;,&quot;title&quot;:&quot;&quot;,&quot;orientation&quot;:&quot;0&quot;}\" data-image-title=\"edu\" data-image-description=\"\" data-image-caption=\"\" data-medium-file=\"https:\/\/i0.wp.com\/blogdalucianaoliveira.com.br\/blog\/wp-content\/uploads\/2017\/03\/edu.jpeg?fit=300%2C200\" data-large-file=\"https:\/\/i0.wp.com\/blogdalucianaoliveira.com.br\/blog\/wp-content\/uploads\/2017\/03\/edu.jpeg?fit=600%2C400\" src=\"https:\/\/i0.wp.com\/blogdalucianaoliveira.com.br\/blog\/wp-content\/uploads\/2017\/03\/edu.jpeg?resize=600%2C400\" alt=\"edu\" width=\"600\" height=\"400\" class=\"alignnone size-full wp-image-9411\" srcset=\"https:\/\/i0.wp.com\/blogdalucianaoliveira.com.br\/blog\/wp-content\/uploads\/2017\/03\/edu.jpeg?w=768 768w, https:\/\/i0.wp.com\/blogdalucianaoliveira.com.br\/blog\/wp-content\/uploads\/2017\/03\/edu.jpeg?resize=300%2C200 300w, https:\/\/i0.wp.com\/blogdalucianaoliveira.com.br\/blog\/wp-content\/uploads\/2017\/03\/edu.jpeg?resize=450%2C300 450w\" sizes=\"auto, (max-width: 600px) 100vw, 600px\" \/><\/p>\n<p>O juiz tamb\u00e9m move um processo contra Eduardo Guimar\u00e3es, alvo de condu\u00e7\u00e3o coercitiva. Justificativa: in\u00e9dita preocupa\u00e7\u00e3o com vazamentos<!--more--><\/p>\n<p>Na Carta Capital<\/p>\n<p>Defensor da ampla divulga\u00e7\u00e3o de fatos contra pol\u00edticos investigados na Opera\u00e7\u00e3o Lava Jato, fruto da sua peculiar interpreta\u00e7\u00e3o da Mani Pulite italiana, o juiz S\u00e9rgio Moro, da 13\u00aa Vara Federal de Curitiba, determinou a condu\u00e7\u00e3o coercitiva de Eduardo Guimar\u00e3es, autor do Blog da Cidadania, em inqu\u00e9rito que apura o suposto vazamento de informa\u00e7\u00f5es da 24\u00aa fase da Opera\u00e7\u00e3o Lava Jato, deflagrada em mar\u00e7o de 2016.<\/p>\n<p>Guimar\u00e3es antecipou informa\u00e7\u00f5es sobre a condu\u00e7\u00e3o coercitiva do ex-presidente Luiz In\u00e1cio Lula da Silva, o que serviu de alerta para mobilizar a milit\u00e2ncia em sua defesa. \u00c0 \u00e9poca, o Minist\u00e9rio P\u00fablico Federal reclamou e disse que o fato seria investigado, embora jornalistas de ve\u00edculos tradicionais tenham no mesmo dia antecipado informa\u00e7\u00f5es a respeito. Os vazamentos s\u00e3o pr\u00e1ticas recorrentes desde o in\u00edcio da opera\u00e7\u00e3o.<\/p>\n<p>Al\u00e9m da condu\u00e7\u00e3o coercitiva de Guimar\u00e3es para prestar depoimento na Superintend\u00eancia da Pol\u00edcia Federal de S\u00e3o Paulo, Moro expediu um mandado de busca e apreens\u00e3o na casa do jornalista. Computadores e celulares foram confiscados. Com isso, o blogueiro ficou incomunic\u00e1vel por v\u00e1rias horas, relata o advogado Fernando Hideo Lacerda.\u201cEle sequer conseguiu avisar seus defensores. Permitiram um telefonema para n\u00famero fixo, mas ainda n\u00e3o havia ningu\u00e9m no escrit\u00f3rio naquele hor\u00e1rio\u201d.<\/p>\n<p>Lacerda queixa-se de uma \u201cs\u00e9rie de arbitrariedades\u201d na decis\u00e3o judicial e em sua execu\u00e7\u00e3o. \u201cEm primeiro lugar, n\u00e3o faz sentido conduzir coercitivamente algu\u00e9m que n\u00e3o foi chamado a depor anteriormente e jamais se recusou a prestar esclarecimentos. Segundo ponto: iniciaram o depoimento sem a presen\u00e7a de seu advogado. Al\u00e9m disso, confiscaram celulares e computadores com o claro objetivo de identificar a fonte das informa\u00e7\u00f5es do jornalista. Por fim, Moro \u00e9 suspeito para determinar tal medida contra ele, pois ambos possuem contendas na Justi\u00e7a\u201d.<\/p>\n<p>Em fevereiro, Guimar\u00e3es foi intimado a depor em outra investiga\u00e7\u00e3o, sobre supostas amea\u00e7as feitas a Moro nas redes sociais. No Twitter, ele chamou o magistrado de psicopata e disse, dirigindo-se aos leitores, que os &#8220;del\u00edrios&#8221; do juiz &#8220;v\u00e3o custar seu emprego, sua vida&#8221;.<\/p>\n<p>Antes disso, em maio de 2015, Guimar\u00e3es protocolou no Conselho Nacional de Justi\u00e7a (CNJ) uma representa\u00e7\u00e3o contra o juiz Sergio Moro, questionando a pris\u00e3o tempor\u00e1ria de Marice Corr\u00eaa Lima, cunhada do ex-tesoureiro do PT Jo\u00e3o Vaccari Neto, bem como a \u201cexecra\u00e7\u00e3o p\u00fablica da sua imagem nos meios de comunica\u00e7\u00e3o de massa\u201d.<\/p>\n<p>Viola\u00e7\u00e3o do sigilo de fonte<br \/>\nEm uma audi\u00eancia por videoconfer\u00eancia realizada nesta ter\u00e7a-feira 21 com Moro, o deputado federal Paulo Teixeira, do PT, arrolado como testemunha de Branislav Kontic, ex-assessor de Antonio Palocci, perguntou ao magistrado sobre a condu\u00e7\u00e3o coercitiva de Guimar\u00e3es.<\/p>\n<p>\u201cO juiz Moro disse que ele n\u00e3o \u00e9 jornalista, mas eu respondi que o fato de ele n\u00e3o se jornalista n\u00e3o o impede de exercer o jornalismo&#8221;, afirmou o deputado em um v\u00eddeo publicado no Facebook. &#8220;Acho grave que estejam investigando a fonte do Eduardo Guimar\u00e3es. \u00c9 uma restri\u00e7\u00e3o \u00e0 liberdade de imprensa, \u00e9 censura, \u00e9 uma tentativa de constranger aqueles que questionam a postura do Judici\u00e1rio\u201d, emendou o parlamentar.<\/p>\n<p>Em nota divulgada na tarde desta ter\u00e7a-feira 14, a assessoria de imprensa da Justi\u00e7a Federal do Paran\u00e1 qualifica o Blog da Cidadania como &#8220;ve\u00edculo de propaganda pol\u00edtica, ilustrado pela informa\u00e7\u00e3o em destaque de que o titular seria candidato a vereador pelo PCdoB pela a cidade de S\u00e3o Paulo&#8221;. E acrescenta: N\u00e3o \u00e9 necess\u00e1rio diploma para ser jornalista, mas tamb\u00e9m n\u00e3o \u00e9 suficiente ter um blog para s\u00ea-lo. A prote\u00e7\u00e3o constitucional ao sigilo de fonte protege apenas quem exerce a profiss\u00e3o de jornalista, com ou sem diploma&#8221;.<\/p>\n<p>A defesa de Guimar\u00e3es repudiou a nota da Justi\u00e7a paranaense, que, &#8220;de maneira autorit\u00e1ria e contrariando o posicionamento do Supremo Tribunal Federal, pretende definir quem \u00e9 ou n\u00e3o jornalista de acordo com ju\u00edzos de valor&#8221;. O advogado Hideo Lacerda emenda: Hideo Lacerda &#8220;Condicionar a qualifica\u00e7\u00e3o de \u2018informa\u00e7\u00e3o jornal\u00edstica\u2019 ao conte\u00fado das manifesta\u00e7\u00f5es n\u00e3o tem outro nome: \u00e9 censura&#8221;.<\/p>\n<p>Em decis\u00e3o proferida em 5 de outubro de 2015, em um processo que pedia a remo\u00e7\u00e3o de uma reportagem de um site, o ministro Celso de Mello, do STF, ressaltou que o sigilo de fonte \u00e9 meio essencial de plena realiza\u00e7\u00e3o do direito constitucional de informar, \u201crevelando-se opon\u00edvel, por isso mesmo, em raz\u00e3o de sua extra\u00e7\u00e3o eminentemente constitucional, a qualquer pessoa e, tamb\u00e9m, a quaisquer \u00f3rg\u00e3os, agentes ou autoridades do Poder P\u00fablico, inclusive do Poder Judici\u00e1rio, n\u00e3o importando a esfera em que se situe a atua\u00e7\u00e3o institucional dos agentes estatais interessados\u201d.<\/p>\n<p>Moro j\u00e1 destacou \u201cutilidade de vazamentos\u201d<br \/>\nApesar de investigar o blogueiro por antecipar a condu\u00e7\u00e3o coercitiva de Lula, Moro mais de uma vez defendeu os vazamentos como arma a favor das investiga\u00e7\u00f5es. Em seu artigo &#8220;Considera\u00e7\u00f5es sobre a Opera\u00e7\u00e3o Mani Pulite&#8221;, que analisa a opera\u00e7\u00e3o italiana M\u00e3os Limpas, inspira\u00e7\u00e3o para a Lava Jato, o magistrado destacou a utilidade dos vazamentos \u00e0 m\u00eddia por manterem o interesse p\u00fablico elevado.<\/p>\n<p>&#8220;A investiga\u00e7\u00e3o da Mani Pulite vazava como uma peneira. T\u00e3o logo algu\u00e9m era preso, detalhes eram veiculados no L\u2019Expresso, no La Repubblica e outros jornais e revistas simpatizantes. Apesar de n\u00e3o existir nenhuma sugest\u00e3o de que algum dos procuradores mais envolvidos com a investiga\u00e7\u00e3o teria deliberadamente alimentado a imprensa com informa\u00e7\u00f5es, os vazamentos serviram a um prop\u00f3sito \u00fatil.  O constante fluxo de revela\u00e7\u00f5es manteve o interesse do p\u00fablico elevado e os l\u00edderes partid\u00e1rios na defensiva.&#8221;<\/p>\n<p>Outro fato curioso \u00e9 a seletividade dos alvos de investiga\u00e7\u00e3o pelos vazamentos da 24\u00aa fase da Lava Jato. Diversos jornalistas pareciam ter informa\u00e7\u00f5es privilegiadas antes da espetaculosa a\u00e7\u00e3o da PF. Horas antes da condu\u00e7\u00e3o coercitiva do ex-presidente, que assumiu a identidade \u201cLulinha, Paz e Amor\u201d nas elei\u00e7\u00f5es de 2002, criada pelo seu marqueteiro, Diego Escosteguy, da revista \u00c9poca, fez a seguinte postagem:<\/p>\n<p><img data-recalc-dims=\"1\" loading=\"lazy\" decoding=\"async\" data-attachment-id=\"9410\" data-permalink=\"http:\/\/blogdalucianaoliveira.com.br\/blog\/2017\/03\/21\/sergio-moro-viola-sigilo-de-fonte-de-blogueiro-que-o-denunciou-no-cnj\/escosteguy\/\" data-orig-file=\"https:\/\/i0.wp.com\/blogdalucianaoliveira.com.br\/blog\/wp-content\/uploads\/2017\/03\/escosteguy.jpg?fit=1200%2C500\" data-orig-size=\"1200,500\" data-comments-opened=\"0\" data-image-meta=\"{&quot;aperture&quot;:&quot;0&quot;,&quot;credit&quot;:&quot;&quot;,&quot;camera&quot;:&quot;&quot;,&quot;caption&quot;:&quot;&quot;,&quot;created_timestamp&quot;:&quot;0&quot;,&quot;copyright&quot;:&quot;&quot;,&quot;focal_length&quot;:&quot;0&quot;,&quot;iso&quot;:&quot;0&quot;,&quot;shutter_speed&quot;:&quot;0&quot;,&quot;title&quot;:&quot;&quot;,&quot;orientation&quot;:&quot;0&quot;}\" data-image-title=\"escosteguy\" data-image-description=\"\" data-image-caption=\"\" data-medium-file=\"https:\/\/i0.wp.com\/blogdalucianaoliveira.com.br\/blog\/wp-content\/uploads\/2017\/03\/escosteguy.jpg?fit=300%2C125\" data-large-file=\"https:\/\/i0.wp.com\/blogdalucianaoliveira.com.br\/blog\/wp-content\/uploads\/2017\/03\/escosteguy.jpg?fit=600%2C250\" src=\"https:\/\/i0.wp.com\/blogdalucianaoliveira.com.br\/blog\/wp-content\/uploads\/2017\/03\/escosteguy.jpg?resize=600%2C250\" alt=\"escosteguy\" width=\"600\" height=\"250\" class=\"alignnone size-full wp-image-9410\" srcset=\"https:\/\/i0.wp.com\/blogdalucianaoliveira.com.br\/blog\/wp-content\/uploads\/2017\/03\/escosteguy.jpg?w=1200 1200w, https:\/\/i0.wp.com\/blogdalucianaoliveira.com.br\/blog\/wp-content\/uploads\/2017\/03\/escosteguy.jpg?resize=300%2C125 300w, https:\/\/i0.wp.com\/blogdalucianaoliveira.com.br\/blog\/wp-content\/uploads\/2017\/03\/escosteguy.jpg?resize=768%2C320 768w, https:\/\/i0.wp.com\/blogdalucianaoliveira.com.br\/blog\/wp-content\/uploads\/2017\/03\/escosteguy.jpg?resize=1024%2C427 1024w, https:\/\/i0.wp.com\/blogdalucianaoliveira.com.br\/blog\/wp-content\/uploads\/2017\/03\/escosteguy.jpg?resize=720%2C300 720w\" sizes=\"auto, (max-width: 600px) 100vw, 600px\" \/><\/p>\n<p>Escosteguy nunca criticou a atua\u00e7\u00e3o e Moro e da Lava Jato, ao contr\u00e1rio de Guimar\u00e3es.<\/p>\n<p>O Bar\u00e3o de Itarar\u00e9, que congrega sites e blogs progressistas, organiza um ato em desagravo ao blogueiro na capital paulista. O evento ser\u00e1 \u00e0s 19h no Sindicato dos Engenheiros.<\/p>\n<p>* Esse texto foi atualizado \u00e0s 19h06 para o acr\u00e9scimo da nota divulgada pela Justi\u00e7a Federal do Paran\u00e1 e a contesta\u00e7\u00e3o feita pela defesa de Guimar\u00e3es.<\/p>\n","protected":false},"excerpt":{"rendered":"<p>O juiz tamb\u00e9m move um processo contra Eduardo Guimar\u00e3es, alvo de condu\u00e7\u00e3o coercitiva. Justificativa: in\u00e9dita preocupa\u00e7\u00e3o com vazamentos<\/p>\n","protected":false},"author":1,"featured_media":0,"comment_status":"closed","ping_status":"open","sticky":false,"template":"","format":"standard","meta":{"_exactmetrics_skip_tracking":false,"_exactmetrics_sitenote_active":false,"_exactmetrics_sitenote_note":"","_exactmetrics_sitenote_category":0,"jetpack_post_was_ever_published":false,"_jetpack_newsletter_access":"","_jetpack_dont_email_post_to_subs":false,"_jetpack_newsletter_tier_id":0,"_jetpack_memberships_contains_paywalled_content":false,"_jetpack_memberships_contains_paid_content":false,"footnotes":"","jetpack_publicize_message":"","jetpack_publicize_feature_enabled":true,"jetpack_social_post_already_shared":true,"jetpack_social_options":{"image_generator_settings":{"template":"highway","enabled":false},"version":2}},"categories":[1],"tags":[],"class_list":["post-9409","post","type-post","status-publish","format-standard","hentry","category-notas"],"jetpack_publicize_connections":[],"jetpack_sharing_enabled":true,"jetpack_featured_media_url":"","jetpack_shortlink":"https:\/\/wp.me\/p7wKYW-2rL","jetpack-related-posts":[],"_links":{"self":[{"href":"http:\/\/blogdalucianaoliveira.com.br\/blog\/wp-json\/wp\/v2\/posts\/9409","targetHints":{"allow":["GET"]}}],"collection":[{"href":"http:\/\/blogdalucianaoliveira.com.br\/blog\/wp-json\/wp\/v2\/posts"}],"about":[{"href":"http:\/\/blogdalucianaoliveira.com.br\/blog\/wp-json\/wp\/v2\/types\/post"}],"author":[{"embeddable":true,"href":"http:\/\/blogdalucianaoliveira.com.br\/blog\/wp-json\/wp\/v2\/users\/1"}],"replies":[{"embeddable":true,"href":"http:\/\/blogdalucianaoliveira.com.br\/blog\/wp-json\/wp\/v2\/comments?post=9409"}],"version-history":[{"count":1,"href":"http:\/\/blogdalucianaoliveira.com.br\/blog\/wp-json\/wp\/v2\/posts\/9409\/revisions"}],"predecessor-version":[{"id":9412,"href":"http:\/\/blogdalucianaoliveira.com.br\/blog\/wp-json\/wp\/v2\/posts\/9409\/revisions\/9412"}],"wp:attachment":[{"href":"http:\/\/blogdalucianaoliveira.com.br\/blog\/wp-json\/wp\/v2\/media?parent=9409"}],"wp:term":[{"taxonomy":"category","embeddable":true,"href":"http:\/\/blogdalucianaoliveira.com.br\/blog\/wp-json\/wp\/v2\/categories?post=9409"},{"taxonomy":"post_tag","embeddable":true,"href":"http:\/\/blogdalucianaoliveira.com.br\/blog\/wp-json\/wp\/v2\/tags?post=9409"}],"curies":[{"name":"wp","href":"https:\/\/api.w.org\/{rel}","templated":true}]}}