{"id":9413,"date":"2017-03-21T23:21:51","date_gmt":"2017-03-22T03:21:51","guid":{"rendered":"http:\/\/blogdalucianaoliveira.com.br\/blog\/?p=9413"},"modified":"2017-03-21T23:21:51","modified_gmt":"2017-03-22T03:21:51","slug":"nota-oficial-da-fenaj-e-do-sindicato-dos-jornalistas-de-sao-paulo-sobre-a-conducao-coercitiva-de-eduardo-guimaraes-e-censura-e-ataque-a-liberdade-de-expressao","status":"publish","type":"post","link":"http:\/\/blogdalucianaoliveira.com.br\/blog\/2017\/03\/21\/nota-oficial-da-fenaj-e-do-sindicato-dos-jornalistas-de-sao-paulo-sobre-a-conducao-coercitiva-de-eduardo-guimaraes-e-censura-e-ataque-a-liberdade-de-expressao\/","title":{"rendered":"Nota Oficial da FENAJ e do Sindicato dos Jornalistas de S\u00e3o Paulo, sobre a condu\u00e7\u00e3o coercitiva de Eduardo Guimar\u00e3es \u00e9 censura e ataque \u00e0 liberdade de express\u00e3o"},"content":{"rendered":"<p><img data-recalc-dims=\"1\" loading=\"lazy\" decoding=\"async\" data-attachment-id=\"9414\" data-permalink=\"http:\/\/blogdalucianaoliveira.com.br\/blog\/2017\/03\/21\/nota-oficial-da-fenaj-e-do-sindicato-dos-jornalistas-de-sao-paulo-sobre-a-conducao-coercitiva-de-eduardo-guimaraes-e-censura-e-ataque-a-liberdade-de-expressao\/img_4203\/\" data-orig-file=\"https:\/\/i0.wp.com\/blogdalucianaoliveira.com.br\/blog\/wp-content\/uploads\/2017\/03\/IMG_4203.jpg?fit=545%2C270\" data-orig-size=\"545,270\" data-comments-opened=\"0\" data-image-meta=\"{&quot;aperture&quot;:&quot;0&quot;,&quot;credit&quot;:&quot;&quot;,&quot;camera&quot;:&quot;&quot;,&quot;caption&quot;:&quot;&quot;,&quot;created_timestamp&quot;:&quot;0&quot;,&quot;copyright&quot;:&quot;&quot;,&quot;focal_length&quot;:&quot;0&quot;,&quot;iso&quot;:&quot;0&quot;,&quot;shutter_speed&quot;:&quot;0&quot;,&quot;title&quot;:&quot;&quot;,&quot;orientation&quot;:&quot;0&quot;}\" data-image-title=\"IMG_4203\" data-image-description=\"\" data-image-caption=\"\" data-medium-file=\"https:\/\/i0.wp.com\/blogdalucianaoliveira.com.br\/blog\/wp-content\/uploads\/2017\/03\/IMG_4203.jpg?fit=300%2C149\" data-large-file=\"https:\/\/i0.wp.com\/blogdalucianaoliveira.com.br\/blog\/wp-content\/uploads\/2017\/03\/IMG_4203.jpg?fit=545%2C270\" src=\"https:\/\/i0.wp.com\/blogdalucianaoliveira.com.br\/blog\/wp-content\/uploads\/2017\/03\/IMG_4203.jpg?resize=545%2C270\" alt=\"IMG_4203\" width=\"545\" height=\"270\" class=\"alignnone size-full wp-image-9414\" srcset=\"https:\/\/i0.wp.com\/blogdalucianaoliveira.com.br\/blog\/wp-content\/uploads\/2017\/03\/IMG_4203.jpg?w=545 545w, https:\/\/i0.wp.com\/blogdalucianaoliveira.com.br\/blog\/wp-content\/uploads\/2017\/03\/IMG_4203.jpg?resize=300%2C149 300w\" sizes=\"auto, (max-width: 545px) 100vw, 545px\" \/><\/p>\n<p>O Sindicato dos Jornalistas Profissionais no Estado de S\u00e3o Paulo (SJSP) e a Federa\u00e7\u00e3o Nacional dos Jornalistas (Fenaj) protestam contra a condu\u00e7\u00e3o coercitiva do blogueiro Eduardo Guimar\u00e3es, do Blog da Cidadania, levado de sua resid\u00eancia na capital paulista, na manh\u00e3 desta ter\u00e7a-feira (21), para prestar depoimento \u00e0 Pol\u00edcia Federal (PF) no \u00e2mbito da Opera\u00e7\u00e3o Lava Jato.<!--more--><\/p>\n<p>Guimar\u00e3es teve seu apartamento vasculhado, foram apreendidos seu celular, notebook e um pen drive de uso pessoal e o blogueiro foi conduzido \u00e0 Superintend\u00eancia da PF no bairro da Lapa, zona oeste paulistana.<\/p>\n<p>A Pol\u00edcia Federal, em mais uma demonstra\u00e7\u00e3o de arbitrariedade e viola\u00e7\u00e3o de direitos inspirada na \u00e9poca da ditadura militar no pa\u00eds, quer violar o sigilo de fonte por Guimar\u00e3es ter vazado a informa\u00e7\u00e3o de que o ex-presidente Lula seria conduzido coercitivamente pela PF, o que for\u00e7ou o adiamento da a\u00e7\u00e3o no ano passado.<\/p>\n<p>Al\u00e9m da arbitrariedade da condu\u00e7\u00e3o coercitiva, sem que qualquer intima\u00e7\u00e3o pr\u00e9via tenha sido feita ao blogueiro, a PF devassa dados pessoais e desrespeita o sigilo de fonte garantido pela Constitui\u00e7\u00e3o Federal em seu Artigo 5\u00ba, par\u00e1grafo XIV, em que define que \u00b4\u201c\u00e9 assegurado a todos o acesso \u00e0 informa\u00e7\u00e3o e resguardado o sigilo da fonte, quando necess\u00e1rio ao exerc\u00edcio profissional\u201d.<\/p>\n<p>A Pol\u00edcia Federal ataca, ainda, a liberdade de imprensa e de express\u00e3o do blogueiro \u2013 a mesma PF que tem vazado informa\u00e7\u00f5es seletivamente de acordo com os pr\u00f3prios interesses, sem levar em considera\u00e7\u00e3o os interesses da sociedade.<\/p>\n<p>O SJSP e a Fenaj expressam seu veemente rep\u00fadio \u00e0 arbitrariedade da Pol\u00edcia Federal, pois a condu\u00e7\u00e3o coercitiva do blogueiro tamb\u00e9m representa um terr\u00edvel precedente, que coloca em risco um dos mais importantes princ\u00edpios do jornalismo \u2013 garantir o direito da popula\u00e7\u00e3o \u00e0 informa\u00e7\u00e3o.<\/p>\n<p>O Sindicato e a Federa\u00e7\u00e3o tamb\u00e9m se colocam \u00e0 disposi\u00e7\u00e3o de Eduardo Guimar\u00e3es para lutar contra mais esse ato de lament\u00e1vel autoritarismo e censura, al\u00e9m de prestar solidariedade e apoio na ado\u00e7\u00e3o de todas as medidas legais cab\u00edveis.<\/p>\n<p>S\u00e3o Paulo, 21 de mar\u00e7o de 2017.<\/p>\n<p>Federa\u00e7\u00e3o Nacional dos Jornalistas \u2013 FENAJ<\/p>\n<p>Dire\u00e7\u00e3o do Sindicato dos Jornalistas Profissionais no Estado de S\u00e3o Paulo\u201d<\/p>\n","protected":false},"excerpt":{"rendered":"<p>O Sindicato dos Jornalistas Profissionais no Estado de S\u00e3o Paulo (SJSP) e a Federa\u00e7\u00e3o Nacional dos Jornalistas (Fenaj) protestam contra a condu\u00e7\u00e3o coercitiva do blogueiro Eduardo Guimar\u00e3es, do Blog da Cidadania, levado de sua resid\u00eancia na capital paulista, na manh\u00e3 desta ter\u00e7a-feira (21), para prestar depoimento \u00e0 Pol\u00edcia Federal (PF) no \u00e2mbito da Opera\u00e7\u00e3o Lava&#8230;<a class=\"more-link\" href=\"http:\/\/blogdalucianaoliveira.com.br\/blog\/2017\/03\/21\/nota-oficial-da-fenaj-e-do-sindicato-dos-jornalistas-de-sao-paulo-sobre-a-conducao-coercitiva-de-eduardo-guimaraes-e-censura-e-ataque-a-liberdade-de-expressao\/\">Continue a leitura <span class=\"meta-nav\">&raquo;<\/span><\/a><\/p>\n","protected":false},"author":1,"featured_media":0,"comment_status":"closed","ping_status":"open","sticky":false,"template":"","format":"standard","meta":{"_exactmetrics_skip_tracking":false,"_exactmetrics_sitenote_active":false,"_exactmetrics_sitenote_note":"","_exactmetrics_sitenote_category":0,"jetpack_post_was_ever_published":false,"_jetpack_newsletter_access":"","_jetpack_dont_email_post_to_subs":false,"_jetpack_newsletter_tier_id":0,"_jetpack_memberships_contains_paywalled_content":false,"_jetpack_memberships_contains_paid_content":false,"footnotes":"","jetpack_publicize_message":"","jetpack_publicize_feature_enabled":true,"jetpack_social_post_already_shared":true,"jetpack_social_options":{"image_generator_settings":{"template":"highway","enabled":false},"version":2}},"categories":[1],"tags":[],"class_list":["post-9413","post","type-post","status-publish","format-standard","hentry","category-notas"],"jetpack_publicize_connections":[],"jetpack_sharing_enabled":true,"jetpack_featured_media_url":"","jetpack_shortlink":"https:\/\/wp.me\/p7wKYW-2rP","jetpack-related-posts":[],"_links":{"self":[{"href":"http:\/\/blogdalucianaoliveira.com.br\/blog\/wp-json\/wp\/v2\/posts\/9413","targetHints":{"allow":["GET"]}}],"collection":[{"href":"http:\/\/blogdalucianaoliveira.com.br\/blog\/wp-json\/wp\/v2\/posts"}],"about":[{"href":"http:\/\/blogdalucianaoliveira.com.br\/blog\/wp-json\/wp\/v2\/types\/post"}],"author":[{"embeddable":true,"href":"http:\/\/blogdalucianaoliveira.com.br\/blog\/wp-json\/wp\/v2\/users\/1"}],"replies":[{"embeddable":true,"href":"http:\/\/blogdalucianaoliveira.com.br\/blog\/wp-json\/wp\/v2\/comments?post=9413"}],"version-history":[{"count":1,"href":"http:\/\/blogdalucianaoliveira.com.br\/blog\/wp-json\/wp\/v2\/posts\/9413\/revisions"}],"predecessor-version":[{"id":9415,"href":"http:\/\/blogdalucianaoliveira.com.br\/blog\/wp-json\/wp\/v2\/posts\/9413\/revisions\/9415"}],"wp:attachment":[{"href":"http:\/\/blogdalucianaoliveira.com.br\/blog\/wp-json\/wp\/v2\/media?parent=9413"}],"wp:term":[{"taxonomy":"category","embeddable":true,"href":"http:\/\/blogdalucianaoliveira.com.br\/blog\/wp-json\/wp\/v2\/categories?post=9413"},{"taxonomy":"post_tag","embeddable":true,"href":"http:\/\/blogdalucianaoliveira.com.br\/blog\/wp-json\/wp\/v2\/tags?post=9413"}],"curies":[{"name":"wp","href":"https:\/\/api.w.org\/{rel}","templated":true}]}}