{"id":942,"date":"2016-05-17T09:59:24","date_gmt":"2016-05-17T13:59:24","guid":{"rendered":"http:\/\/blogdalucianaoliveira.com.br\/blog\/?p=942"},"modified":"2016-05-17T10:00:53","modified_gmt":"2016-05-17T14:00:53","slug":"frases-que-parecem-boatos-foram-ditas","status":"publish","type":"post","link":"http:\/\/blogdalucianaoliveira.com.br\/blog\/2016\/05\/17\/frases-que-parecem-boatos-foram-ditas\/","title":{"rendered":"Frases que parecem boatos, mas foram ditas"},"content":{"rendered":"<p><img data-recalc-dims=\"1\" loading=\"lazy\" decoding=\"async\" data-attachment-id=\"943\" data-permalink=\"http:\/\/blogdalucianaoliveira.com.br\/blog\/2016\/05\/17\/frases-que-parecem-boatos-foram-ditas\/image-205\/\" data-orig-file=\"https:\/\/i0.wp.com\/blogdalucianaoliveira.com.br\/blog\/wp-content\/uploads\/2016\/05\/image-179.jpeg?fit=2400%2C2400\" data-orig-size=\"2400,2400\" data-comments-opened=\"0\" data-image-meta=\"{&quot;aperture&quot;:&quot;0&quot;,&quot;credit&quot;:&quot;&quot;,&quot;camera&quot;:&quot;&quot;,&quot;caption&quot;:&quot;&quot;,&quot;created_timestamp&quot;:&quot;0&quot;,&quot;copyright&quot;:&quot;&quot;,&quot;focal_length&quot;:&quot;0&quot;,&quot;iso&quot;:&quot;0&quot;,&quot;shutter_speed&quot;:&quot;0&quot;,&quot;title&quot;:&quot;&quot;,&quot;orientation&quot;:&quot;1&quot;}\" data-image-title=\"image\" data-image-description=\"\" data-image-caption=\"\" data-medium-file=\"https:\/\/i0.wp.com\/blogdalucianaoliveira.com.br\/blog\/wp-content\/uploads\/2016\/05\/image-179.jpeg?fit=300%2C300\" data-large-file=\"https:\/\/i0.wp.com\/blogdalucianaoliveira.com.br\/blog\/wp-content\/uploads\/2016\/05\/image-179.jpeg?fit=600%2C600\" src=\"https:\/\/i0.wp.com\/blogdalucianaoliveira.com.br\/blog\/wp-content\/uploads\/2016\/05\/image-179.jpeg?resize=600%2C600\" alt=\"image\" width=\"600\" height=\"600\" class=\"alignnone size-full wp-image-943\" srcset=\"https:\/\/i0.wp.com\/blogdalucianaoliveira.com.br\/blog\/wp-content\/uploads\/2016\/05\/image-179.jpeg?w=2400 2400w, https:\/\/i0.wp.com\/blogdalucianaoliveira.com.br\/blog\/wp-content\/uploads\/2016\/05\/image-179.jpeg?resize=150%2C150 150w, https:\/\/i0.wp.com\/blogdalucianaoliveira.com.br\/blog\/wp-content\/uploads\/2016\/05\/image-179.jpeg?resize=300%2C300 300w, https:\/\/i0.wp.com\/blogdalucianaoliveira.com.br\/blog\/wp-content\/uploads\/2016\/05\/image-179.jpeg?resize=768%2C768 768w, https:\/\/i0.wp.com\/blogdalucianaoliveira.com.br\/blog\/wp-content\/uploads\/2016\/05\/image-179.jpeg?resize=1024%2C1024 1024w, https:\/\/i0.wp.com\/blogdalucianaoliveira.com.br\/blog\/wp-content\/uploads\/2016\/05\/image-179.jpeg?w=1200 1200w, https:\/\/i0.wp.com\/blogdalucianaoliveira.com.br\/blog\/wp-content\/uploads\/2016\/05\/image-179.jpeg?w=1800 1800w\" sizes=\"auto, (max-width: 600px) 100vw, 600px\" \/><\/p>\n<p>Breve sele\u00e7\u00e3o de frases que soam escandalosas ou vazias. <!--more--><\/p>\n<p>MINIST\u00c9RIO DA SA\u00daDE<br \/>\nA Constitui\u00e7\u00e3o Cidad\u00e3, quando o Sarney sancionou, ele falou o que? Que o Brasil iria ficar ingovern\u00e1vel. Por que? Porque s\u00f3 tem direitos l\u00e1, n\u00e3o tem deveres. N\u00f3s n\u00e3o vamos conseguir sustentar o n\u00edvel de direitos que a Constitui\u00e7\u00e3o determina.\u201d<br \/>\nRicardo Barros<\/p>\n<p>MINIST\u00c9RIO DA JUSTI\u00c7A<\/p>\n<p>\u201cEu fui membro do Minist\u00e9rio P\u00fablico de S\u00e3o Paulo. Ele n\u00e3o \u00e9 ligado ao PSDB, n\u00e3o faz vista grossa e \u00e9 um exemplo pra outros MPs do pa\u00eds. A \u00fanica diferen\u00e7a em rela\u00e7\u00e3o ao governo federal \u00e9 que O GOVERNO DE S\u00c3O PAULO \u00c9 HONESTO. E um governo honesto, \u00e9 menos investigado porque n\u00e3o tem esc\u00e2ndalos.\u201d<br \/>\nAlexandre Morais<\/p>\n<p>MINIST\u00c9RIO DA FAZENDA<\/p>\n<p>\u201cImagine um \u00f4nibus que vem numa certa velocidade e, porque estava acelerando, mas de repente, resolve-se frear. Mesmo aplicando um freio, no caso, no desemprego, o \u00f4nibus ainda anda um pouco at\u00e9 parar, mas o importante \u00e9 que as pessoas sentirem que est\u00e1 diminuindo essa velocidade e que vai parar.\u201d<br \/>\nHenrique  Meireles<\/p>\n","protected":false},"excerpt":{"rendered":"<p>Breve sele\u00e7\u00e3o de frases que soam escandalosas ou vazias.<\/p>\n","protected":false},"author":1,"featured_media":0,"comment_status":"closed","ping_status":"open","sticky":false,"template":"","format":"standard","meta":{"_exactmetrics_skip_tracking":false,"_exactmetrics_sitenote_active":false,"_exactmetrics_sitenote_note":"","_exactmetrics_sitenote_category":0,"jetpack_post_was_ever_published":false,"_jetpack_newsletter_access":"","_jetpack_dont_email_post_to_subs":false,"_jetpack_newsletter_tier_id":0,"_jetpack_memberships_contains_paywalled_content":false,"_jetpack_memberships_contains_paid_content":false,"footnotes":"","jetpack_publicize_message":"","jetpack_publicize_feature_enabled":true,"jetpack_social_post_already_shared":true,"jetpack_social_options":{"image_generator_settings":{"template":"highway","enabled":false},"version":2}},"categories":[1],"tags":[],"class_list":["post-942","post","type-post","status-publish","format-standard","hentry","category-notas"],"jetpack_publicize_connections":[],"jetpack_sharing_enabled":true,"jetpack_featured_media_url":"","jetpack_shortlink":"https:\/\/wp.me\/p7wKYW-fc","jetpack-related-posts":[],"_links":{"self":[{"href":"http:\/\/blogdalucianaoliveira.com.br\/blog\/wp-json\/wp\/v2\/posts\/942","targetHints":{"allow":["GET"]}}],"collection":[{"href":"http:\/\/blogdalucianaoliveira.com.br\/blog\/wp-json\/wp\/v2\/posts"}],"about":[{"href":"http:\/\/blogdalucianaoliveira.com.br\/blog\/wp-json\/wp\/v2\/types\/post"}],"author":[{"embeddable":true,"href":"http:\/\/blogdalucianaoliveira.com.br\/blog\/wp-json\/wp\/v2\/users\/1"}],"replies":[{"embeddable":true,"href":"http:\/\/blogdalucianaoliveira.com.br\/blog\/wp-json\/wp\/v2\/comments?post=942"}],"version-history":[{"count":3,"href":"http:\/\/blogdalucianaoliveira.com.br\/blog\/wp-json\/wp\/v2\/posts\/942\/revisions"}],"predecessor-version":[{"id":946,"href":"http:\/\/blogdalucianaoliveira.com.br\/blog\/wp-json\/wp\/v2\/posts\/942\/revisions\/946"}],"wp:attachment":[{"href":"http:\/\/blogdalucianaoliveira.com.br\/blog\/wp-json\/wp\/v2\/media?parent=942"}],"wp:term":[{"taxonomy":"category","embeddable":true,"href":"http:\/\/blogdalucianaoliveira.com.br\/blog\/wp-json\/wp\/v2\/categories?post=942"},{"taxonomy":"post_tag","embeddable":true,"href":"http:\/\/blogdalucianaoliveira.com.br\/blog\/wp-json\/wp\/v2\/tags?post=942"}],"curies":[{"name":"wp","href":"https:\/\/api.w.org\/{rel}","templated":true}]}}