{"id":9425,"date":"2017-03-22T12:35:24","date_gmt":"2017-03-22T16:35:24","guid":{"rendered":"http:\/\/blogdalucianaoliveira.com.br\/blog\/?p=9425"},"modified":"2017-03-22T13:17:11","modified_gmt":"2017-03-22T17:17:11","slug":"conducao-coercitiva-de-blogueiro-foi-pior-ataque-de-moro-a-democracia","status":"publish","type":"post","link":"http:\/\/blogdalucianaoliveira.com.br\/blog\/2017\/03\/22\/conducao-coercitiva-de-blogueiro-foi-pior-ataque-de-moro-a-democracia\/","title":{"rendered":"CONDU\u00c7\u00c3O COERCITIVA DE BLOGUEIRO FOI PIOR ATAQUE DE MORO \u00c0 DEMOCRACIA"},"content":{"rendered":"<p><img data-recalc-dims=\"1\" loading=\"lazy\" decoding=\"async\" data-attachment-id=\"9411\" data-permalink=\"http:\/\/blogdalucianaoliveira.com.br\/blog\/2017\/03\/21\/sergio-moro-viola-sigilo-de-fonte-de-blogueiro-que-o-denunciou-no-cnj\/edu\/\" data-orig-file=\"https:\/\/i0.wp.com\/blogdalucianaoliveira.com.br\/blog\/wp-content\/uploads\/2017\/03\/edu.jpeg?fit=768%2C512\" data-orig-size=\"768,512\" data-comments-opened=\"0\" data-image-meta=\"{&quot;aperture&quot;:&quot;0&quot;,&quot;credit&quot;:&quot;&quot;,&quot;camera&quot;:&quot;&quot;,&quot;caption&quot;:&quot;&quot;,&quot;created_timestamp&quot;:&quot;0&quot;,&quot;copyright&quot;:&quot;&quot;,&quot;focal_length&quot;:&quot;0&quot;,&quot;iso&quot;:&quot;0&quot;,&quot;shutter_speed&quot;:&quot;0&quot;,&quot;title&quot;:&quot;&quot;,&quot;orientation&quot;:&quot;0&quot;}\" data-image-title=\"edu\" data-image-description=\"\" data-image-caption=\"\" data-medium-file=\"https:\/\/i0.wp.com\/blogdalucianaoliveira.com.br\/blog\/wp-content\/uploads\/2017\/03\/edu.jpeg?fit=300%2C200\" data-large-file=\"https:\/\/i0.wp.com\/blogdalucianaoliveira.com.br\/blog\/wp-content\/uploads\/2017\/03\/edu.jpeg?fit=600%2C400\" src=\"https:\/\/i0.wp.com\/blogdalucianaoliveira.com.br\/blog\/wp-content\/uploads\/2017\/03\/edu.jpeg?resize=600%2C400\" alt=\"edu\" width=\"600\" height=\"400\" class=\"alignnone size-full wp-image-9411\" srcset=\"https:\/\/i0.wp.com\/blogdalucianaoliveira.com.br\/blog\/wp-content\/uploads\/2017\/03\/edu.jpeg?w=768 768w, https:\/\/i0.wp.com\/blogdalucianaoliveira.com.br\/blog\/wp-content\/uploads\/2017\/03\/edu.jpeg?resize=300%2C200 300w, https:\/\/i0.wp.com\/blogdalucianaoliveira.com.br\/blog\/wp-content\/uploads\/2017\/03\/edu.jpeg?resize=450%2C300 450w\" sizes=\"auto, (max-width: 600px) 100vw, 600px\" \/><\/p>\n<p>Imagine o fim da garantia constitucional do sigilo da fonte que protege o trabalho da imprensa.<!--more--><\/p>\n<p>Quem em s\u00e3 consci\u00eancia iria denunciar um il\u00edcito sabendo que poderia passar o resto da vida enrolado com explica\u00e7\u00f5es \u00e0 justi\u00e7a?<\/p>\n<p>Que poderia at\u00e9 ser punido por isso, porque n\u00e3o agiu pela via adequada, porque prevaricou no exerc\u00edcio de uma fun\u00e7\u00e3o, porque se baseou em convic\u00e7\u00f5es sem provas?<\/p>\n<p>Seria o aniquilamento do pr\u00f3prio direito \u00e0 informa\u00e7\u00e3o que permite \u00e0 sociedade saber como atuam os poderes e como se desenvolve a rela\u00e7\u00e3o entre o p\u00fablico e o privado.<\/p>\n<p>Pela import\u00e2ncia da informa\u00e7\u00e3o que chega por meio de uma den\u00fancia que n\u00e3o pode ter sua fonte revelada, o jornalista assume riscos e muitos foram executados pra n\u00e3o abrirem a boca.<\/p>\n<p>O jornalista que revela sua fonte por dinheiro, medo ou press\u00e3o pol\u00edtica perde completamente a credibilidade, n\u00e3o serve \u00e0 fun\u00e7\u00e3o social que desempenha a imprensa.<\/p>\n<p>O juiz S\u00e9rgio Moro j\u00e1 cometeu muitos abusos, carrega no curr\u00edculo mais de 20 representa\u00e7\u00f5es protocoladas no Conselho Nacional de Justi\u00e7a, um pedido de desculpas ao Supremo Tribunal Federal por exorbitar de suas fun\u00e7\u00f5es e tamb\u00e9m den\u00fancia na Organiza\u00e7\u00e3o das Na\u00e7\u00f5es Unidas (ONU) pela condu\u00e7\u00e3o coercitiva de Lula e pelo levantamento do sigilo dos grampos envolvendo ele e a ex-presidente Dilma Rousseff. Isso em apenas tr\u00eas anos. <\/p>\n<p>Mas, nada foi t\u00e3o grave quanto determinar que o jornalista Eduardo Guimar\u00e3es, do Blog da Cidadania, fosse depor coercitivamente para revelar a fonte de uma not\u00edcia.<\/p>\n<p>Pior ainda, porque Moro \u00e9 parte num processo que move contra o jornalista, o que imp\u00f5e flagrante impedimento \u00e0 ordem descabida por falta de bom senso e fundamenta\u00e7\u00e3o jur\u00eddica.<\/p>\n<p>O que Moro queria era intimidar o jornalista e prevendo que seria cobrado pelo abuso, divulgou um v\u00eddeo na p\u00e1gina do facebook da esposa agradecendo apoio popular, dois dias antes.<\/p>\n<p>Agiu premeditadamente para manipular a opini\u00e3o popular quando fosse novamente cobrado.<\/p>\n<p><img data-recalc-dims=\"1\" loading=\"lazy\" decoding=\"async\" data-attachment-id=\"9428\" data-permalink=\"http:\/\/blogdalucianaoliveira.com.br\/blog\/2017\/03\/22\/conducao-coercitiva-de-blogueiro-foi-pior-ataque-de-moro-a-democracia\/print-moro\/\" data-orig-file=\"https:\/\/i0.wp.com\/blogdalucianaoliveira.com.br\/blog\/wp-content\/uploads\/2017\/03\/print-moro.jpg?fit=699%2C420\" data-orig-size=\"699,420\" data-comments-opened=\"0\" data-image-meta=\"{&quot;aperture&quot;:&quot;0&quot;,&quot;credit&quot;:&quot;&quot;,&quot;camera&quot;:&quot;&quot;,&quot;caption&quot;:&quot;&quot;,&quot;created_timestamp&quot;:&quot;0&quot;,&quot;copyright&quot;:&quot;&quot;,&quot;focal_length&quot;:&quot;0&quot;,&quot;iso&quot;:&quot;0&quot;,&quot;shutter_speed&quot;:&quot;0&quot;,&quot;title&quot;:&quot;&quot;,&quot;orientation&quot;:&quot;0&quot;}\" data-image-title=\"print-moro\" data-image-description=\"\" data-image-caption=\"\" data-medium-file=\"https:\/\/i0.wp.com\/blogdalucianaoliveira.com.br\/blog\/wp-content\/uploads\/2017\/03\/print-moro.jpg?fit=300%2C180\" data-large-file=\"https:\/\/i0.wp.com\/blogdalucianaoliveira.com.br\/blog\/wp-content\/uploads\/2017\/03\/print-moro.jpg?fit=600%2C361\" src=\"https:\/\/i0.wp.com\/blogdalucianaoliveira.com.br\/blog\/wp-content\/uploads\/2017\/03\/print-moro.jpg?resize=600%2C361\" alt=\"print-moro\" width=\"600\" height=\"361\" class=\"alignnone size-full wp-image-9428\" srcset=\"https:\/\/i0.wp.com\/blogdalucianaoliveira.com.br\/blog\/wp-content\/uploads\/2017\/03\/print-moro.jpg?w=699 699w, https:\/\/i0.wp.com\/blogdalucianaoliveira.com.br\/blog\/wp-content\/uploads\/2017\/03\/print-moro.jpg?resize=300%2C180 300w, https:\/\/i0.wp.com\/blogdalucianaoliveira.com.br\/blog\/wp-content\/uploads\/2017\/03\/print-moro.jpg?resize=499%2C300 499w\" sizes=\"auto, (max-width: 600px) 100vw, 600px\" \/><\/p>\n<p>Para Moro, Edu n\u00e3o \u00e9 jornalista, mas um blogueiro que se dedica a propaganda partid\u00e1ria, como se tivesse poder pra enquadrar a fun\u00e7\u00e3o do jornalismo.<\/p>\n<p>Para a sociedade fica cada vez mais claro que Moro, apesar de ser, n\u00e3o age como um juiz.<\/p>\n<p>E ele sabe disso, tanto que pede apoio popular sempre que planeja uma nova investida contra o Estado Democr\u00e1tico de Direito.<\/p>\n<p>Moro n\u00e3o se sustenta nos holofotes se a sociedade compreender que ele n\u00e3o age como um juiz, mas como um militante partid\u00e1rio.<\/p>\n","protected":false},"excerpt":{"rendered":"<p>Imagine o fim da garantia constitucional do sigilo da fonte que protege o trabalho da imprensa.<\/p>\n","protected":false},"author":1,"featured_media":0,"comment_status":"closed","ping_status":"open","sticky":false,"template":"","format":"standard","meta":{"_exactmetrics_skip_tracking":false,"_exactmetrics_sitenote_active":false,"_exactmetrics_sitenote_note":"","_exactmetrics_sitenote_category":0,"jetpack_post_was_ever_published":false,"_jetpack_newsletter_access":"","_jetpack_dont_email_post_to_subs":false,"_jetpack_newsletter_tier_id":0,"_jetpack_memberships_contains_paywalled_content":false,"_jetpack_memberships_contains_paid_content":false,"footnotes":"","jetpack_publicize_message":"","jetpack_publicize_feature_enabled":true,"jetpack_social_post_already_shared":true,"jetpack_social_options":{"image_generator_settings":{"template":"highway","enabled":false},"version":2}},"categories":[1],"tags":[],"class_list":["post-9425","post","type-post","status-publish","format-standard","hentry","category-notas"],"jetpack_publicize_connections":[],"jetpack_sharing_enabled":true,"jetpack_featured_media_url":"","jetpack_shortlink":"https:\/\/wp.me\/p7wKYW-2s1","jetpack-related-posts":[],"_links":{"self":[{"href":"http:\/\/blogdalucianaoliveira.com.br\/blog\/wp-json\/wp\/v2\/posts\/9425","targetHints":{"allow":["GET"]}}],"collection":[{"href":"http:\/\/blogdalucianaoliveira.com.br\/blog\/wp-json\/wp\/v2\/posts"}],"about":[{"href":"http:\/\/blogdalucianaoliveira.com.br\/blog\/wp-json\/wp\/v2\/types\/post"}],"author":[{"embeddable":true,"href":"http:\/\/blogdalucianaoliveira.com.br\/blog\/wp-json\/wp\/v2\/users\/1"}],"replies":[{"embeddable":true,"href":"http:\/\/blogdalucianaoliveira.com.br\/blog\/wp-json\/wp\/v2\/comments?post=9425"}],"version-history":[{"count":4,"href":"http:\/\/blogdalucianaoliveira.com.br\/blog\/wp-json\/wp\/v2\/posts\/9425\/revisions"}],"predecessor-version":[{"id":9430,"href":"http:\/\/blogdalucianaoliveira.com.br\/blog\/wp-json\/wp\/v2\/posts\/9425\/revisions\/9430"}],"wp:attachment":[{"href":"http:\/\/blogdalucianaoliveira.com.br\/blog\/wp-json\/wp\/v2\/media?parent=9425"}],"wp:term":[{"taxonomy":"category","embeddable":true,"href":"http:\/\/blogdalucianaoliveira.com.br\/blog\/wp-json\/wp\/v2\/categories?post=9425"},{"taxonomy":"post_tag","embeddable":true,"href":"http:\/\/blogdalucianaoliveira.com.br\/blog\/wp-json\/wp\/v2\/tags?post=9425"}],"curies":[{"name":"wp","href":"https:\/\/api.w.org\/{rel}","templated":true}]}}