{"id":9436,"date":"2017-03-22T16:05:30","date_gmt":"2017-03-22T20:05:30","guid":{"rendered":"http:\/\/blogdalucianaoliveira.com.br\/blog\/?p=9436"},"modified":"2017-03-22T16:13:47","modified_gmt":"2017-03-22T20:13:47","slug":"chave-de-alto-paraiso-entregue-a-emissarios-de-deus-pode-ser-devolvida","status":"publish","type":"post","link":"http:\/\/blogdalucianaoliveira.com.br\/blog\/2017\/03\/22\/chave-de-alto-paraiso-entregue-a-emissarios-de-deus-pode-ser-devolvida\/","title":{"rendered":"Chave de Alto Para\u00edso entregue a &#8216;emiss\u00e1rios de Deus&#8217; afronta Estado laico"},"content":{"rendered":"<p><img data-recalc-dims=\"1\" loading=\"lazy\" decoding=\"async\" data-attachment-id=\"9438\" data-permalink=\"http:\/\/blogdalucianaoliveira.com.br\/blog\/2017\/03\/22\/chave-de-alto-paraiso-entregue-a-emissarios-de-deus-pode-ser-devolvida\/img_4264\/\" data-orig-file=\"https:\/\/i0.wp.com\/blogdalucianaoliveira.com.br\/blog\/wp-content\/uploads\/2017\/03\/IMG_4264.jpg?fit=748%2C610\" data-orig-size=\"748,610\" data-comments-opened=\"0\" data-image-meta=\"{&quot;aperture&quot;:&quot;0&quot;,&quot;credit&quot;:&quot;&quot;,&quot;camera&quot;:&quot;&quot;,&quot;caption&quot;:&quot;&quot;,&quot;created_timestamp&quot;:&quot;0&quot;,&quot;copyright&quot;:&quot;&quot;,&quot;focal_length&quot;:&quot;0&quot;,&quot;iso&quot;:&quot;0&quot;,&quot;shutter_speed&quot;:&quot;0&quot;,&quot;title&quot;:&quot;&quot;,&quot;orientation&quot;:&quot;0&quot;}\" data-image-title=\"IMG_4264\" data-image-description=\"\" data-image-caption=\"\" data-medium-file=\"https:\/\/i0.wp.com\/blogdalucianaoliveira.com.br\/blog\/wp-content\/uploads\/2017\/03\/IMG_4264.jpg?fit=300%2C245\" data-large-file=\"https:\/\/i0.wp.com\/blogdalucianaoliveira.com.br\/blog\/wp-content\/uploads\/2017\/03\/IMG_4264.jpg?fit=600%2C489\" src=\"https:\/\/i0.wp.com\/blogdalucianaoliveira.com.br\/blog\/wp-content\/uploads\/2017\/03\/IMG_4264.jpg?resize=600%2C489\" alt=\"IMG_4264\" width=\"600\" height=\"489\" class=\"alignnone size-full wp-image-9438\" srcset=\"https:\/\/i0.wp.com\/blogdalucianaoliveira.com.br\/blog\/wp-content\/uploads\/2017\/03\/IMG_4264.jpg?w=748 748w, https:\/\/i0.wp.com\/blogdalucianaoliveira.com.br\/blog\/wp-content\/uploads\/2017\/03\/IMG_4264.jpg?resize=300%2C245 300w, https:\/\/i0.wp.com\/blogdalucianaoliveira.com.br\/blog\/wp-content\/uploads\/2017\/03\/IMG_4264.jpg?resize=368%2C300 368w\" sizes=\"auto, (max-width: 600px) 100vw, 600px\" \/><\/p>\n<p>PFDC quer inconstitucionalidade de decretos que entregam a Deus \u201cchaves da cidade\u201d<!--more--><\/p>\n<p>Legisla\u00e7\u00f5es foram publicadas neste ano pelos munic\u00edpios de Alto Para\u00edso (RO), Guanambi (BA), Sapezal (MT) e Santo Ant\u00f4nio de P\u00e1dua (RJ)<\/p>\n<p>A Procuradoria Federal dos Direitos do Cidad\u00e3o (PFDC), do Minist\u00e9rio P\u00fablico Federal, encaminhou ao procurador-geral da Rep\u00fablica, Rodrigo Janot, pedido para que seja apresentado ao Supremo Tribunal Federal pedido de inconstitucionalidade de decretos municipais que estabelecem a \u201centrega da chave\u201d das cidades a Deus e determinam o cancelamento de todos os \u201cpactos\u201d contr\u00e1rios ou n\u00e3o pertencentes ao credo citado.<\/p>\n<p>Os decretos foram publicados em janeiro deste ano pelos munic\u00edpios de Alto Para\u00edso (RO), Guanambi (BA), Sapezal (MT) e Santo Ant\u00f4nio de P\u00e1dua (RJ). Al\u00e9m de entregar a Deus \u201cas chaves do munic\u00edpio\u201d, as legisla\u00e7\u00f5es estabelecem que \u201ctodos os setores da prefeitura estar\u00e3o sobre a cobertura do alt\u00edssimo\u201d e que \u201ctodos os principados, potestades, governadores deste mundo tenebroso, e as for\u00e7as espirituais do mal, nesta cidade, estar\u00e3o sujeitas ao Senhor Jesus Cristo de Nazar\u00e9\u201d.<\/p>\n<p>Para a Procuradoria Federal dos Direitos do Cidad\u00e3o, as legisla\u00e7\u00f5es ferem claramente o preceito constitucional da laicidade do Estado, evidenciando claro privil\u00e9gio a determinado segmento religioso e tratamento desfavorecido e excludente em rela\u00e7\u00e3o \u00e0queles que n\u00e3o abra\u00e7am referido credo.\u201cN\u00e3o h\u00e1 d\u00favida de que a cria\u00e7\u00e3o de atos normativos com esse conte\u00fado desvirtua a postura de neutralidade que se deve esperar do Poder P\u00fablico frente \u00e0s quest\u00f5es religiosas no atual regime democr\u00e1tico, que deve estar comprometido em assegurar um espa\u00e7o social favor\u00e1vel ao pluralismo de ideias e cren\u00e7as, duramente conquistado ap\u00f3s diversas lutas emancipat\u00f3rias no processo constituinte\u201d.<\/p>\n<p>Igualdade \u2013 No documento encaminhado ao PGR, a PFDC explica que a laicidade estatal \u2013 adotada na maioria das democracias ocidentais contempor\u00e2neas \u2013 \u00e9 um princ\u00edpio que opera em duas dire\u00e7\u00f5es: de um lado, protege as diversas tend\u00eancias religiosas do risco de interven\u00e7\u00f5es abusivas do Estado nas suas quest\u00f5es internas; por outro, protege o Estado de influ\u00eancias provenientes do campo religioso.<\/p>\n<p>\u201cEm uma sociedade plural, como a brasileira, em que convivem pessoas das mais variadas cren\u00e7as e afilia\u00e7\u00f5es religiosas, bem como aquelas que n\u00e3o professam credo algum, a laicidade converte-se em instrumento indispens\u00e1vel para possibilitar o tratamento de todos com o mesmo respeito e considera\u00e7\u00e3o. Contrariamente, o endosso pelo Estado de qualquer posicionamento religioso acarreta injustificado tratamento desfavorecido em rela\u00e7\u00e3o \u00e0queles que n\u00e3o abra\u00e7am o credo privilegiado, que s\u00e3o levados a considerar-se como &#8216;cidad\u00e3os de segunda classe&#8217;\u201d, esclarece a PFDC.<\/p>\n<p>Por impactar na postura de neutralidade que se deve esperar do Poder P\u00fablico frente a quest\u00f5es religiosas \u2013 e da difus\u00e3o de sentimentos de intoler\u00e2ncia e discrimina\u00e7\u00e3o em rela\u00e7\u00e3o \u00e0queles que professam ideologias diferentes \u2013 a Procuradoria Federal dos Direitos do Cidad\u00e3o tamb\u00e9m pede que os atos sejam suspensos enquanto n\u00e3o houver desfecho da an\u00e1lise por parte do STF.<\/p>\n<p>Fonte: MPF <\/p>\n","protected":false},"excerpt":{"rendered":"<p>PFDC quer inconstitucionalidade de decretos que entregam a Deus \u201cchaves da cidade\u201d<\/p>\n","protected":false},"author":1,"featured_media":0,"comment_status":"closed","ping_status":"open","sticky":false,"template":"","format":"standard","meta":{"_exactmetrics_skip_tracking":false,"_exactmetrics_sitenote_active":false,"_exactmetrics_sitenote_note":"","_exactmetrics_sitenote_category":0,"jetpack_post_was_ever_published":false,"_jetpack_newsletter_access":"","_jetpack_dont_email_post_to_subs":false,"_jetpack_newsletter_tier_id":0,"_jetpack_memberships_contains_paywalled_content":false,"_jetpack_memberships_contains_paid_content":false,"footnotes":"","jetpack_publicize_message":"","jetpack_publicize_feature_enabled":true,"jetpack_social_post_already_shared":true,"jetpack_social_options":{"image_generator_settings":{"template":"highway","enabled":false},"version":2}},"categories":[1],"tags":[],"class_list":["post-9436","post","type-post","status-publish","format-standard","hentry","category-notas"],"jetpack_publicize_connections":[],"jetpack_sharing_enabled":true,"jetpack_featured_media_url":"","jetpack_shortlink":"https:\/\/wp.me\/p7wKYW-2sc","jetpack-related-posts":[],"_links":{"self":[{"href":"http:\/\/blogdalucianaoliveira.com.br\/blog\/wp-json\/wp\/v2\/posts\/9436","targetHints":{"allow":["GET"]}}],"collection":[{"href":"http:\/\/blogdalucianaoliveira.com.br\/blog\/wp-json\/wp\/v2\/posts"}],"about":[{"href":"http:\/\/blogdalucianaoliveira.com.br\/blog\/wp-json\/wp\/v2\/types\/post"}],"author":[{"embeddable":true,"href":"http:\/\/blogdalucianaoliveira.com.br\/blog\/wp-json\/wp\/v2\/users\/1"}],"replies":[{"embeddable":true,"href":"http:\/\/blogdalucianaoliveira.com.br\/blog\/wp-json\/wp\/v2\/comments?post=9436"}],"version-history":[{"count":5,"href":"http:\/\/blogdalucianaoliveira.com.br\/blog\/wp-json\/wp\/v2\/posts\/9436\/revisions"}],"predecessor-version":[{"id":9443,"href":"http:\/\/blogdalucianaoliveira.com.br\/blog\/wp-json\/wp\/v2\/posts\/9436\/revisions\/9443"}],"wp:attachment":[{"href":"http:\/\/blogdalucianaoliveira.com.br\/blog\/wp-json\/wp\/v2\/media?parent=9436"}],"wp:term":[{"taxonomy":"category","embeddable":true,"href":"http:\/\/blogdalucianaoliveira.com.br\/blog\/wp-json\/wp\/v2\/categories?post=9436"},{"taxonomy":"post_tag","embeddable":true,"href":"http:\/\/blogdalucianaoliveira.com.br\/blog\/wp-json\/wp\/v2\/tags?post=9436"}],"curies":[{"name":"wp","href":"https:\/\/api.w.org\/{rel}","templated":true}]}}