{"id":9450,"date":"2017-03-23T07:37:18","date_gmt":"2017-03-23T11:37:18","guid":{"rendered":"http:\/\/blogdalucianaoliveira.com.br\/blog\/?p=9450"},"modified":"2017-03-23T07:37:18","modified_gmt":"2017-03-23T11:37:18","slug":"lindbergh-vamos-colocar-temer-pra-fora-e-revogar-esse-projeto-criminoso","status":"publish","type":"post","link":"http:\/\/blogdalucianaoliveira.com.br\/blog\/2017\/03\/23\/lindbergh-vamos-colocar-temer-pra-fora-e-revogar-esse-projeto-criminoso\/","title":{"rendered":"LINDBERGH: VAMOS COLOCAR TEMER PRA FORA E REVOGAR ESSE PROJETO CRIMINOSO"},"content":{"rendered":"<p><img data-recalc-dims=\"1\" loading=\"lazy\" decoding=\"async\" data-attachment-id=\"9451\" data-permalink=\"http:\/\/blogdalucianaoliveira.com.br\/blog\/2017\/03\/23\/lindbergh-vamos-colocar-temer-pra-fora-e-revogar-esse-projeto-criminoso\/img_4320\/\" data-orig-file=\"https:\/\/i0.wp.com\/blogdalucianaoliveira.com.br\/blog\/wp-content\/uploads\/2017\/03\/IMG_4320.jpg?fit=582%2C253\" data-orig-size=\"582,253\" data-comments-opened=\"0\" data-image-meta=\"{&quot;aperture&quot;:&quot;0&quot;,&quot;credit&quot;:&quot;&quot;,&quot;camera&quot;:&quot;&quot;,&quot;caption&quot;:&quot;&quot;,&quot;created_timestamp&quot;:&quot;0&quot;,&quot;copyright&quot;:&quot;&quot;,&quot;focal_length&quot;:&quot;0&quot;,&quot;iso&quot;:&quot;0&quot;,&quot;shutter_speed&quot;:&quot;0&quot;,&quot;title&quot;:&quot;&quot;,&quot;orientation&quot;:&quot;0&quot;}\" data-image-title=\"IMG_4320\" data-image-description=\"\" data-image-caption=\"\" data-medium-file=\"https:\/\/i0.wp.com\/blogdalucianaoliveira.com.br\/blog\/wp-content\/uploads\/2017\/03\/IMG_4320.jpg?fit=300%2C130\" data-large-file=\"https:\/\/i0.wp.com\/blogdalucianaoliveira.com.br\/blog\/wp-content\/uploads\/2017\/03\/IMG_4320.jpg?fit=582%2C253\" src=\"https:\/\/i0.wp.com\/blogdalucianaoliveira.com.br\/blog\/wp-content\/uploads\/2017\/03\/IMG_4320.jpg?resize=582%2C253\" alt=\"IMG_4320\" width=\"582\" height=\"253\" class=\"alignnone size-full wp-image-9451\" srcset=\"https:\/\/i0.wp.com\/blogdalucianaoliveira.com.br\/blog\/wp-content\/uploads\/2017\/03\/IMG_4320.jpg?w=582 582w, https:\/\/i0.wp.com\/blogdalucianaoliveira.com.br\/blog\/wp-content\/uploads\/2017\/03\/IMG_4320.jpg?resize=300%2C130 300w\" sizes=\"auto, (max-width: 582px) 100vw, 582px\" \/><\/p>\n<p>Por Lindbergh Farias, em seu Facebook<\/p>\n<p>Os golpistas acabaram de aprovar na C\u00e2mara um projeto apresentado durante o governo FHC que destr\u00f3i parte importante dos direitos trabalhistas.<!--more--><\/p>\n<p>O resultado, no entanto, mostra que a base de Temer come\u00e7ou a se desintegrar: 231 votos favor\u00e1veis ao projeto contra 188 contr\u00e1rios. Para aprovar a reforma da previd\u00eancia precisar\u00e3o de 308 votos. Temer iniciou o governo contando com 350 votos para aprovar o que bem entendesse, o jogo come\u00e7ou a virar e, com as mobiliza\u00e7\u00f5es que est\u00e3o programadas, a reforma da previd\u00eancia n\u00e3o tem a menor chance de ser aprovada.<\/p>\n<p>Precisamos seguir na luta para derrotar este governo golpista e restabelecer a democracia, eleger um governo leg\u00edtimo e anular as medidas aprovadas por Temer!<\/p>\n<div class=\"fb-video\" data-allowfullscreen=\"true\" data-href=\"https:\/\/www.facebook.com\/lindbergh.farias\/videos\/1497826363561987\/\"><\/div>\n","protected":false},"excerpt":{"rendered":"<p>Por Lindbergh Farias, em seu Facebook Os golpistas acabaram de aprovar na C\u00e2mara um projeto apresentado durante o governo FHC que destr\u00f3i parte importante dos direitos trabalhistas.<\/p>\n","protected":false},"author":1,"featured_media":0,"comment_status":"closed","ping_status":"open","sticky":false,"template":"","format":"standard","meta":{"_exactmetrics_skip_tracking":false,"_exactmetrics_sitenote_active":false,"_exactmetrics_sitenote_note":"","_exactmetrics_sitenote_category":0,"jetpack_post_was_ever_published":false,"_jetpack_newsletter_access":"","_jetpack_dont_email_post_to_subs":false,"_jetpack_newsletter_tier_id":0,"_jetpack_memberships_contains_paywalled_content":false,"_jetpack_memberships_contains_paid_content":false,"footnotes":"","jetpack_publicize_message":"","jetpack_publicize_feature_enabled":true,"jetpack_social_post_already_shared":true,"jetpack_social_options":{"image_generator_settings":{"template":"highway","enabled":false},"version":2}},"categories":[1],"tags":[],"class_list":["post-9450","post","type-post","status-publish","format-standard","hentry","category-notas"],"jetpack_publicize_connections":[],"jetpack_sharing_enabled":true,"jetpack_featured_media_url":"","jetpack_shortlink":"https:\/\/wp.me\/p7wKYW-2sq","jetpack-related-posts":[],"_links":{"self":[{"href":"http:\/\/blogdalucianaoliveira.com.br\/blog\/wp-json\/wp\/v2\/posts\/9450","targetHints":{"allow":["GET"]}}],"collection":[{"href":"http:\/\/blogdalucianaoliveira.com.br\/blog\/wp-json\/wp\/v2\/posts"}],"about":[{"href":"http:\/\/blogdalucianaoliveira.com.br\/blog\/wp-json\/wp\/v2\/types\/post"}],"author":[{"embeddable":true,"href":"http:\/\/blogdalucianaoliveira.com.br\/blog\/wp-json\/wp\/v2\/users\/1"}],"replies":[{"embeddable":true,"href":"http:\/\/blogdalucianaoliveira.com.br\/blog\/wp-json\/wp\/v2\/comments?post=9450"}],"version-history":[{"count":1,"href":"http:\/\/blogdalucianaoliveira.com.br\/blog\/wp-json\/wp\/v2\/posts\/9450\/revisions"}],"predecessor-version":[{"id":9452,"href":"http:\/\/blogdalucianaoliveira.com.br\/blog\/wp-json\/wp\/v2\/posts\/9450\/revisions\/9452"}],"wp:attachment":[{"href":"http:\/\/blogdalucianaoliveira.com.br\/blog\/wp-json\/wp\/v2\/media?parent=9450"}],"wp:term":[{"taxonomy":"category","embeddable":true,"href":"http:\/\/blogdalucianaoliveira.com.br\/blog\/wp-json\/wp\/v2\/categories?post=9450"},{"taxonomy":"post_tag","embeddable":true,"href":"http:\/\/blogdalucianaoliveira.com.br\/blog\/wp-json\/wp\/v2\/tags?post=9450"}],"curies":[{"name":"wp","href":"https:\/\/api.w.org\/{rel}","templated":true}]}}