{"id":9456,"date":"2017-03-23T11:09:33","date_gmt":"2017-03-23T15:09:33","guid":{"rendered":"http:\/\/blogdalucianaoliveira.com.br\/blog\/?p=9456"},"modified":"2017-03-23T11:09:33","modified_gmt":"2017-03-23T15:09:33","slug":"juizes-trabalhistas-brasil-virou-selva","status":"publish","type":"post","link":"http:\/\/blogdalucianaoliveira.com.br\/blog\/2017\/03\/23\/juizes-trabalhistas-brasil-virou-selva\/","title":{"rendered":"JU\u00cdZES TRABALHISTAS: BRASIL VIROU SELVA"},"content":{"rendered":"<p><img data-recalc-dims=\"1\" loading=\"lazy\" decoding=\"async\" data-attachment-id=\"9457\" data-permalink=\"http:\/\/blogdalucianaoliveira.com.br\/blog\/2017\/03\/23\/juizes-trabalhistas-brasil-virou-selva\/terc\/\" data-orig-file=\"https:\/\/i0.wp.com\/blogdalucianaoliveira.com.br\/blog\/wp-content\/uploads\/2017\/03\/terc.jpg?fit=1000%2C357\" data-orig-size=\"1000,357\" data-comments-opened=\"0\" data-image-meta=\"{&quot;aperture&quot;:&quot;0&quot;,&quot;credit&quot;:&quot;&quot;,&quot;camera&quot;:&quot;&quot;,&quot;caption&quot;:&quot;&quot;,&quot;created_timestamp&quot;:&quot;0&quot;,&quot;copyright&quot;:&quot;&quot;,&quot;focal_length&quot;:&quot;0&quot;,&quot;iso&quot;:&quot;0&quot;,&quot;shutter_speed&quot;:&quot;0&quot;,&quot;title&quot;:&quot;&quot;,&quot;orientation&quot;:&quot;0&quot;}\" data-image-title=\"terc\" data-image-description=\"\" data-image-caption=\"\" data-medium-file=\"https:\/\/i0.wp.com\/blogdalucianaoliveira.com.br\/blog\/wp-content\/uploads\/2017\/03\/terc.jpg?fit=300%2C107\" data-large-file=\"https:\/\/i0.wp.com\/blogdalucianaoliveira.com.br\/blog\/wp-content\/uploads\/2017\/03\/terc.jpg?fit=600%2C214\" src=\"https:\/\/i0.wp.com\/blogdalucianaoliveira.com.br\/blog\/wp-content\/uploads\/2017\/03\/terc.jpg?resize=600%2C214\" alt=\"terc\" width=\"600\" height=\"214\" class=\"alignnone size-full wp-image-9457\" srcset=\"https:\/\/i0.wp.com\/blogdalucianaoliveira.com.br\/blog\/wp-content\/uploads\/2017\/03\/terc.jpg?w=1000 1000w, https:\/\/i0.wp.com\/blogdalucianaoliveira.com.br\/blog\/wp-content\/uploads\/2017\/03\/terc.jpg?resize=300%2C107 300w, https:\/\/i0.wp.com\/blogdalucianaoliveira.com.br\/blog\/wp-content\/uploads\/2017\/03\/terc.jpg?resize=768%2C274 768w, https:\/\/i0.wp.com\/blogdalucianaoliveira.com.br\/blog\/wp-content\/uploads\/2017\/03\/terc.jpg?resize=800%2C286 800w\" sizes=\"auto, (max-width: 600px) 100vw, 600px\" \/><\/p>\n<p>247 &#8211; A Associa\u00e7\u00e3o Nacional dos Magistrados da Justi\u00e7a do Trabalho (Anamatra), que representa cerca de 4 mil ju\u00edzes do Trabalho, divulgou uma nota nesta quinta-feira 23 em que diz lamentar a aprova\u00e7\u00e3o do PL n\u00ba 4302\/98, na noite desta quarta-feira 22 pela C\u00e2mara dos Deputados, que libera a terceiriza\u00e7\u00e3o irrestrita em todos os setores do Brasil.<!--more--><\/p>\n<p>A entidade ressalta que o projeto &#8220;n\u00e3o trata de mat\u00e9ria de interesse da popula\u00e7\u00e3o&#8221; e &#8220;contribuir\u00e1 apenas para o empobrecimento do pa\u00eds e de seus trabalhadores&#8221;, ao &#8220;instituir como regra a precariza\u00e7\u00e3o nas rela\u00e7\u00f5es laborais&#8221;, &#8220;agravar o quadro em que hoje se encontram aproximadamente 12 milh\u00f5es de trabalhadores terceirizados&#8221;, e aumenta ainda fatores como &#8220;rotatividade&#8221; e &#8220;acidentes de trabalho&#8221;.<\/p>\n<p>&#8220;A aprova\u00e7\u00e3o da proposta, induvidosamente, colide com os compromissos de prote\u00e7\u00e3o \u00e0 cidadania, \u00e0 dignidade da pessoa humana e aos valores sociais do trabalho previsto no art\u00ba 1\u00ba da Constitui\u00e7\u00e3o Federal&#8221;, protestam os ju\u00edzes, que apelam a Michel Temer para que vete o texto. Confira a \u00edntegra:<\/p>\n<p>NOTA P\u00daBLICA<\/p>\n<p>A Associa\u00e7\u00e3o Nacional dos Magistrados da Justi\u00e7a do Trabalho \u2013 ANAMATRA, entidade que representa cerca de 4 mil ju\u00edzes do Trabalho, tendo em vista a aprova\u00e7\u00e3o, na noite desta quarta-feira (22\/3), do Projeto de Lei (PL) n\u00ba 4.302\/1998, que regulamenta a terceiriza\u00e7\u00e3o nas atividades meio e fim, bem como na iniciativa privada e no servi\u00e7o p\u00fablico, vem a p\u00fablico se manifestar nos seguintes termos:<\/p>\n<p>1 \u2013 A proposta, induvidosamente, acarretar\u00e1 para milh\u00f5es de trabalhadores no Brasil o rebaixamento de sal\u00e1rios e de suas condi\u00e7\u00f5es de trabalho, instituindo como regra a precariza\u00e7\u00e3o nas rela\u00e7\u00f5es laborais.<\/p>\n<p>2 \u2013 O projeto agrava o quadro em que hoje se encontram aproximadamente 12 milh\u00f5es de trabalhadores terceirizados, contra 35 milh\u00f5es de contratados diretamente, n\u00fameros que podem ser invertidos com a aprova\u00e7\u00e3o do texto hoje apreciado.<\/p>\n<p>3 &#8211; N\u00e3o se pode deixar de lembrar a elevada taxa de rotatividade que acomete os profissionais terceirizados, que trabalham em m\u00e9dia 3 horas a mais que os empregados diretos, al\u00e9m de ficarem em m\u00e9dia 2,7 anos no emprego intermediado, enquanto os contratados permanentes ficam em seus postos de trabalho, em m\u00e9dia, por 5,8 anos.<\/p>\n<p>4 \u2013 O j\u00e1 elevado n\u00famero de acidentes de trabalho no Brasil (de dez acidentes, oito acontecem com empregados terceirizados) tende a ser agravado ainda mais, gerando preju\u00edzos para esses trabalhadores, para a Sistema \u00danico de Sa\u00fade e para Previd\u00eancia Social que, al\u00e9m do mais, tende a sofrer impactos negativos at\u00e9 mesmo nos recolhimentos mensais, fruto de um projeto completamente incoerente e que s\u00f3 gera proveito para o poder econ\u00f4mico.<\/p>\n<p>5 &#8211; A aprova\u00e7\u00e3o da proposta, induvidosamente, colide com os compromissos de prote\u00e7\u00e3o \u00e0 cidadania, \u00e0 dignidade da pessoa humana e aos valores sociais do trabalho previsto no art\u00ba 1\u00ba da Constitui\u00e7\u00e3o Federal que, tamb\u00e9m em seu artigo 2\u00ba, estabelece como objetivos fundamentais da Rep\u00fablica construir uma sociedade livre, justa e solid\u00e1ria e a erradicar a pobreza, a marginaliza\u00e7\u00e3o e reduzir as desigualdades sociais e regionais.<\/p>\n<p>6 \u2013 Por essas raz\u00f5es, a Anamatra lamenta a aprova\u00e7\u00e3o do PL n\u00ba 4302\/98, na certeza de que n\u00e3o se trata de mat\u00e9ria de interesse da popula\u00e7\u00e3o, convicta ainda de que a medida contribuir\u00e1 apenas para o empobrecimento do pa\u00eds e de seus trabalhadores.<\/p>\n<p>7 \u2013 Desse modo, a ANAMATRA conclama o Excelent\u00edssimo Senhor Presidente da Rep\u00fablica, Dr. Michel Temer, a vetar o projeto, protegendo a dignidade e a cidadania.<\/p>\n<p>Bras\u00edlia, 22 de mar\u00e7o de 2017<br \/>\nGermano Silveira de Siqueira<br \/>\nPresidente da Anamatra<\/p>\n","protected":false},"excerpt":{"rendered":"<p>247 &#8211; A Associa\u00e7\u00e3o Nacional dos Magistrados da Justi\u00e7a do Trabalho (Anamatra), que representa cerca de 4 mil ju\u00edzes do Trabalho, divulgou uma nota nesta quinta-feira 23 em que diz lamentar a aprova\u00e7\u00e3o do PL n\u00ba 4302\/98, na noite desta quarta-feira 22 pela C\u00e2mara dos Deputados, que libera a terceiriza\u00e7\u00e3o irrestrita em todos os setores&#8230;<a class=\"more-link\" href=\"http:\/\/blogdalucianaoliveira.com.br\/blog\/2017\/03\/23\/juizes-trabalhistas-brasil-virou-selva\/\">Continue a leitura <span class=\"meta-nav\">&raquo;<\/span><\/a><\/p>\n","protected":false},"author":1,"featured_media":0,"comment_status":"closed","ping_status":"open","sticky":false,"template":"","format":"standard","meta":{"_exactmetrics_skip_tracking":false,"_exactmetrics_sitenote_active":false,"_exactmetrics_sitenote_note":"","_exactmetrics_sitenote_category":0,"jetpack_post_was_ever_published":false,"_jetpack_newsletter_access":"","_jetpack_dont_email_post_to_subs":false,"_jetpack_newsletter_tier_id":0,"_jetpack_memberships_contains_paywalled_content":false,"_jetpack_memberships_contains_paid_content":false,"footnotes":"","jetpack_publicize_message":"","jetpack_publicize_feature_enabled":true,"jetpack_social_post_already_shared":true,"jetpack_social_options":{"image_generator_settings":{"template":"highway","enabled":false},"version":2}},"categories":[1],"tags":[],"class_list":["post-9456","post","type-post","status-publish","format-standard","hentry","category-notas"],"jetpack_publicize_connections":[],"jetpack_sharing_enabled":true,"jetpack_featured_media_url":"","jetpack_shortlink":"https:\/\/wp.me\/p7wKYW-2sw","jetpack-related-posts":[],"_links":{"self":[{"href":"http:\/\/blogdalucianaoliveira.com.br\/blog\/wp-json\/wp\/v2\/posts\/9456","targetHints":{"allow":["GET"]}}],"collection":[{"href":"http:\/\/blogdalucianaoliveira.com.br\/blog\/wp-json\/wp\/v2\/posts"}],"about":[{"href":"http:\/\/blogdalucianaoliveira.com.br\/blog\/wp-json\/wp\/v2\/types\/post"}],"author":[{"embeddable":true,"href":"http:\/\/blogdalucianaoliveira.com.br\/blog\/wp-json\/wp\/v2\/users\/1"}],"replies":[{"embeddable":true,"href":"http:\/\/blogdalucianaoliveira.com.br\/blog\/wp-json\/wp\/v2\/comments?post=9456"}],"version-history":[{"count":1,"href":"http:\/\/blogdalucianaoliveira.com.br\/blog\/wp-json\/wp\/v2\/posts\/9456\/revisions"}],"predecessor-version":[{"id":9458,"href":"http:\/\/blogdalucianaoliveira.com.br\/blog\/wp-json\/wp\/v2\/posts\/9456\/revisions\/9458"}],"wp:attachment":[{"href":"http:\/\/blogdalucianaoliveira.com.br\/blog\/wp-json\/wp\/v2\/media?parent=9456"}],"wp:term":[{"taxonomy":"category","embeddable":true,"href":"http:\/\/blogdalucianaoliveira.com.br\/blog\/wp-json\/wp\/v2\/categories?post=9456"},{"taxonomy":"post_tag","embeddable":true,"href":"http:\/\/blogdalucianaoliveira.com.br\/blog\/wp-json\/wp\/v2\/tags?post=9456"}],"curies":[{"name":"wp","href":"https:\/\/api.w.org\/{rel}","templated":true}]}}