{"id":9459,"date":"2017-03-23T11:13:38","date_gmt":"2017-03-23T15:13:38","guid":{"rendered":"http:\/\/blogdalucianaoliveira.com.br\/blog\/?p=9459"},"modified":"2017-03-23T11:13:38","modified_gmt":"2017-03-23T15:13:38","slug":"oea-moro-atentou-contra-liberdade-de-expressao","status":"publish","type":"post","link":"http:\/\/blogdalucianaoliveira.com.br\/blog\/2017\/03\/23\/oea-moro-atentou-contra-liberdade-de-expressao\/","title":{"rendered":"OEA: MORO ATENTOU CONTRA LIBERDADE DE EXPRESS\u00c3O"},"content":{"rendered":"<p><iframe loading=\"lazy\" src=\"http:\/\/content.jwplatform.com\/players\/HYiNBtvY-EdHupmSv.html\" width=\"1000\" height=\"500\" frameborder=\"0\" scrolling=\"auto\"><\/iframe><\/p>\n<p>247 &#8211; O jornalista e advogado uruguaio Edison Lanza, relator especial para Liberdade de Express\u00e3o da Comiss\u00e3o Interamericana de Direitos Humanos, \u00f3rg\u00e3o independente ligado \u00e0 OEA (Organiza\u00e7\u00e3o dos Estados Americanos), criticou o juiz Sergio Moro pela condu\u00e7\u00e3o coercitiva contra o blogueiro Eduardo Guimar\u00e3es.<!--more--><\/p>\n<p>No Twitter, Lanza publicou nesta quarta-feira 22: &#8220;Grave: juiz Moro submeteu e obrigou blogueiro a revelar fontes. N\u00e3o se combate a corrup\u00e7\u00e3o sem liberdade de imprensa&#8221;. Na ter\u00e7a, a Pol\u00edcia Federal foi \u00e0 casa de Guimar\u00e3es, que edita o Blog da Cidadania, apreendeu seu computador, celular e o celular de sua esposa e exigiu saber a autoria da fonte de um vazamento da Lava Jato.<\/p>\n<p>Segundo Guimar\u00e3es, a PF j\u00e1 sabia quem era a fonte quando ele chegou \u00e0 sede da corpora\u00e7\u00e3o em S\u00e3o Paulo. O motivo da condu\u00e7\u00e3o coercitiva foi um vazamento feito por Guimar\u00e3es em fevereiro do ano passado sobre uma condu\u00e7\u00e3o coercitiva que ocorreria contra o ex-presidente Lula, deflagrada em mar\u00e7o daquele ano.<\/p>\n<p>A Constitui\u00e7\u00e3o Federal, em seu Artigo 5\u00ba&#8221;, par\u00e1grafo XIV, define que &#8220;\u00e9 assegurado a todos o acesso \u00e0 informa\u00e7\u00e3o e resguardado o sigilo da fonte, quando necess\u00e1rio ao exerc\u00edcio profissional&#8221;. Questionado sobre a autoriza\u00e7\u00e3o do mandado contra o blogueiro, o juiz Sergio Moro argumentou que ele n\u00e3o seria jornalista, atividade que n\u00e3o existe forma\u00e7\u00e3o espec\u00edfica no Brasil.<\/p>\n<p>A ONG Rep\u00f3rteres Sem Fronteiras, uma das principais institui\u00e7\u00f5es globais em defesa do jornalismo, condenou a a\u00e7\u00e3o contra Guimar\u00e3es. A Federa\u00e7\u00e3o Nacional dos Jornalistas (Fenaj) tamb\u00e9m repudiou a a\u00e7\u00e3o de Moro contra Guimar\u00e3es, ao afirmar que a PF ataca a liberdade de imprensa e abre um terr\u00edvel precedente com a a\u00e7\u00e3o.<\/p>\n","protected":false},"excerpt":{"rendered":"<p>247 &#8211; O jornalista e advogado uruguaio Edison Lanza, relator especial para Liberdade de Express\u00e3o da Comiss\u00e3o Interamericana de Direitos Humanos, \u00f3rg\u00e3o independente ligado \u00e0 OEA (Organiza\u00e7\u00e3o dos Estados Americanos), criticou o juiz Sergio Moro pela condu\u00e7\u00e3o coercitiva contra o blogueiro Eduardo Guimar\u00e3es.<\/p>\n","protected":false},"author":1,"featured_media":0,"comment_status":"closed","ping_status":"open","sticky":false,"template":"","format":"standard","meta":{"_exactmetrics_skip_tracking":false,"_exactmetrics_sitenote_active":false,"_exactmetrics_sitenote_note":"","_exactmetrics_sitenote_category":0,"jetpack_post_was_ever_published":false,"_jetpack_newsletter_access":"","_jetpack_dont_email_post_to_subs":false,"_jetpack_newsletter_tier_id":0,"_jetpack_memberships_contains_paywalled_content":false,"_jetpack_memberships_contains_paid_content":false,"footnotes":"","jetpack_publicize_message":"","jetpack_publicize_feature_enabled":true,"jetpack_social_post_already_shared":true,"jetpack_social_options":{"image_generator_settings":{"template":"highway","enabled":false},"version":2}},"categories":[1],"tags":[],"class_list":["post-9459","post","type-post","status-publish","format-standard","hentry","category-notas"],"jetpack_publicize_connections":[],"jetpack_sharing_enabled":true,"jetpack_featured_media_url":"","jetpack_shortlink":"https:\/\/wp.me\/p7wKYW-2sz","jetpack-related-posts":[],"_links":{"self":[{"href":"http:\/\/blogdalucianaoliveira.com.br\/blog\/wp-json\/wp\/v2\/posts\/9459","targetHints":{"allow":["GET"]}}],"collection":[{"href":"http:\/\/blogdalucianaoliveira.com.br\/blog\/wp-json\/wp\/v2\/posts"}],"about":[{"href":"http:\/\/blogdalucianaoliveira.com.br\/blog\/wp-json\/wp\/v2\/types\/post"}],"author":[{"embeddable":true,"href":"http:\/\/blogdalucianaoliveira.com.br\/blog\/wp-json\/wp\/v2\/users\/1"}],"replies":[{"embeddable":true,"href":"http:\/\/blogdalucianaoliveira.com.br\/blog\/wp-json\/wp\/v2\/comments?post=9459"}],"version-history":[{"count":1,"href":"http:\/\/blogdalucianaoliveira.com.br\/blog\/wp-json\/wp\/v2\/posts\/9459\/revisions"}],"predecessor-version":[{"id":9460,"href":"http:\/\/blogdalucianaoliveira.com.br\/blog\/wp-json\/wp\/v2\/posts\/9459\/revisions\/9460"}],"wp:attachment":[{"href":"http:\/\/blogdalucianaoliveira.com.br\/blog\/wp-json\/wp\/v2\/media?parent=9459"}],"wp:term":[{"taxonomy":"category","embeddable":true,"href":"http:\/\/blogdalucianaoliveira.com.br\/blog\/wp-json\/wp\/v2\/categories?post=9459"},{"taxonomy":"post_tag","embeddable":true,"href":"http:\/\/blogdalucianaoliveira.com.br\/blog\/wp-json\/wp\/v2\/tags?post=9459"}],"curies":[{"name":"wp","href":"https:\/\/api.w.org\/{rel}","templated":true}]}}