{"id":9461,"date":"2017-03-23T11:15:59","date_gmt":"2017-03-23T15:15:59","guid":{"rendered":"http:\/\/blogdalucianaoliveira.com.br\/blog\/?p=9461"},"modified":"2017-03-23T11:15:59","modified_gmt":"2017-03-23T15:15:59","slug":"falta-voto-se-a-pressao-da-rua-aumentar-degola-da-previdencia-nao-sai","status":"publish","type":"post","link":"http:\/\/blogdalucianaoliveira.com.br\/blog\/2017\/03\/23\/falta-voto-se-a-pressao-da-rua-aumentar-degola-da-previdencia-nao-sai\/","title":{"rendered":"Falta voto. Se a press\u00e3o da rua aumentar, degola da previd\u00eancia n\u00e3o sai"},"content":{"rendered":"<p><img data-recalc-dims=\"1\" loading=\"lazy\" decoding=\"async\" data-attachment-id=\"9462\" data-permalink=\"http:\/\/blogdalucianaoliveira.com.br\/blog\/2017\/03\/23\/falta-voto-se-a-pressao-da-rua-aumentar-degola-da-previdencia-nao-sai\/maniprev\/\" data-orig-file=\"https:\/\/i0.wp.com\/blogdalucianaoliveira.com.br\/blog\/wp-content\/uploads\/2017\/03\/maniprev.jpg?fit=600%2C295\" data-orig-size=\"600,295\" data-comments-opened=\"0\" data-image-meta=\"{&quot;aperture&quot;:&quot;0&quot;,&quot;credit&quot;:&quot;&quot;,&quot;camera&quot;:&quot;&quot;,&quot;caption&quot;:&quot;&quot;,&quot;created_timestamp&quot;:&quot;0&quot;,&quot;copyright&quot;:&quot;&quot;,&quot;focal_length&quot;:&quot;0&quot;,&quot;iso&quot;:&quot;0&quot;,&quot;shutter_speed&quot;:&quot;0&quot;,&quot;title&quot;:&quot;&quot;,&quot;orientation&quot;:&quot;0&quot;}\" data-image-title=\"maniprev\" data-image-description=\"\" data-image-caption=\"\" data-medium-file=\"https:\/\/i0.wp.com\/blogdalucianaoliveira.com.br\/blog\/wp-content\/uploads\/2017\/03\/maniprev.jpg?fit=300%2C148\" data-large-file=\"https:\/\/i0.wp.com\/blogdalucianaoliveira.com.br\/blog\/wp-content\/uploads\/2017\/03\/maniprev.jpg?fit=600%2C295\" src=\"https:\/\/i0.wp.com\/blogdalucianaoliveira.com.br\/blog\/wp-content\/uploads\/2017\/03\/maniprev.jpg?resize=600%2C295\" alt=\"maniprev\" width=\"600\" height=\"295\" class=\"alignnone size-full wp-image-9462\" srcset=\"https:\/\/i0.wp.com\/blogdalucianaoliveira.com.br\/blog\/wp-content\/uploads\/2017\/03\/maniprev.jpg?w=600 600w, https:\/\/i0.wp.com\/blogdalucianaoliveira.com.br\/blog\/wp-content\/uploads\/2017\/03\/maniprev.jpg?resize=300%2C148 300w\" sizes=\"auto, (max-width: 600px) 100vw, 600px\" \/><\/p>\n<p>O Governo venceu na terceiriza\u00e7\u00e3o, mas a vit\u00f3ria ofereceu uma vis\u00e3o de perda de poder que \u00e9 t\u00e3o evidente que nem a m\u00eddia deixa de reconhecer.<!--more--><\/p>\n<p>N\u00e3o apenas pelo baixo n\u00famero de  votos que teve o projeto, imposto goela abaixo da C\u00e2mara por Rodrigo Maia, cumprindo a orienta\u00e7\u00e3o de Temer de que era preciso sinalizar poder.<\/p>\n<p>Deu, mas \u201cdeu ruim\u201d, como se diz na  g\u00edria.<\/p>\n<p>188 votos contr\u00e1rios n\u00e3o s\u00e3o pouca coisa para quem, com 205 (ou at\u00e9 menos, se contadas aus\u00eancias e absten\u00e7\u00f5es) barra uma emenda \u00e0 Constitui\u00e7\u00e3o como ser\u00e1 necess\u00e1rio fazer.<\/p>\n<p>E os 231 que Temer e Maia obtiveram s\u00e3o muito pouco para quem vai precisar de 308 se quiser cortar o pesco\u00e7o dos direitos previdenci\u00e1rios  dos trabalhadores.<\/p>\n<p>O resultado, no m\u00ednimo atrasou a vota\u00e7\u00e3o da Previd\u00eancia. Quanto mais tarde, mais perto da elei\u00e7\u00e3o e quanto mais perto das elei\u00e7\u00f5es, menos chance ter\u00e1.<\/p>\n<p>\u00c9 pouco cr\u00edvel que o governo tenha ganho os votos que esperava com a exclus\u00e3o dos servidores estaduais e municipais da reforma, sob o argumento de que s\u00e3o \u201ccategorias organizadas\u201d e, por isso, estariam pressionando os deputados que, agora estariam livres para votar com o Governo.<\/p>\n<p>Ora, se s\u00e3o categorias organizadas e informadas sabem que, no m\u00ednimo, o corte de direitos para servidores federais e para trabalhadores em geral s\u00f3 abre caminho para que governadores e prefeitos desesperados pelas dificuldades financeiros lhes fa\u00e7am o mesmo, invocando a isonomia e o \u201cfim dos privil\u00e9gios\u201d que se tornariam as regras antigas.<\/p>\n<p>A manobra para \u201cjogar a batata quente\u201d para longe de Bras\u00edlia pode, at\u00e9, tirar votos fi\u00e9is a governadores e prefeitos que n\u00e3o querem ouvir, diante dos pedidos de aux\u00edlio ao Governo Federal , a sugest\u00e3o de que fa\u00e7am a sua reforma previdenci\u00e1ria local, se querem a ajuda.<\/p>\n<p>Os pr\u00f3ximos dias v\u00e3o mostrar que a mobiliza\u00e7\u00e3o contra a reforma da Previd\u00eancia n\u00e3o vai diminuir, mas ampliar-se.<\/p>\n<p>Quando se percebe o medo e a fraqueza do advers\u00e1rio, que muitos criam invenc\u00edvel nesta incr\u00edvel mis\u00e9ria nacional a que nos levaram, o avan\u00e7o \u00e9 a consequ\u00eancia natural.<\/p>\n","protected":false},"excerpt":{"rendered":"<p>O Governo venceu na terceiriza\u00e7\u00e3o, mas a vit\u00f3ria ofereceu uma vis\u00e3o de perda de poder que \u00e9 t\u00e3o evidente que nem a m\u00eddia deixa de reconhecer.<\/p>\n","protected":false},"author":1,"featured_media":0,"comment_status":"closed","ping_status":"open","sticky":false,"template":"","format":"standard","meta":{"_exactmetrics_skip_tracking":false,"_exactmetrics_sitenote_active":false,"_exactmetrics_sitenote_note":"","_exactmetrics_sitenote_category":0,"jetpack_post_was_ever_published":false,"_jetpack_newsletter_access":"","_jetpack_dont_email_post_to_subs":false,"_jetpack_newsletter_tier_id":0,"_jetpack_memberships_contains_paywalled_content":false,"_jetpack_memberships_contains_paid_content":false,"footnotes":"","jetpack_publicize_message":"","jetpack_publicize_feature_enabled":true,"jetpack_social_post_already_shared":true,"jetpack_social_options":{"image_generator_settings":{"template":"highway","enabled":false},"version":2}},"categories":[1],"tags":[],"class_list":["post-9461","post","type-post","status-publish","format-standard","hentry","category-notas"],"jetpack_publicize_connections":[],"jetpack_sharing_enabled":true,"jetpack_featured_media_url":"","jetpack_shortlink":"https:\/\/wp.me\/p7wKYW-2sB","jetpack-related-posts":[],"_links":{"self":[{"href":"http:\/\/blogdalucianaoliveira.com.br\/blog\/wp-json\/wp\/v2\/posts\/9461","targetHints":{"allow":["GET"]}}],"collection":[{"href":"http:\/\/blogdalucianaoliveira.com.br\/blog\/wp-json\/wp\/v2\/posts"}],"about":[{"href":"http:\/\/blogdalucianaoliveira.com.br\/blog\/wp-json\/wp\/v2\/types\/post"}],"author":[{"embeddable":true,"href":"http:\/\/blogdalucianaoliveira.com.br\/blog\/wp-json\/wp\/v2\/users\/1"}],"replies":[{"embeddable":true,"href":"http:\/\/blogdalucianaoliveira.com.br\/blog\/wp-json\/wp\/v2\/comments?post=9461"}],"version-history":[{"count":1,"href":"http:\/\/blogdalucianaoliveira.com.br\/blog\/wp-json\/wp\/v2\/posts\/9461\/revisions"}],"predecessor-version":[{"id":9463,"href":"http:\/\/blogdalucianaoliveira.com.br\/blog\/wp-json\/wp\/v2\/posts\/9461\/revisions\/9463"}],"wp:attachment":[{"href":"http:\/\/blogdalucianaoliveira.com.br\/blog\/wp-json\/wp\/v2\/media?parent=9461"}],"wp:term":[{"taxonomy":"category","embeddable":true,"href":"http:\/\/blogdalucianaoliveira.com.br\/blog\/wp-json\/wp\/v2\/categories?post=9461"},{"taxonomy":"post_tag","embeddable":true,"href":"http:\/\/blogdalucianaoliveira.com.br\/blog\/wp-json\/wp\/v2\/tags?post=9461"}],"curies":[{"name":"wp","href":"https:\/\/api.w.org\/{rel}","templated":true}]}}