{"id":9473,"date":"2017-03-23T18:07:21","date_gmt":"2017-03-23T22:07:21","guid":{"rendered":"http:\/\/blogdalucianaoliveira.com.br\/blog\/?p=9473"},"modified":"2017-03-23T18:07:21","modified_gmt":"2017-03-23T22:07:21","slug":"prefeito-e-homenageado-com-pau-de-sebo-do-oscar-gay","status":"publish","type":"post","link":"http:\/\/blogdalucianaoliveira.com.br\/blog\/2017\/03\/23\/prefeito-e-homenageado-com-pau-de-sebo-do-oscar-gay\/","title":{"rendered":"Prefeito \u00e9 homenageado com &#8220;Pau de Sebo&#8221; do Oscar Gay"},"content":{"rendered":"<p><img data-recalc-dims=\"1\" loading=\"lazy\" decoding=\"async\" data-attachment-id=\"9474\" data-permalink=\"http:\/\/blogdalucianaoliveira.com.br\/blog\/2017\/03\/23\/prefeito-e-homenageado-com-pau-de-sebo-do-oscar-gay\/img_4408\/\" data-orig-file=\"https:\/\/i0.wp.com\/blogdalucianaoliveira.com.br\/blog\/wp-content\/uploads\/2017\/03\/IMG_4408.jpg?fit=700%2C467\" data-orig-size=\"700,467\" data-comments-opened=\"0\" data-image-meta=\"{&quot;aperture&quot;:&quot;0&quot;,&quot;credit&quot;:&quot;&quot;,&quot;camera&quot;:&quot;&quot;,&quot;caption&quot;:&quot;&quot;,&quot;created_timestamp&quot;:&quot;0&quot;,&quot;copyright&quot;:&quot;&quot;,&quot;focal_length&quot;:&quot;0&quot;,&quot;iso&quot;:&quot;0&quot;,&quot;shutter_speed&quot;:&quot;0&quot;,&quot;title&quot;:&quot;&quot;,&quot;orientation&quot;:&quot;1&quot;}\" data-image-title=\"IMG_4408\" data-image-description=\"\" data-image-caption=\"\" data-medium-file=\"https:\/\/i0.wp.com\/blogdalucianaoliveira.com.br\/blog\/wp-content\/uploads\/2017\/03\/IMG_4408.jpg?fit=300%2C200\" data-large-file=\"https:\/\/i0.wp.com\/blogdalucianaoliveira.com.br\/blog\/wp-content\/uploads\/2017\/03\/IMG_4408.jpg?fit=600%2C400\" src=\"https:\/\/i0.wp.com\/blogdalucianaoliveira.com.br\/blog\/wp-content\/uploads\/2017\/03\/IMG_4408.jpg?resize=600%2C400\" alt=\"IMG_4408\" width=\"600\" height=\"400\" class=\"alignnone size-full wp-image-9474\" srcset=\"https:\/\/i0.wp.com\/blogdalucianaoliveira.com.br\/blog\/wp-content\/uploads\/2017\/03\/IMG_4408.jpg?w=700 700w, https:\/\/i0.wp.com\/blogdalucianaoliveira.com.br\/blog\/wp-content\/uploads\/2017\/03\/IMG_4408.jpg?resize=300%2C200 300w, https:\/\/i0.wp.com\/blogdalucianaoliveira.com.br\/blog\/wp-content\/uploads\/2017\/03\/IMG_4408.jpg?resize=450%2C300 450w\" sizes=\"auto, (max-width: 600px) 100vw, 600px\" \/><\/p>\n<p>RIO &#8211; O Grupo Gay da Bahia (GGB), em uma tradi\u00e7\u00e3o que j\u00e1 dura 26 anos, escolheu para 2017 os vencedores do Oscar Gay. <\/p>\n<p><!--more--><\/p>\n<p>Entre as mais de 20 personalidades, institui\u00e7\u00f5es e organiza\u00e7\u00f5es que foram premiadas pelo Trof\u00e9u Tri\u00e2ngulo Rosa \u2014 uma refer\u00eancia ao s\u00edmbolo que marcava os homossexuais durante o regime nazista \u2014, est\u00e3o a apresentadora Luciana Gimenez, que pediu respeito aos transsexuais; a lutadora de MMA Amanda Nunes, que se declarou l\u00e9sbica publicamente; e o ambulante Luiz Carlos Ruas, espancado e morto no metr\u00f4 de S\u00e3o Paulo ap\u00f3s defender travestis.<\/p>\n<p>O grupo escolheu tamb\u00e9m 12 vencedores do Trof\u00e9u Pau de Sebo, acusados de homofobia. Para Luiz Mott, fundador do GGB, o trof\u00e9u \u00e0s avessas permite apontar para posturas datadas:<\/p>\n<p>Mesmo que esperneiem, aumenta a cada ano o n\u00famero dos gays e l\u00e9sbicas assumidos e o apoio dos simpatizantes, al\u00e9m das garantias legais a favor de nossa cidadania \u2014 aponta.<\/p>\n<p>Os premiados recebem pelo correio um diploma que representa os trof\u00e9us. J\u00e1 foram laureados com o Trof\u00e9u Tri\u00e2ngulo Rosa, em outras edi\u00e7\u00f5es, nomes como Ruth Cardoso, Marta Suplicy e Caetano Veloso.<\/p>\n<p>Confira os &#8220;vencedores&#8221;.<\/p>\n<p>Trof\u00e9u Tri\u00e2ngulo Rosa<\/p>\n<p>1. Governo do Estado do Maranh\u00e3o, que ergueu monumento em homenagem ao \u00edndio Tibira, considerado a primeira v\u00edtima de homofobia na hist\u00f3ria do estado<\/p>\n<p>2. Assembleia Legislativa da Bahia, por rejeitar projeto de lei que criava do &#8220;Dia do Orgulho Heterossexual&#8221;<\/p>\n<p>3. Minist\u00e9rio do Turismo, com divulga\u00e7\u00e3o de cartilha com dicas de bom acolhimento aos turistas LGBT<\/p>\n<p>4. Ministro Edson Fachin, do STF, que acatou o pedido da Defensoria P\u00fablica da Uni\u00e3o (DPU) como amicus curiae em A\u00e7\u00e3o Direta de Inconstitucionalidade (ADI) que questiona proibi\u00e7\u00e3o de doa\u00e7\u00e3o de sangue por homossexuais<\/p>\n<p>5. Assembleia Legislativa do Cear\u00e1, por aprova\u00e7\u00e3o, em comiss\u00e3o, de projeto que estabelece \u201cdiretrizes para o reconhecimento de uma pol\u00edtica de combate a qualquer discrimina\u00e7\u00e3o por ra\u00e7a, cren\u00e7a, orienta\u00e7\u00e3o sexual ou identidade de g\u00eanero\u201d<\/p>\n<p>6. C\u00e2mara Municipal de Florian\u00f3polis, que aprovou projeto de lei que prev\u00ea multas e puni\u00e7\u00f5es para agentes p\u00fablicos, estabelecimentos e empresas que discriminarem LGBT<\/p>\n<p>7. Prefeitura de Macap\u00e1, por garantir, por decreto, o uso do nome social para transexuais na esfera municipal<\/p>\n<p>8. Universidade do Estado da Bahia, por abrir sindic\u00e2ncia e afastar funcin\u00e1ri que acusado de discrimina\u00e7\u00e3o a transexual<\/p>\n<p>9. Biblioteca M\u00e1rio de Andrade, que realizou mostra de filmes brasileiros com tem\u00e1tica LGBT<\/p>\n<p>10. Luiz Carlos Ruas, ambulante espancado e morto no metr\u00f4 de SP ao defender travestis<\/p>\n<p>11. Sindicato dos Metrovi\u00e1rios de S\u00e3o Paulo, pelo rep\u00fadio ao assassinato de Luiz Carlos Ruas<\/p>\n<p>12. Juiz Andr\u00e9 Augusto Salvador Bezerra, por declara\u00e7\u00e3o que \u201chomofobia \u00e9 uma verdadeira epidemia no Brasil\u201d, determinando o pagamento de pens\u00e3o \u00e0 vi\u00fava de Luiz Carlos Ruas<\/p>\n<p>13. Juiz Gilmar Ferraz Garmes, pelo parecer favor\u00e1vel \u00e0 a\u00e7\u00e3o de retifica\u00e7\u00e3o de prenome e sexo de transexual sem obrigatoriedade da cirurgia de redesigna\u00e7\u00e3o genital<\/p>\n<p>14. Juiz Fabricio Reali Zia, que determinou pagamento de indeniza\u00e7\u00e3o por boate que obrigou uma transexual a comprar ingresso masculino<\/p>\n<p>15. Lutadora de MMA Amanda Nunes, por ser a primeira campe\u00e3 a declarar-se homossexual<\/p>\n<p>16. As cantoras Luiza Possi e a atriz Alessandra Maestrini, por assumirem-se bissexuais<\/p>\n<p>17. O m\u00fasico Galo Preto, que escreveu, em parceria com Wilson Freire, m\u00fasica com os versos \u201cHomem com homem, n\u00e3o vira lobisomem\/ mulher com mulher, n\u00e3o vira jacar\u00e9, cada um ama como quer!\u201d<\/p>\n<p>18. Cantora Simony, ap\u00f3s participa\u00e7\u00e3o em casamento comunit\u00e1rio com casais h\u00e9teros e homossexuais<\/p>\n<p>19. Luciana Gimenez, que falou na TV: &#8220;Voc\u00ea pode n\u00e3o entender, pode n\u00e3o aceitar, n\u00e3o quer pra voc\u00ea, tudo bem, mas respeite as transexuais&#8221;<\/p>\n<p>20. Mateus Solano, Cau\u00e3 Reymond, Wagner Moura, Marcelo Serrado e Marcos Veras, por terem se manifestado contra a homofobia, com beijos na boca e discursos<\/p>\n<p>21. Dom Fernando Pugliesi, que celebrou cerim\u00f4nia de matrim\u00f4nio de casal gay<\/p>\n<p>22. Padre F\u00e1bio de Melo, por posar em foto ao lado de travesti e defender a aceita\u00e7\u00e3o das pessoas independente da escolha sexual<\/p>\n<p>23. Padre Roberto Francisco Daniel, excomungado da Igreja Cat\u00f3lica por fazer declara\u00e7\u00f5es a favor da diversidade sexual<\/p>\n<p>24. Comit\u00ea organizador da Olimp\u00edada Rio 2016, pela inclus\u00e3o de transexuais na programa\u00e7\u00e3o cultural do evento e pelo reconhecimento do nome social nos crach\u00e1s das volunt\u00e1rias trans<\/p>\n<p>25. Samsung, uma das patrocinadoras oficiais da Olimp\u00edada, que incluiu um beijo gay na campanha &#8220;Desafiar barreiras&#8221;<\/p>\n<p>26. C&#038;A, que produziu um comercial para o Dia dos Pais com casal gay<\/p>\n<p>27. Ag\u00eancia AlmapBBDO, por campanhas simpatizantes \u00e0 cidadania LGBT<\/p>\n<p>Trof\u00e9u Pau de Sebo<\/p>\n<p>1. Prefeito de Ariquemes (RO), Thiago Flores, que determinou retirada de p\u00e1ginas de livros did\u00e1ticos com conte\u00fado sobre diversidade sexual<\/p>\n<p>2. Faculdades Integradas Apar\u00edcio Carvalho (RO) e professor por se recusarem a chamar pelo nome feminino a uma acad\u00eamica transexual<\/p>\n<p>3. Bar Stuart, em Curitiba, acusado de expulsar casal de l\u00e9sbicas do local<\/p>\n<p>4. Baby do Brasil, que falou durante carnaval de Natal (RN): &#8220;Todo homem \u00e9 homem! Talvez tenha faltado uma boa mulher maravihosa\u201d<\/p>\n<p>5. Leo Santana, que no carnaval de Salvador (BA) afirmou respeitar os gays mas n\u00e3o entender, com &#8220;tanta mulher bonita&#8221;, que tem &#8220;homem com homem que fica a\u00ed se beijando\u201d<\/p>\n<p>6. Pastor Ezequiel Teixeira, ex-secret\u00e1rio estadual de Assist\u00eancia Social e Direitos Humanos do Rio de Janeiro, que fechou quatro centros de assist\u00eancia \u00e0 popula\u00e7\u00e3o LGBT, declarou-se contra o casamento homossexual e defendeu a cura gay<\/p>\n<p>7. Pastor Milton Fran\u00e7a, por fixar e se recusar a tirar cartazes das paredes de sua igreja que diziam: &#8220;Se um homem tiver relacionamento com outro homem, os dois dever\u00e3o ser mortos por causa desse ato nojento; eles ser\u00e3o respons\u00e1veis pela sua pr\u00f3pria morte&#8221;<\/p>\n<p>8. Ana Paula Valad\u00e3o, a cantora gospel que criticou a C&#038;A por campanha publicit\u00e1ria que valorizava a mistura de g\u00eaneros<\/p>\n<p>9. Patricia Abravanel, que afirmou ser contra &#8220;ficar propagando em rede nacional que [a homossexualidade] \u00e9 normal&#8221;<\/p>\n<p>10. Benedito Rui Barbosa, por declarar: \u201cOdeio hist\u00f3ria de bicha. Pode existir, pode aceitar, mas n\u00e3o pode transformar isso em aula para as crian\u00e7as. Tenho dez netos, quatro bisnetos e tenho um puta orgulho porque s\u00e3o tudo macho pra cacete.\u201d<\/p>\n<p>11. MC Bin Laden, funkeiro, por declarar-se ser contra o casamento gay, em entrevista<\/p>\n<p>12. Irm\u00e3os Piologo, criadores do programa &#8220;Partoba&#8221;, por piada em que menino \u00e9 repreendido por estar assistindo o filme &#8220;High School Music&#8221; \u2014 que n\u00e3o seria &#8220;filme de homi (sic)&#8221;.<\/p>\n<p>Autor \/ Fonte: O Globo<\/p>\n","protected":false},"excerpt":{"rendered":"<p>RIO &#8211; O Grupo Gay da Bahia (GGB), em uma tradi\u00e7\u00e3o que j\u00e1 dura 26 anos, escolheu para 2017 os vencedores do Oscar Gay.<\/p>\n","protected":false},"author":1,"featured_media":0,"comment_status":"closed","ping_status":"open","sticky":false,"template":"","format":"standard","meta":{"_exactmetrics_skip_tracking":false,"_exactmetrics_sitenote_active":false,"_exactmetrics_sitenote_note":"","_exactmetrics_sitenote_category":0,"jetpack_post_was_ever_published":false,"_jetpack_newsletter_access":"","_jetpack_dont_email_post_to_subs":false,"_jetpack_newsletter_tier_id":0,"_jetpack_memberships_contains_paywalled_content":false,"_jetpack_memberships_contains_paid_content":false,"footnotes":"","jetpack_publicize_message":"","jetpack_publicize_feature_enabled":true,"jetpack_social_post_already_shared":true,"jetpack_social_options":{"image_generator_settings":{"template":"highway","enabled":false},"version":2}},"categories":[1],"tags":[],"class_list":["post-9473","post","type-post","status-publish","format-standard","hentry","category-notas"],"jetpack_publicize_connections":[],"jetpack_sharing_enabled":true,"jetpack_featured_media_url":"","jetpack_shortlink":"https:\/\/wp.me\/p7wKYW-2sN","jetpack-related-posts":[],"_links":{"self":[{"href":"http:\/\/blogdalucianaoliveira.com.br\/blog\/wp-json\/wp\/v2\/posts\/9473","targetHints":{"allow":["GET"]}}],"collection":[{"href":"http:\/\/blogdalucianaoliveira.com.br\/blog\/wp-json\/wp\/v2\/posts"}],"about":[{"href":"http:\/\/blogdalucianaoliveira.com.br\/blog\/wp-json\/wp\/v2\/types\/post"}],"author":[{"embeddable":true,"href":"http:\/\/blogdalucianaoliveira.com.br\/blog\/wp-json\/wp\/v2\/users\/1"}],"replies":[{"embeddable":true,"href":"http:\/\/blogdalucianaoliveira.com.br\/blog\/wp-json\/wp\/v2\/comments?post=9473"}],"version-history":[{"count":1,"href":"http:\/\/blogdalucianaoliveira.com.br\/blog\/wp-json\/wp\/v2\/posts\/9473\/revisions"}],"predecessor-version":[{"id":9475,"href":"http:\/\/blogdalucianaoliveira.com.br\/blog\/wp-json\/wp\/v2\/posts\/9473\/revisions\/9475"}],"wp:attachment":[{"href":"http:\/\/blogdalucianaoliveira.com.br\/blog\/wp-json\/wp\/v2\/media?parent=9473"}],"wp:term":[{"taxonomy":"category","embeddable":true,"href":"http:\/\/blogdalucianaoliveira.com.br\/blog\/wp-json\/wp\/v2\/categories?post=9473"},{"taxonomy":"post_tag","embeddable":true,"href":"http:\/\/blogdalucianaoliveira.com.br\/blog\/wp-json\/wp\/v2\/tags?post=9473"}],"curies":[{"name":"wp","href":"https:\/\/api.w.org\/{rel}","templated":true}]}}