{"id":9478,"date":"2017-03-24T09:32:05","date_gmt":"2017-03-24T13:32:05","guid":{"rendered":"http:\/\/blogdalucianaoliveira.com.br\/blog\/?p=9478"},"modified":"2017-03-24T10:05:05","modified_gmt":"2017-03-24T14:05:05","slug":"o-presidente-certo-na-hora-certa-pra-quem","status":"publish","type":"post","link":"http:\/\/blogdalucianaoliveira.com.br\/blog\/2017\/03\/24\/o-presidente-certo-na-hora-certa-pra-quem\/","title":{"rendered":"O PRESIDENTE CERTO NA HORA CERTA. PRA QUEM?"},"content":{"rendered":"<p><img data-recalc-dims=\"1\" loading=\"lazy\" decoding=\"async\" data-attachment-id=\"9479\" data-permalink=\"http:\/\/blogdalucianaoliveira.com.br\/blog\/2017\/03\/24\/o-presidente-certo-na-hora-certa-pra-quem\/dilma-temer-foto-marcelocamargo-agenciabrasil-01jan2015\/\" data-orig-file=\"https:\/\/i0.wp.com\/blogdalucianaoliveira.com.br\/blog\/wp-content\/uploads\/2017\/03\/Dilma-Temer-Foto-MarceloCamargo-AgenciaBrasil-01jan2015.jpg?fit=3838%2C2444\" data-orig-size=\"3838,2444\" data-comments-opened=\"0\" data-image-meta=\"{&quot;aperture&quot;:&quot;0&quot;,&quot;credit&quot;:&quot;&quot;,&quot;camera&quot;:&quot;&quot;,&quot;caption&quot;:&quot;&quot;,&quot;created_timestamp&quot;:&quot;0&quot;,&quot;copyright&quot;:&quot;&quot;,&quot;focal_length&quot;:&quot;0&quot;,&quot;iso&quot;:&quot;0&quot;,&quot;shutter_speed&quot;:&quot;0&quot;,&quot;title&quot;:&quot;&quot;,&quot;orientation&quot;:&quot;1&quot;}\" data-image-title=\"Dilma-Temer-Foto-MarceloCamargo-AgenciaBrasil-01jan2015\" data-image-description=\"\" data-image-caption=\"\" data-medium-file=\"https:\/\/i0.wp.com\/blogdalucianaoliveira.com.br\/blog\/wp-content\/uploads\/2017\/03\/Dilma-Temer-Foto-MarceloCamargo-AgenciaBrasil-01jan2015.jpg?fit=300%2C191\" data-large-file=\"https:\/\/i0.wp.com\/blogdalucianaoliveira.com.br\/blog\/wp-content\/uploads\/2017\/03\/Dilma-Temer-Foto-MarceloCamargo-AgenciaBrasil-01jan2015.jpg?fit=600%2C382\" src=\"https:\/\/i0.wp.com\/blogdalucianaoliveira.com.br\/blog\/wp-content\/uploads\/2017\/03\/Dilma-Temer-Foto-MarceloCamargo-AgenciaBrasil-01jan2015.jpg?resize=600%2C382\" alt=\"Dilma-Temer-Foto-MarceloCamargo-AgenciaBrasil-01jan2015\" width=\"600\" height=\"382\" class=\"alignnone size-full wp-image-9479\" srcset=\"https:\/\/i0.wp.com\/blogdalucianaoliveira.com.br\/blog\/wp-content\/uploads\/2017\/03\/Dilma-Temer-Foto-MarceloCamargo-AgenciaBrasil-01jan2015.jpg?w=3838 3838w, https:\/\/i0.wp.com\/blogdalucianaoliveira.com.br\/blog\/wp-content\/uploads\/2017\/03\/Dilma-Temer-Foto-MarceloCamargo-AgenciaBrasil-01jan2015.jpg?resize=300%2C191 300w, https:\/\/i0.wp.com\/blogdalucianaoliveira.com.br\/blog\/wp-content\/uploads\/2017\/03\/Dilma-Temer-Foto-MarceloCamargo-AgenciaBrasil-01jan2015.jpg?resize=768%2C489 768w, https:\/\/i0.wp.com\/blogdalucianaoliveira.com.br\/blog\/wp-content\/uploads\/2017\/03\/Dilma-Temer-Foto-MarceloCamargo-AgenciaBrasil-01jan2015.jpg?resize=1024%2C652 1024w, https:\/\/i0.wp.com\/blogdalucianaoliveira.com.br\/blog\/wp-content\/uploads\/2017\/03\/Dilma-Temer-Foto-MarceloCamargo-AgenciaBrasil-01jan2015.jpg?resize=471%2C300 471w, https:\/\/i0.wp.com\/blogdalucianaoliveira.com.br\/blog\/wp-content\/uploads\/2017\/03\/Dilma-Temer-Foto-MarceloCamargo-AgenciaBrasil-01jan2015.jpg?w=1200 1200w, https:\/\/i0.wp.com\/blogdalucianaoliveira.com.br\/blog\/wp-content\/uploads\/2017\/03\/Dilma-Temer-Foto-MarceloCamargo-AgenciaBrasil-01jan2015.jpg?w=1800 1800w\" sizes=\"auto, (max-width: 600px) 100vw, 600px\" \/><\/p>\n<p>O t\u00edtulo foi o mote do slogan do PMDB para sua propaganda partid\u00e1ria veiculada na v\u00e9spera da aprova\u00e7\u00e3o da terceiriza\u00e7\u00e3o irrestrita para qualquer tipo de atividade. <!--more--><\/p>\n<p>Nas inser\u00e7\u00f5es de 30 segundos, recorreram a atores e colocaram em destaque o l\u00edder do governo, senador Romero Juc\u00e1 e o presidente do senado, Eun\u00edcio Oliveira, tamb\u00e9m conhecidos como Caju e \u00cdndio na lista da propina da Odebrecht.<\/p>\n<p>N\u00e3o \u00e9 a primeira vez que Juc\u00e1 concorda que Temer \u00e9 a solu\u00e7\u00e3o, foi o que disse ao delator S\u00e9rgio Machado lembram? <\/p>\n<p>O presidente mamulengo do golpe n\u00e3o apareceu nas pe\u00e7as publicit\u00e1rias do partido que tem seus caciques investigados na Lava Jato, com medo de que sua apari\u00e7\u00e3o gerasse um twita\u00e7o de vaia. <\/p>\n<p>Se Temer n\u00e3o tem coragem de se dirigir ao povo nem pela televis\u00e3o, pra quem o PMDB sugere que ele \u00e9 o presidente certo, na hora certa?<\/p>\n<p><img data-recalc-dims=\"1\" loading=\"lazy\" decoding=\"async\" data-attachment-id=\"9489\" data-permalink=\"http:\/\/blogdalucianaoliveira.com.br\/blog\/2017\/03\/24\/o-presidente-certo-na-hora-certa-pra-quem\/propaganda-do-pmdb-748x410\/\" data-orig-file=\"https:\/\/i0.wp.com\/blogdalucianaoliveira.com.br\/blog\/wp-content\/uploads\/2017\/03\/Propaganda-do-PMDB-748x410.jpg?fit=748%2C410\" data-orig-size=\"748,410\" data-comments-opened=\"0\" data-image-meta=\"{&quot;aperture&quot;:&quot;0&quot;,&quot;credit&quot;:&quot;&quot;,&quot;camera&quot;:&quot;&quot;,&quot;caption&quot;:&quot;&quot;,&quot;created_timestamp&quot;:&quot;0&quot;,&quot;copyright&quot;:&quot;&quot;,&quot;focal_length&quot;:&quot;0&quot;,&quot;iso&quot;:&quot;0&quot;,&quot;shutter_speed&quot;:&quot;0&quot;,&quot;title&quot;:&quot;&quot;,&quot;orientation&quot;:&quot;0&quot;}\" data-image-title=\"Propaganda-do-PMDB-748&amp;#215;410\" data-image-description=\"\" data-image-caption=\"\" data-medium-file=\"https:\/\/i0.wp.com\/blogdalucianaoliveira.com.br\/blog\/wp-content\/uploads\/2017\/03\/Propaganda-do-PMDB-748x410.jpg?fit=300%2C164\" data-large-file=\"https:\/\/i0.wp.com\/blogdalucianaoliveira.com.br\/blog\/wp-content\/uploads\/2017\/03\/Propaganda-do-PMDB-748x410.jpg?fit=600%2C329\" src=\"https:\/\/i0.wp.com\/blogdalucianaoliveira.com.br\/blog\/wp-content\/uploads\/2017\/03\/Propaganda-do-PMDB-748x410.jpg?resize=600%2C329\" alt=\"Propaganda-do-PMDB-748x410\" width=\"600\" height=\"329\" class=\"alignnone size-full wp-image-9489\" srcset=\"https:\/\/i0.wp.com\/blogdalucianaoliveira.com.br\/blog\/wp-content\/uploads\/2017\/03\/Propaganda-do-PMDB-748x410.jpg?resize=748%2C410 748w, https:\/\/i0.wp.com\/blogdalucianaoliveira.com.br\/blog\/wp-content\/uploads\/2017\/03\/Propaganda-do-PMDB-748x410.jpg?resize=300%2C164 300w, https:\/\/i0.wp.com\/blogdalucianaoliveira.com.br\/blog\/wp-content\/uploads\/2017\/03\/Propaganda-do-PMDB-748x410.jpg?resize=547%2C300 547w\" sizes=\"auto, (max-width: 600px) 100vw, 600px\" \/><\/p>\n<p>No dia seguinte \u00e0 veicula\u00e7\u00e3o da propaganda veio a resposta. Apesar do placar apertado na regulamenta\u00e7\u00e3o do trabalho terceirizado, ficou claro a quem Temer serve.<\/p>\n<p>Ao povo que n\u00e3o \u00e9, nem poderia ser, pois n\u00e3o chegou \u00e0 presid\u00eancia por meio do voto, de um plano de governo aprovado pela sociedade.<\/p>\n<p>Ele foi catapultado com um golpe articulado por investigados por corrup\u00e7\u00e3o que se elegeram com dinheiro de propina paga pelas maiores empresas que operam no pa\u00eds.<\/p>\n<p>Ent\u00e3o, resumindo, Temer deve favor aos aliados ao golpe e \u00e9 pra  eles que governa.<\/p>\n<p>Li numa publica\u00e7\u00e3o que repercutiu nas redes sociais que o desengavetamento da terceiriza\u00e7\u00e3o pra todas as atividades, proposta de Fernando Henrique em 1998, s\u00f3 agrada dois tipos: o empres\u00e1rio e o idiota. <\/p>\n<p>Como algu\u00e9m pode trabalhar mais e melhor com menos direitos? <\/p>\n<p>Bom, h\u00e1 v\u00e1rios textos na internet explicando tudo o que trabalhadores perdem e tudo o que patr\u00f5es ganham com a terceiriza\u00e7\u00e3o. <\/p>\n<p>Melhor focar no resultado apertado na aprova\u00e7\u00e3o da terceiriza\u00e7\u00e3o com a perspectiva de que a Reforma da Previd\u00eancia j\u00e1 era!<\/p>\n<p>N\u00e3o vivi o suficiente para ver o trabalhador se sentir t\u00e3o desprezado e humilhado por um governo em t\u00e3o pouco tempo.<\/p>\n<p>Mas, \u00e9 ainda gra\u00e7as ao povo que este governo n\u00e3o merece, que esta situa\u00e7\u00e3o de p\u00e2nico sobrevive. H\u00e1 uma enorme parcela confusa e envergonhada pelo orgulho ferido e o tempo perdido com o Fora Dilma que n\u00e3o d\u00e1 o bra\u00e7o a torcer pra for\u00e7ar a ren\u00fancia de Temer.<\/p>\n<p>S\u00f3 que n\u00e3o demora a explodir o ressentimentos das classes populares por meio de uma rea\u00e7\u00e3o irracional que atrair\u00e1 todos.<\/p>\n<p>O povo certo, na hora certa.<\/p>\n<p>Essa seria a melhor reposta \u00e0 propaganda enganosa do PMDB sobre o governo de Michel Temer, ileg\u00edtimo, sem povo, com p\u00edfios 10% de aprova\u00e7\u00e3o popular.<\/p>\n<p>\u00c9 a hora certa, s\u00f3 falta o povo se unir. <\/p>\n","protected":false},"excerpt":{"rendered":"<p>O t\u00edtulo foi o mote do slogan do PMDB para sua propaganda partid\u00e1ria veiculada na v\u00e9spera da aprova\u00e7\u00e3o da terceiriza\u00e7\u00e3o irrestrita para qualquer tipo de atividade.<\/p>\n","protected":false},"author":1,"featured_media":0,"comment_status":"closed","ping_status":"open","sticky":false,"template":"","format":"standard","meta":{"_exactmetrics_skip_tracking":false,"_exactmetrics_sitenote_active":false,"_exactmetrics_sitenote_note":"","_exactmetrics_sitenote_category":0,"jetpack_post_was_ever_published":false,"_jetpack_newsletter_access":"","_jetpack_dont_email_post_to_subs":false,"_jetpack_newsletter_tier_id":0,"_jetpack_memberships_contains_paywalled_content":false,"_jetpack_memberships_contains_paid_content":false,"footnotes":"","jetpack_publicize_message":"","jetpack_publicize_feature_enabled":true,"jetpack_social_post_already_shared":true,"jetpack_social_options":{"image_generator_settings":{"template":"highway","enabled":false},"version":2}},"categories":[1],"tags":[],"class_list":["post-9478","post","type-post","status-publish","format-standard","hentry","category-notas"],"jetpack_publicize_connections":[],"jetpack_sharing_enabled":true,"jetpack_featured_media_url":"","jetpack_shortlink":"https:\/\/wp.me\/p7wKYW-2sS","jetpack-related-posts":[],"_links":{"self":[{"href":"http:\/\/blogdalucianaoliveira.com.br\/blog\/wp-json\/wp\/v2\/posts\/9478","targetHints":{"allow":["GET"]}}],"collection":[{"href":"http:\/\/blogdalucianaoliveira.com.br\/blog\/wp-json\/wp\/v2\/posts"}],"about":[{"href":"http:\/\/blogdalucianaoliveira.com.br\/blog\/wp-json\/wp\/v2\/types\/post"}],"author":[{"embeddable":true,"href":"http:\/\/blogdalucianaoliveira.com.br\/blog\/wp-json\/wp\/v2\/users\/1"}],"replies":[{"embeddable":true,"href":"http:\/\/blogdalucianaoliveira.com.br\/blog\/wp-json\/wp\/v2\/comments?post=9478"}],"version-history":[{"count":10,"href":"http:\/\/blogdalucianaoliveira.com.br\/blog\/wp-json\/wp\/v2\/posts\/9478\/revisions"}],"predecessor-version":[{"id":9490,"href":"http:\/\/blogdalucianaoliveira.com.br\/blog\/wp-json\/wp\/v2\/posts\/9478\/revisions\/9490"}],"wp:attachment":[{"href":"http:\/\/blogdalucianaoliveira.com.br\/blog\/wp-json\/wp\/v2\/media?parent=9478"}],"wp:term":[{"taxonomy":"category","embeddable":true,"href":"http:\/\/blogdalucianaoliveira.com.br\/blog\/wp-json\/wp\/v2\/categories?post=9478"},{"taxonomy":"post_tag","embeddable":true,"href":"http:\/\/blogdalucianaoliveira.com.br\/blog\/wp-json\/wp\/v2\/tags?post=9478"}],"curies":[{"name":"wp","href":"https:\/\/api.w.org\/{rel}","templated":true}]}}