{"id":9496,"date":"2017-03-24T19:14:22","date_gmt":"2017-03-24T23:14:22","guid":{"rendered":"http:\/\/blogdalucianaoliveira.com.br\/blog\/?p=9496"},"modified":"2017-03-24T19:14:22","modified_gmt":"2017-03-24T23:14:22","slug":"os-que-nao-tem-vergonha-nem-nunca-terao","status":"publish","type":"post","link":"http:\/\/blogdalucianaoliveira.com.br\/blog\/2017\/03\/24\/os-que-nao-tem-vergonha-nem-nunca-terao\/","title":{"rendered":"Os que n\u00e3o t\u00eam vergonha, nem nunca ter\u00e3o"},"content":{"rendered":"<p><img data-recalc-dims=\"1\" loading=\"lazy\" decoding=\"async\" data-attachment-id=\"9497\" data-permalink=\"http:\/\/blogdalucianaoliveira.com.br\/blog\/2017\/03\/24\/os-que-nao-tem-vergonha-nem-nunca-terao\/img_4431\/\" data-orig-file=\"https:\/\/i0.wp.com\/blogdalucianaoliveira.com.br\/blog\/wp-content\/uploads\/2017\/03\/IMG_4431.jpg?fit=720%2C599\" data-orig-size=\"720,599\" data-comments-opened=\"0\" data-image-meta=\"{&quot;aperture&quot;:&quot;0&quot;,&quot;credit&quot;:&quot;&quot;,&quot;camera&quot;:&quot;&quot;,&quot;caption&quot;:&quot;&quot;,&quot;created_timestamp&quot;:&quot;0&quot;,&quot;copyright&quot;:&quot;&quot;,&quot;focal_length&quot;:&quot;0&quot;,&quot;iso&quot;:&quot;0&quot;,&quot;shutter_speed&quot;:&quot;0&quot;,&quot;title&quot;:&quot;&quot;,&quot;orientation&quot;:&quot;1&quot;}\" data-image-title=\"IMG_4431\" data-image-description=\"\" data-image-caption=\"\" data-medium-file=\"https:\/\/i0.wp.com\/blogdalucianaoliveira.com.br\/blog\/wp-content\/uploads\/2017\/03\/IMG_4431.jpg?fit=300%2C250\" data-large-file=\"https:\/\/i0.wp.com\/blogdalucianaoliveira.com.br\/blog\/wp-content\/uploads\/2017\/03\/IMG_4431.jpg?fit=600%2C499\" src=\"https:\/\/i0.wp.com\/blogdalucianaoliveira.com.br\/blog\/wp-content\/uploads\/2017\/03\/IMG_4431.jpg?resize=600%2C499\" alt=\"IMG_4431\" width=\"600\" height=\"499\" class=\"alignnone size-full wp-image-9497\" srcset=\"https:\/\/i0.wp.com\/blogdalucianaoliveira.com.br\/blog\/wp-content\/uploads\/2017\/03\/IMG_4431.jpg?w=720 720w, https:\/\/i0.wp.com\/blogdalucianaoliveira.com.br\/blog\/wp-content\/uploads\/2017\/03\/IMG_4431.jpg?resize=300%2C250 300w, https:\/\/i0.wp.com\/blogdalucianaoliveira.com.br\/blog\/wp-content\/uploads\/2017\/03\/IMG_4431.jpg?resize=361%2C300 361w\" sizes=\"auto, (max-width: 600px) 100vw, 600px\" \/><\/p>\n<p>Houve um tempo em que eu admirava a coragem de certas pessoas que escreviam o que eu n\u00e3o escreveria. <\/p>\n<p>Mesmo, que fosse algo que gerasse s\u00f3 cr\u00edtica ou piada. Lia e via certo valor em uma opini\u00e3o pol\u00eamica, mesmo descabida. <\/p>\n<p>Mas, francamente, tenho vergonha desses que foram Cunha, foram Moro, foram Fora Dilma, depois permaneceram calados com tudo que os novos\/velhos donos do poder fizeram e v\u00eam fazendo e agora aparecerem do nada pra repetir que a ex-presidenta sabia de tudo. <\/p>\n<p>Quantos meses sem gozar hein? <\/p>\n<p>O antipetismo provocou uma masturba\u00e7\u00e3o coletiva, porque Marcelo Odebrecht disse que Dilma sabia das propinas que abasteceram campanhas. <\/p>\n<p>N\u00e3o? S\u00e9rio? <\/p>\n<p>Mas, por que n\u00e3o deram um pio sobre os depoimentos anteriores envolvendo v\u00e1rios parlamentares, partidos, ministros e o presidente ileg\u00edtimo? <\/p>\n<p>Est\u00e3o na mira da plutocracia, cientes de que perderam seus direitos, mas n\u00e3o d\u00e3o o bra\u00e7o a torcer pra admitir o acord\u00e3o entre corruptos que arrombou o pa\u00eds. <\/p>\n<p>Se Dilma e Lula fossem presos continuariam de joelhos sob chicotadas culpando s\u00f3 os dois. <\/p>\n<p>Povo maluco!<br \/>\nPela vesguice paran\u00f3ica partid\u00e1ria dessa gente todos pagam.<br \/>\nQuem dera pudessem pagar sozinhos, atravessar a ponte pro futuro com os aliados ao golpe. <\/p>\n<p>\ud83d\udc25\ud83d\udc25\ud83d\udc25\ud83d\udc25\ud83d\udc25\ud83d\udc25\ud83d\udc25\ud83d\udc25\ud83d\udc25\ud83d\udc25\ud83d\udc25\ud83d\udc25\ud83d\udc25<\/p>\n","protected":false},"excerpt":{"rendered":"<p>Houve um tempo em que eu admirava a coragem de certas pessoas que escreviam o que eu n\u00e3o escreveria. Mesmo, que fosse algo que gerasse s\u00f3 cr\u00edtica ou piada. Lia e via certo valor em uma opini\u00e3o pol\u00eamica, mesmo descabida. Mas, francamente, tenho vergonha desses que foram Cunha, foram Moro, foram Fora Dilma, depois permaneceram&#8230;<a class=\"more-link\" href=\"http:\/\/blogdalucianaoliveira.com.br\/blog\/2017\/03\/24\/os-que-nao-tem-vergonha-nem-nunca-terao\/\">Continue a leitura <span class=\"meta-nav\">&raquo;<\/span><\/a><\/p>\n","protected":false},"author":1,"featured_media":0,"comment_status":"closed","ping_status":"open","sticky":false,"template":"","format":"standard","meta":{"_exactmetrics_skip_tracking":false,"_exactmetrics_sitenote_active":false,"_exactmetrics_sitenote_note":"","_exactmetrics_sitenote_category":0,"jetpack_post_was_ever_published":false,"_jetpack_newsletter_access":"","_jetpack_dont_email_post_to_subs":false,"_jetpack_newsletter_tier_id":0,"_jetpack_memberships_contains_paywalled_content":false,"_jetpack_memberships_contains_paid_content":false,"footnotes":"","jetpack_publicize_message":"","jetpack_publicize_feature_enabled":true,"jetpack_social_post_already_shared":true,"jetpack_social_options":{"image_generator_settings":{"template":"highway","enabled":false},"version":2}},"categories":[1],"tags":[],"class_list":["post-9496","post","type-post","status-publish","format-standard","hentry","category-notas"],"jetpack_publicize_connections":[],"jetpack_sharing_enabled":true,"jetpack_featured_media_url":"","jetpack_shortlink":"https:\/\/wp.me\/p7wKYW-2ta","jetpack-related-posts":[],"_links":{"self":[{"href":"http:\/\/blogdalucianaoliveira.com.br\/blog\/wp-json\/wp\/v2\/posts\/9496","targetHints":{"allow":["GET"]}}],"collection":[{"href":"http:\/\/blogdalucianaoliveira.com.br\/blog\/wp-json\/wp\/v2\/posts"}],"about":[{"href":"http:\/\/blogdalucianaoliveira.com.br\/blog\/wp-json\/wp\/v2\/types\/post"}],"author":[{"embeddable":true,"href":"http:\/\/blogdalucianaoliveira.com.br\/blog\/wp-json\/wp\/v2\/users\/1"}],"replies":[{"embeddable":true,"href":"http:\/\/blogdalucianaoliveira.com.br\/blog\/wp-json\/wp\/v2\/comments?post=9496"}],"version-history":[{"count":1,"href":"http:\/\/blogdalucianaoliveira.com.br\/blog\/wp-json\/wp\/v2\/posts\/9496\/revisions"}],"predecessor-version":[{"id":9498,"href":"http:\/\/blogdalucianaoliveira.com.br\/blog\/wp-json\/wp\/v2\/posts\/9496\/revisions\/9498"}],"wp:attachment":[{"href":"http:\/\/blogdalucianaoliveira.com.br\/blog\/wp-json\/wp\/v2\/media?parent=9496"}],"wp:term":[{"taxonomy":"category","embeddable":true,"href":"http:\/\/blogdalucianaoliveira.com.br\/blog\/wp-json\/wp\/v2\/categories?post=9496"},{"taxonomy":"post_tag","embeddable":true,"href":"http:\/\/blogdalucianaoliveira.com.br\/blog\/wp-json\/wp\/v2\/tags?post=9496"}],"curies":[{"name":"wp","href":"https:\/\/api.w.org\/{rel}","templated":true}]}}