{"id":9499,"date":"2017-03-24T19:15:49","date_gmt":"2017-03-24T23:15:49","guid":{"rendered":"http:\/\/blogdalucianaoliveira.com.br\/blog\/?p=9499"},"modified":"2017-03-24T19:15:49","modified_gmt":"2017-03-24T23:15:49","slug":"deram-superpoder-a-pf-agora-aguentem","status":"publish","type":"post","link":"http:\/\/blogdalucianaoliveira.com.br\/blog\/2017\/03\/24\/deram-superpoder-a-pf-agora-aguentem\/","title":{"rendered":"Deram superpoder \u00e0 PF, agora aguentem"},"content":{"rendered":"<p><img data-recalc-dims=\"1\" loading=\"lazy\" decoding=\"async\" data-attachment-id=\"9500\" data-permalink=\"http:\/\/blogdalucianaoliveira.com.br\/blog\/2017\/03\/24\/deram-superpoder-a-pf-agora-aguentem\/img_4435\/\" data-orig-file=\"https:\/\/i0.wp.com\/blogdalucianaoliveira.com.br\/blog\/wp-content\/uploads\/2017\/03\/IMG_4435.jpg?fit=540%2C405\" data-orig-size=\"540,405\" data-comments-opened=\"0\" data-image-meta=\"{&quot;aperture&quot;:&quot;0&quot;,&quot;credit&quot;:&quot;&quot;,&quot;camera&quot;:&quot;&quot;,&quot;caption&quot;:&quot;&quot;,&quot;created_timestamp&quot;:&quot;0&quot;,&quot;copyright&quot;:&quot;&quot;,&quot;focal_length&quot;:&quot;0&quot;,&quot;iso&quot;:&quot;0&quot;,&quot;shutter_speed&quot;:&quot;0&quot;,&quot;title&quot;:&quot;&quot;,&quot;orientation&quot;:&quot;1&quot;}\" data-image-title=\"IMG_4435\" data-image-description=\"\" data-image-caption=\"\" data-medium-file=\"https:\/\/i0.wp.com\/blogdalucianaoliveira.com.br\/blog\/wp-content\/uploads\/2017\/03\/IMG_4435.jpg?fit=300%2C225\" data-large-file=\"https:\/\/i0.wp.com\/blogdalucianaoliveira.com.br\/blog\/wp-content\/uploads\/2017\/03\/IMG_4435.jpg?fit=540%2C405\" src=\"https:\/\/i0.wp.com\/blogdalucianaoliveira.com.br\/blog\/wp-content\/uploads\/2017\/03\/IMG_4435.jpg?resize=540%2C405\" alt=\"IMG_4435\" width=\"540\" height=\"405\" class=\"alignnone size-full wp-image-9500\" srcset=\"https:\/\/i0.wp.com\/blogdalucianaoliveira.com.br\/blog\/wp-content\/uploads\/2017\/03\/IMG_4435.jpg?w=540 540w, https:\/\/i0.wp.com\/blogdalucianaoliveira.com.br\/blog\/wp-content\/uploads\/2017\/03\/IMG_4435.jpg?resize=300%2C225 300w, https:\/\/i0.wp.com\/blogdalucianaoliveira.com.br\/blog\/wp-content\/uploads\/2017\/03\/IMG_4435.jpg?resize=400%2C300 400w\" sizes=\"auto, (max-width: 540px) 100vw, 540px\" \/><\/p>\n<p>S\u00f3 observo a &#8216;geral&#8217; criticando a a\u00e7\u00e3o da Pol\u00edcia Federal que resultou num preju\u00edzo sem precedentes pra ind\u00fastria da carne e pro Brasil. <\/p>\n<p>Mas&#8230;<\/p>\n<p>Quando o ministro da Justi\u00e7a de Dilma, o Eug\u00eanio Arag\u00e3o, tentou impor mais responsabilidade e seguran\u00e7a \u00e0s a\u00e7\u00f5es da PF dizendo que afastaria a equipe das investiga\u00e7\u00f5es em caso de &#8220;cheiro de vazamento&#8221;, foi o maior au\u00ea. <\/p>\n<p>O cara foi acusado advertido a n\u00e3o &#8220;aplicar qualquer tipo de torniquete&#8221; aos agentes. <\/p>\n<p>A PF ultrapassou a fronteira da autonomia com o espet\u00e1culo midi\u00e1tico. <\/p>\n<p>Como esquecer do japon\u00eas da PF n\u00e9? <\/p>\n<p>E da reuni\u00e3o de delegados-gerais de pol\u00edcia de todo o Brasil e superintendentes da Pol\u00edcia Federal com Eduardo Cunha? Como esquecer? <\/p>\n<p>Agora, aguentem. <\/p>\n<p>Isso \u00e9 Brecht! E avisei v\u00e1rias vezes.<\/p>\n","protected":false},"excerpt":{"rendered":"<p>S\u00f3 observo a &#8216;geral&#8217; criticando a a\u00e7\u00e3o da Pol\u00edcia Federal que resultou num preju\u00edzo sem precedentes pra ind\u00fastria da carne e pro Brasil. Mas&#8230; Quando o ministro da Justi\u00e7a de Dilma, o Eug\u00eanio Arag\u00e3o, tentou impor mais responsabilidade e seguran\u00e7a \u00e0s a\u00e7\u00f5es da PF dizendo que afastaria a equipe das investiga\u00e7\u00f5es em caso de &#8220;cheiro&#8230;<a class=\"more-link\" href=\"http:\/\/blogdalucianaoliveira.com.br\/blog\/2017\/03\/24\/deram-superpoder-a-pf-agora-aguentem\/\">Continue a leitura <span class=\"meta-nav\">&raquo;<\/span><\/a><\/p>\n","protected":false},"author":1,"featured_media":0,"comment_status":"closed","ping_status":"open","sticky":false,"template":"","format":"standard","meta":{"_exactmetrics_skip_tracking":false,"_exactmetrics_sitenote_active":false,"_exactmetrics_sitenote_note":"","_exactmetrics_sitenote_category":0,"jetpack_post_was_ever_published":false,"_jetpack_newsletter_access":"","_jetpack_dont_email_post_to_subs":false,"_jetpack_newsletter_tier_id":0,"_jetpack_memberships_contains_paywalled_content":false,"_jetpack_memberships_contains_paid_content":false,"footnotes":"","jetpack_publicize_message":"","jetpack_publicize_feature_enabled":true,"jetpack_social_post_already_shared":true,"jetpack_social_options":{"image_generator_settings":{"template":"highway","enabled":false},"version":2}},"categories":[1],"tags":[],"class_list":["post-9499","post","type-post","status-publish","format-standard","hentry","category-notas"],"jetpack_publicize_connections":[],"jetpack_sharing_enabled":true,"jetpack_featured_media_url":"","jetpack_shortlink":"https:\/\/wp.me\/p7wKYW-2td","jetpack-related-posts":[],"_links":{"self":[{"href":"http:\/\/blogdalucianaoliveira.com.br\/blog\/wp-json\/wp\/v2\/posts\/9499","targetHints":{"allow":["GET"]}}],"collection":[{"href":"http:\/\/blogdalucianaoliveira.com.br\/blog\/wp-json\/wp\/v2\/posts"}],"about":[{"href":"http:\/\/blogdalucianaoliveira.com.br\/blog\/wp-json\/wp\/v2\/types\/post"}],"author":[{"embeddable":true,"href":"http:\/\/blogdalucianaoliveira.com.br\/blog\/wp-json\/wp\/v2\/users\/1"}],"replies":[{"embeddable":true,"href":"http:\/\/blogdalucianaoliveira.com.br\/blog\/wp-json\/wp\/v2\/comments?post=9499"}],"version-history":[{"count":1,"href":"http:\/\/blogdalucianaoliveira.com.br\/blog\/wp-json\/wp\/v2\/posts\/9499\/revisions"}],"predecessor-version":[{"id":9501,"href":"http:\/\/blogdalucianaoliveira.com.br\/blog\/wp-json\/wp\/v2\/posts\/9499\/revisions\/9501"}],"wp:attachment":[{"href":"http:\/\/blogdalucianaoliveira.com.br\/blog\/wp-json\/wp\/v2\/media?parent=9499"}],"wp:term":[{"taxonomy":"category","embeddable":true,"href":"http:\/\/blogdalucianaoliveira.com.br\/blog\/wp-json\/wp\/v2\/categories?post=9499"},{"taxonomy":"post_tag","embeddable":true,"href":"http:\/\/blogdalucianaoliveira.com.br\/blog\/wp-json\/wp\/v2\/tags?post=9499"}],"curies":[{"name":"wp","href":"https:\/\/api.w.org\/{rel}","templated":true}]}}