{"id":9507,"date":"2017-03-25T09:38:59","date_gmt":"2017-03-25T13:38:59","guid":{"rendered":"http:\/\/blogdalucianaoliveira.com.br\/blog\/?p=9507"},"modified":"2017-03-25T09:38:59","modified_gmt":"2017-03-25T13:38:59","slug":"antes-de-estrear-filme-sobre-a-lava-jato-vira-alvo-de-lula-na-justica","status":"publish","type":"post","link":"http:\/\/blogdalucianaoliveira.com.br\/blog\/2017\/03\/25\/antes-de-estrear-filme-sobre-a-lava-jato-vira-alvo-de-lula-na-justica\/","title":{"rendered":"Antes de estrear, filme sobre a Lava Jato vira alvo de Lula na Justi\u00e7a"},"content":{"rendered":"<p><img data-recalc-dims=\"1\" loading=\"lazy\" decoding=\"async\" data-attachment-id=\"9508\" data-permalink=\"http:\/\/blogdalucianaoliveira.com.br\/blog\/2017\/03\/25\/antes-de-estrear-filme-sobre-a-lava-jato-vira-alvo-de-lula-na-justica\/filme\/\" data-orig-file=\"https:\/\/i0.wp.com\/blogdalucianaoliveira.com.br\/blog\/wp-content\/uploads\/2017\/03\/filme.jpg?fit=1960%2C1119\" data-orig-size=\"1960,1119\" data-comments-opened=\"0\" data-image-meta=\"{&quot;aperture&quot;:&quot;0&quot;,&quot;credit&quot;:&quot;&quot;,&quot;camera&quot;:&quot;&quot;,&quot;caption&quot;:&quot;&quot;,&quot;created_timestamp&quot;:&quot;0&quot;,&quot;copyright&quot;:&quot;&quot;,&quot;focal_length&quot;:&quot;0&quot;,&quot;iso&quot;:&quot;0&quot;,&quot;shutter_speed&quot;:&quot;0&quot;,&quot;title&quot;:&quot;&quot;,&quot;orientation&quot;:&quot;0&quot;}\" data-image-title=\"filme\" data-image-description=\"\" data-image-caption=\"\" data-medium-file=\"https:\/\/i0.wp.com\/blogdalucianaoliveira.com.br\/blog\/wp-content\/uploads\/2017\/03\/filme.jpg?fit=300%2C171\" data-large-file=\"https:\/\/i0.wp.com\/blogdalucianaoliveira.com.br\/blog\/wp-content\/uploads\/2017\/03\/filme.jpg?fit=600%2C343\" src=\"https:\/\/i0.wp.com\/blogdalucianaoliveira.com.br\/blog\/wp-content\/uploads\/2017\/03\/filme.jpg?resize=600%2C343\" alt=\"filme\" width=\"600\" height=\"343\" class=\"alignnone size-full wp-image-9508\" srcset=\"https:\/\/i0.wp.com\/blogdalucianaoliveira.com.br\/blog\/wp-content\/uploads\/2017\/03\/filme.jpg?w=1960 1960w, https:\/\/i0.wp.com\/blogdalucianaoliveira.com.br\/blog\/wp-content\/uploads\/2017\/03\/filme.jpg?resize=300%2C171 300w, https:\/\/i0.wp.com\/blogdalucianaoliveira.com.br\/blog\/wp-content\/uploads\/2017\/03\/filme.jpg?resize=768%2C438 768w, https:\/\/i0.wp.com\/blogdalucianaoliveira.com.br\/blog\/wp-content\/uploads\/2017\/03\/filme.jpg?resize=1024%2C585 1024w, https:\/\/i0.wp.com\/blogdalucianaoliveira.com.br\/blog\/wp-content\/uploads\/2017\/03\/filme.jpg?resize=525%2C300 525w, https:\/\/i0.wp.com\/blogdalucianaoliveira.com.br\/blog\/wp-content\/uploads\/2017\/03\/filme.jpg?w=1200 1200w, https:\/\/i0.wp.com\/blogdalucianaoliveira.com.br\/blog\/wp-content\/uploads\/2017\/03\/filme.jpg?w=1800 1800w\" sizes=\"auto, (max-width: 600px) 100vw, 600px\" \/><\/p>\n<p>Advogados acusam vazamento ilegal de grava\u00e7\u00f5es da condu\u00e7\u00e3o coercitiva do ex-presidente para produ\u00e7\u00e3o cinematogr\u00e1fica<!--more--><\/p>\n<p>El Pa\u00eds<br \/>\nBREILLER PIRES<\/p>\n<p>A colabora\u00e7\u00e3o da Pol\u00edcia Federal com um filme sobre a Opera\u00e7\u00e3o Lava Jato provocou a insatisfa\u00e7\u00e3o de membros do Partido dos Trabalhadores (PT) e, sobretudo, de Luiz In\u00e1cio Lula da Silva. Na \u00faltima quinta-feira, a defesa do ex-presidente enviou uma peti\u00e7\u00e3o ao juiz S\u00e9rgio Moro em que reivindica o sigilo de imagens que teriam sido repassadas por autoridades aos produtores do longa \u201cPol\u00edcia Federal: a lei \u00e9 para todos\u201d. De acordo com o advogado Cristiano Zanin, a produ\u00e7\u00e3o obteve acesso ilegal a filmagens captadas por um agente da Pol\u00edcia Federal durante a condu\u00e7\u00e3o coercitiva de Lula com o intuito de reconstituir a cena, que deve compor o desfecho da obra.<\/p>\n<p>\u201cOs v\u00eddeos, que teriam sido entregues a terceiros, mostram a resid\u00eancia, a intimidade e a coleta de depoimento do ex-presidente Lula\u201d, disse Zanin em um semin\u00e1rio sobre a Lava Jato promovido pelo PT nesta sexta-feira, em S\u00e3o Paulo, onde atribuiu o vazamento \u00e0 PF. \u201c\u00c9 uma situa\u00e7\u00e3o muito grave. Em vez de zelar pelo material confidencial, aparentemente as autoridades o entregaram \u00e0 produtora do filme, que \u00e9 alinhado \u00e0s ideias dos acusadores do ex-presidente e det\u00e9m um material que a Constitui\u00e7\u00e3o Federal considera privado.\u201d<\/p>\n<p>Na peti\u00e7\u00e3o, os advogados de Lula citam trechos de entrevistas em que os produtores do filme revelam ter tido acesso a v\u00eddeos para auxiliar na reconstitui\u00e7\u00e3o de passagens da Opera\u00e7\u00e3o Lava Jato. Al\u00e9m do sigilo, eles solicitam \u00e0 produtora New Group Cine &#038; TV LTDA, respons\u00e1vel pelo projeto cinematogr\u00e1fico, que n\u00e3o utilize as imagens da condu\u00e7\u00e3o coercitiva. Ainda no evento do Partido dos Trabalhadores, Zanin afirmou que a suposta divulga\u00e7\u00e3o pela Pol\u00edcia Federal \u00e9 \u201cmais uma prova de que os processos da Lava Jato n\u00e3o observam garantias legais\u201d.<\/p>\n<p>Ao jornal O Globo, o produtor Tomislav Blazic negou ter recebido v\u00eddeos da Pol\u00edcia Federal. Em entrevista ao UOL, em maio do ano passado, entretanto, ele contou que teve acesso a \u201cinforma\u00e7\u00f5es de bastidores\u201d sobre a Lava Jato fornecidas pela PF, que cedeu suas instala\u00e7\u00f5es em Curitiba para as filmagens e prestou consultoria \u00e0 produ\u00e7\u00e3o. Blazic tamb\u00e9m afirmou que o filme, que custou 15 milh\u00f5es de reais e tem lan\u00e7amento previsto para agosto, \u00e9 apartid\u00e1rio.<\/p>\n<p>Quem interpretar\u00e1 o ex-presidente Lula \u00e9 o ator Ary Fontoura. Em 2016, ele teceu cr\u00edticas p\u00fablicas ao PT e a Dilma Rousseff, al\u00e9m ter militado pelo impeachment da ent\u00e3o presidente \u2013 assim como Marcelo Serrado, que far\u00e1 o papel do juiz S\u00e9rgio Moro. O ator participou de manifesta\u00e7\u00f5es contra o governo Dilma e, em uma das ocasi\u00f5es, saiu \u00e0s ruas vestindo uma camisa estampada com a foto do personagem que ir\u00e1 incorporar no cinema. Serrado n\u00e3o esconde sua admira\u00e7\u00e3o por Moro e se encontrou pelo menos tr\u00eas vezes com o juiz para buscar refer\u00eancias para o papel. Tanto ele quanto Fontoura estiveram na sede da PF em Curitiba durante as grava\u00e7\u00f5es para conhecer mais a fundo as investiga\u00e7\u00f5es da Lava Jato.<\/p>\n<p>Integrantes do PT se manifestaram sobre o filme no semin\u00e1rio do partido, alegando que o vazamento das imagens faria parte de uma nova investida do juiz S\u00e9rgio Moro para espetacularizar as acusa\u00e7\u00f5es contra Lula. O ex-presidente, que discursou no fim do evento, tamb\u00e9m demonstrou irrita\u00e7\u00e3o ao comentar sobre o repasse das grava\u00e7\u00f5es. \u201cEntraram em minha casa com uma c\u00e2mera de filmar no peito e j\u00e1 entregaram as imagens para um filme. N\u00e3o podemos aceitar esse tipo de abuso de autoridade.\u201d Lula ainda aproveitou para convocar os parlamentares petistas para uma ofensiva contra o que chamou de \u201cexcessos\u201d da Justi\u00e7a, pressionando pela aprova\u00e7\u00e3o do projeto de lei criticado por ju\u00edzes e procuradores em tramita\u00e7\u00e3o no Senado. \u201c\u00c9 importante mostrar o outro lado da Lava Jato. O PT tem obriga\u00e7\u00e3o de brigar um pouco mais por essa causa no Congresso Nacional. A gente n\u00e3o pode deixar de aprovar a lei de abuso de autoridade, porque ningu\u00e9m est\u00e1 acima das institui\u00e7\u00f5es. Vou nessa briga at\u00e9 o fim.\u201d<\/p>\n","protected":false},"excerpt":{"rendered":"<p>Advogados acusam vazamento ilegal de grava\u00e7\u00f5es da condu\u00e7\u00e3o coercitiva do ex-presidente para produ\u00e7\u00e3o cinematogr\u00e1fica<\/p>\n","protected":false},"author":1,"featured_media":0,"comment_status":"closed","ping_status":"open","sticky":false,"template":"","format":"standard","meta":{"_exactmetrics_skip_tracking":false,"_exactmetrics_sitenote_active":false,"_exactmetrics_sitenote_note":"","_exactmetrics_sitenote_category":0,"jetpack_post_was_ever_published":false,"_jetpack_newsletter_access":"","_jetpack_dont_email_post_to_subs":false,"_jetpack_newsletter_tier_id":0,"_jetpack_memberships_contains_paywalled_content":false,"_jetpack_memberships_contains_paid_content":false,"footnotes":"","jetpack_publicize_message":"","jetpack_publicize_feature_enabled":true,"jetpack_social_post_already_shared":true,"jetpack_social_options":{"image_generator_settings":{"template":"highway","enabled":false},"version":2}},"categories":[1],"tags":[],"class_list":["post-9507","post","type-post","status-publish","format-standard","hentry","category-notas"],"jetpack_publicize_connections":[],"jetpack_sharing_enabled":true,"jetpack_featured_media_url":"","jetpack_shortlink":"https:\/\/wp.me\/p7wKYW-2tl","jetpack-related-posts":[],"_links":{"self":[{"href":"http:\/\/blogdalucianaoliveira.com.br\/blog\/wp-json\/wp\/v2\/posts\/9507","targetHints":{"allow":["GET"]}}],"collection":[{"href":"http:\/\/blogdalucianaoliveira.com.br\/blog\/wp-json\/wp\/v2\/posts"}],"about":[{"href":"http:\/\/blogdalucianaoliveira.com.br\/blog\/wp-json\/wp\/v2\/types\/post"}],"author":[{"embeddable":true,"href":"http:\/\/blogdalucianaoliveira.com.br\/blog\/wp-json\/wp\/v2\/users\/1"}],"replies":[{"embeddable":true,"href":"http:\/\/blogdalucianaoliveira.com.br\/blog\/wp-json\/wp\/v2\/comments?post=9507"}],"version-history":[{"count":1,"href":"http:\/\/blogdalucianaoliveira.com.br\/blog\/wp-json\/wp\/v2\/posts\/9507\/revisions"}],"predecessor-version":[{"id":9509,"href":"http:\/\/blogdalucianaoliveira.com.br\/blog\/wp-json\/wp\/v2\/posts\/9507\/revisions\/9509"}],"wp:attachment":[{"href":"http:\/\/blogdalucianaoliveira.com.br\/blog\/wp-json\/wp\/v2\/media?parent=9507"}],"wp:term":[{"taxonomy":"category","embeddable":true,"href":"http:\/\/blogdalucianaoliveira.com.br\/blog\/wp-json\/wp\/v2\/categories?post=9507"},{"taxonomy":"post_tag","embeddable":true,"href":"http:\/\/blogdalucianaoliveira.com.br\/blog\/wp-json\/wp\/v2\/tags?post=9507"}],"curies":[{"name":"wp","href":"https:\/\/api.w.org\/{rel}","templated":true}]}}