{"id":9510,"date":"2017-03-25T09:47:49","date_gmt":"2017-03-25T13:47:49","guid":{"rendered":"http:\/\/blogdalucianaoliveira.com.br\/blog\/?p=9510"},"modified":"2017-03-25T09:47:49","modified_gmt":"2017-03-25T13:47:49","slug":"justica-condena-assassino-de-nicinha-a-15-anos-de-prisao","status":"publish","type":"post","link":"http:\/\/blogdalucianaoliveira.com.br\/blog\/2017\/03\/25\/justica-condena-assassino-de-nicinha-a-15-anos-de-prisao\/","title":{"rendered":"Justi\u00e7a condena assassino de Nicinha a 15 anos de pris\u00e3o"},"content":{"rendered":"<p><img data-recalc-dims=\"1\" loading=\"lazy\" decoding=\"async\" data-attachment-id=\"9511\" data-permalink=\"http:\/\/blogdalucianaoliveira.com.br\/blog\/2017\/03\/25\/justica-condena-assassino-de-nicinha-a-15-anos-de-prisao\/nice-2\/\" data-orig-file=\"https:\/\/i0.wp.com\/blogdalucianaoliveira.com.br\/blog\/wp-content\/uploads\/2017\/03\/nice.jpg?fit=611%2C393\" data-orig-size=\"611,393\" data-comments-opened=\"0\" data-image-meta=\"{&quot;aperture&quot;:&quot;0&quot;,&quot;credit&quot;:&quot;&quot;,&quot;camera&quot;:&quot;&quot;,&quot;caption&quot;:&quot;&quot;,&quot;created_timestamp&quot;:&quot;0&quot;,&quot;copyright&quot;:&quot;&quot;,&quot;focal_length&quot;:&quot;0&quot;,&quot;iso&quot;:&quot;0&quot;,&quot;shutter_speed&quot;:&quot;0&quot;,&quot;title&quot;:&quot;&quot;,&quot;orientation&quot;:&quot;1&quot;}\" data-image-title=\"nice\" data-image-description=\"\" data-image-caption=\"\" data-medium-file=\"https:\/\/i0.wp.com\/blogdalucianaoliveira.com.br\/blog\/wp-content\/uploads\/2017\/03\/nice.jpg?fit=300%2C193\" data-large-file=\"https:\/\/i0.wp.com\/blogdalucianaoliveira.com.br\/blog\/wp-content\/uploads\/2017\/03\/nice.jpg?fit=600%2C386\" src=\"https:\/\/i0.wp.com\/blogdalucianaoliveira.com.br\/blog\/wp-content\/uploads\/2017\/03\/nice.jpg?resize=600%2C386\" alt=\"nice\" width=\"600\" height=\"386\" class=\"alignnone size-full wp-image-9511\" srcset=\"https:\/\/i0.wp.com\/blogdalucianaoliveira.com.br\/blog\/wp-content\/uploads\/2017\/03\/nice.jpg?w=611 611w, https:\/\/i0.wp.com\/blogdalucianaoliveira.com.br\/blog\/wp-content\/uploads\/2017\/03\/nice.jpg?resize=300%2C193 300w, https:\/\/i0.wp.com\/blogdalucianaoliveira.com.br\/blog\/wp-content\/uploads\/2017\/03\/nice.jpg?resize=466%2C300 466w\" sizes=\"auto, (max-width: 600px) 100vw, 600px\" \/><\/p>\n<p>&#8220;Nicinha morreu porque n\u00e3o aceitou as injusti\u00e7as das barragens calada&#8221;<!--more--><\/p>\n<p>Do Mab<\/p>\n<p>No final da noite de quinta-feira (23), ap\u00f3s 13 horas de audi\u00eancia no F\u00f3rum Criminal de Porto Velho (RO), o Tribunal do J\u00fari condenou Edione Pessoa da Silva pelo assassinato de Nilce de Souza Magalh\u00e3es, a Nicinha. A pescadora e militante do Movimento dos Atingidos por Barragens (MAB) foi assassinada em 7 de janeiro de 2016, mas seu corpo foi achado apenas cinco meses depois no fundo do lago da Usina Hidrel\u00e9trica Jirau, com uma marca de tiro na cabe\u00e7a e com as m\u00e3os e p\u00e9s amarrados a uma pedra.<\/p>\n<p>A senten\u00e7a de 15 anos e seis meses em regime fechado pelos crimes de homic\u00eddio qualificado e oculta\u00e7\u00e3o de cad\u00e1ver foi definida pela ju\u00edza Kerley Regina Ferreira, da 1\u00aa Vara do Tribunal do J\u00fari de Porto Velho.<\/p>\n<p>Todavia, Leonardo Batista da Silva, primo de Edione, foi absolvido do crime de oculta\u00e7\u00e3o de cad\u00e1ver e recebeu a pena de um ano em regime aberto por furto. Leonardo permanece preso apenas devido a outro processo judicial que est\u00e1 em andamento.<\/p>\n<p>De acordo com o MAB, o caso de Nicinha representa as viola\u00e7\u00f5es de direitos humanos e o tratamento despendido aos atingidos pelas hidrel\u00e9tricas em Rond\u00f4nia e no resto do pa\u00eds. &#8220;Nicinha morreu porque n\u00e3o aceitou as injusti\u00e7as das barragens calada&#8221;, afirma o movimento em nota.<\/p>\n<p>O MAB ainda cobra que as investiga\u00e7\u00f5es prossigam e que se encontre todos os envolvidos no assassinato da mandante. &#8220;Exigimos investiga\u00e7\u00e3o completa e julgamento a todos. Seguiremos firmes na luta, denunciando a persegui\u00e7\u00e3o aos atingidos por barragens e cobrando para que nenhuma investiga\u00e7\u00e3o seja jogada para baixo do tapete para proteger gente mais poderosa&#8221;, diz a nota.<\/p>\n<p> Por fim, o movimento cobra do cons\u00f3rcio Energia Sustent\u00e1vel do Brasil (ESBR), respons\u00e1vel pela Usina Hidrel\u00e9trica de Jirau, os direitos de todos os atingidos por barragens, incluindo a comunidade de Velha Mutum Paran\u00e1, onde Nicinha foi obrigada a se mudar devido aos impactos do empreendimento na regi\u00e3o.  <\/p>\n<p>Hist\u00f3rico<\/p>\n<p>Nicinha foi vista pela \u00faltima vez na barraca de lona onde morava com seu companheiro, Nei no dia 7 de janeiro de 2016, em um acampamento com outras fam\u00edlias de pescadores, atingidas pela Usina Hidrel\u00e9trica (UHE) Jirau, na localidade chamada de \u201cVelha Mutum Paran\u00e1\u201d, em Porto Velho (RO).<\/p>\n<p>Dias ap\u00f3s seu desaparecimento, Edione Pessoa da Silva foi preso ap\u00f3s confessar o assassinato da militante. Entretanto, Edione conseguiu fugir da Penitenci\u00e1ria Estadual \u201cEdvan Mariano Rosendo\u201d no dia 11 de abril, localizada em Porto Velho (RO), e foi recapturado apenas em agosto.<\/p>\n<p>A lideran\u00e7a era conhecida na regi\u00e3o pela luta em defesa das popula\u00e7\u00f5es atingidas, denunciando as viola\u00e7\u00f5es de direitos humanos cometidas pelo cons\u00f3rcio respons\u00e1vel pela UHE de Jirau, chamado de Energia Sustent\u00e1vel do Brasil (ESBR). Filha de seringueiros que vieram do Acre para Abun\u00e3 (Porto Velho) em Rond\u00f4nia, onde vivia h\u00e1 quase cinquenta anos, foi obrigada a se deslocar para \u201cVelha Mutum Paran\u00e1\u201d junto a outros pescadores. No local, n\u00e3o existia acesso \u00e0 \u00e1gua pot\u00e1vel ou energia el\u00e9trica.<\/p>\n<p>Nilce realizou diversas den\u00fancias ao longo desses anos, participando de audi\u00eancias e manifesta\u00e7\u00f5es p\u00fablicas, entre as quais, apontou os graves impactos gerados \u00e0 atividade pesqueira no rio Madeira. As den\u00fancias geraram dois inqu\u00e9ritos civis que est\u00e3o sendo realizados pelos Minist\u00e9rios P\u00fablicos Federal e Estadual sobre a n\u00e3o realiza\u00e7\u00e3o do Programa de Apoio \u00e0 Atividade Pesqueira e outro, de car\u00e1ter criminal, em fun\u00e7\u00e3o de manipula\u00e7\u00f5es de dados em relat\u00f3rios de monitoramento.<\/p>\n","protected":false},"excerpt":{"rendered":"<p>&#8220;Nicinha morreu porque n\u00e3o aceitou as injusti\u00e7as das barragens calada&#8221;<\/p>\n","protected":false},"author":1,"featured_media":0,"comment_status":"closed","ping_status":"open","sticky":false,"template":"","format":"standard","meta":{"_exactmetrics_skip_tracking":false,"_exactmetrics_sitenote_active":false,"_exactmetrics_sitenote_note":"","_exactmetrics_sitenote_category":0,"jetpack_post_was_ever_published":false,"_jetpack_newsletter_access":"","_jetpack_dont_email_post_to_subs":false,"_jetpack_newsletter_tier_id":0,"_jetpack_memberships_contains_paywalled_content":false,"_jetpack_memberships_contains_paid_content":false,"footnotes":"","jetpack_publicize_message":"","jetpack_publicize_feature_enabled":true,"jetpack_social_post_already_shared":true,"jetpack_social_options":{"image_generator_settings":{"template":"highway","enabled":false},"version":2}},"categories":[1],"tags":[],"class_list":["post-9510","post","type-post","status-publish","format-standard","hentry","category-notas"],"jetpack_publicize_connections":[],"jetpack_sharing_enabled":true,"jetpack_featured_media_url":"","jetpack_shortlink":"https:\/\/wp.me\/p7wKYW-2to","jetpack-related-posts":[],"_links":{"self":[{"href":"http:\/\/blogdalucianaoliveira.com.br\/blog\/wp-json\/wp\/v2\/posts\/9510","targetHints":{"allow":["GET"]}}],"collection":[{"href":"http:\/\/blogdalucianaoliveira.com.br\/blog\/wp-json\/wp\/v2\/posts"}],"about":[{"href":"http:\/\/blogdalucianaoliveira.com.br\/blog\/wp-json\/wp\/v2\/types\/post"}],"author":[{"embeddable":true,"href":"http:\/\/blogdalucianaoliveira.com.br\/blog\/wp-json\/wp\/v2\/users\/1"}],"replies":[{"embeddable":true,"href":"http:\/\/blogdalucianaoliveira.com.br\/blog\/wp-json\/wp\/v2\/comments?post=9510"}],"version-history":[{"count":1,"href":"http:\/\/blogdalucianaoliveira.com.br\/blog\/wp-json\/wp\/v2\/posts\/9510\/revisions"}],"predecessor-version":[{"id":9512,"href":"http:\/\/blogdalucianaoliveira.com.br\/blog\/wp-json\/wp\/v2\/posts\/9510\/revisions\/9512"}],"wp:attachment":[{"href":"http:\/\/blogdalucianaoliveira.com.br\/blog\/wp-json\/wp\/v2\/media?parent=9510"}],"wp:term":[{"taxonomy":"category","embeddable":true,"href":"http:\/\/blogdalucianaoliveira.com.br\/blog\/wp-json\/wp\/v2\/categories?post=9510"},{"taxonomy":"post_tag","embeddable":true,"href":"http:\/\/blogdalucianaoliveira.com.br\/blog\/wp-json\/wp\/v2\/tags?post=9510"}],"curies":[{"name":"wp","href":"https:\/\/api.w.org\/{rel}","templated":true}]}}