{"id":9515,"date":"2017-03-25T12:14:48","date_gmt":"2017-03-25T16:14:48","guid":{"rendered":"http:\/\/blogdalucianaoliveira.com.br\/blog\/?p=9515"},"modified":"2017-03-25T12:15:48","modified_gmt":"2017-03-25T16:15:48","slug":"ped-perfil-candidata","status":"publish","type":"post","link":"http:\/\/blogdalucianaoliveira.com.br\/blog\/2017\/03\/25\/ped-perfil-candidata\/","title":{"rendered":"Elei\u00e7\u00f5es internas do PT: Perfil candidata"},"content":{"rendered":"<p><img data-recalc-dims=\"1\" loading=\"lazy\" decoding=\"async\" data-attachment-id=\"9516\" data-permalink=\"http:\/\/blogdalucianaoliveira.com.br\/blog\/2017\/03\/25\/ped-perfil-candidata\/img_4458\/\" data-orig-file=\"https:\/\/i0.wp.com\/blogdalucianaoliveira.com.br\/blog\/wp-content\/uploads\/2017\/03\/IMG_4458.jpg?fit=504%2C504\" data-orig-size=\"504,504\" data-comments-opened=\"0\" data-image-meta=\"{&quot;aperture&quot;:&quot;0&quot;,&quot;credit&quot;:&quot;&quot;,&quot;camera&quot;:&quot;&quot;,&quot;caption&quot;:&quot;&quot;,&quot;created_timestamp&quot;:&quot;0&quot;,&quot;copyright&quot;:&quot;&quot;,&quot;focal_length&quot;:&quot;0&quot;,&quot;iso&quot;:&quot;0&quot;,&quot;shutter_speed&quot;:&quot;0&quot;,&quot;title&quot;:&quot;&quot;,&quot;orientation&quot;:&quot;1&quot;}\" data-image-title=\"IMG_4458\" data-image-description=\"\" data-image-caption=\"\" data-medium-file=\"https:\/\/i0.wp.com\/blogdalucianaoliveira.com.br\/blog\/wp-content\/uploads\/2017\/03\/IMG_4458.jpg?fit=300%2C300\" data-large-file=\"https:\/\/i0.wp.com\/blogdalucianaoliveira.com.br\/blog\/wp-content\/uploads\/2017\/03\/IMG_4458.jpg?fit=504%2C504\" src=\"https:\/\/i0.wp.com\/blogdalucianaoliveira.com.br\/blog\/wp-content\/uploads\/2017\/03\/IMG_4458.jpg?resize=504%2C504\" alt=\"IMG_4458\" width=\"504\" height=\"504\" class=\"alignnone size-full wp-image-9516\" srcset=\"https:\/\/i0.wp.com\/blogdalucianaoliveira.com.br\/blog\/wp-content\/uploads\/2017\/03\/IMG_4458.jpg?w=504 504w, https:\/\/i0.wp.com\/blogdalucianaoliveira.com.br\/blog\/wp-content\/uploads\/2017\/03\/IMG_4458.jpg?resize=150%2C150 150w, https:\/\/i0.wp.com\/blogdalucianaoliveira.com.br\/blog\/wp-content\/uploads\/2017\/03\/IMG_4458.jpg?resize=300%2C300 300w\" sizes=\"auto, (max-width: 504px) 100vw, 504px\" \/><\/p>\n<p>O Processo para elei\u00e7\u00e3o das Dire\u00e7\u00f5es Municipais do Partido dos Trabalhadores acontecer\u00e1 no dia 9 de Abril de 2017 em todo o pa\u00eds. Al\u00e9m de eleger a nova dire\u00e7\u00e3o, os petistas tamb\u00e9m eleger\u00e3o delegados e delegadas ao congresso estadual.<!--more--><\/p>\n<p>Em Porto Velho a chapa &#8220;Juntos para construir&#8221;apresenta o nome de CL\u00c9A SIQUEIRA para a disputa \u00e0 presid\u00eancia do DM.<\/p>\n<p>Servidora p\u00fablica da Fazenda Estadual com mais de 30 anos de servi\u00e7o prestado, CL\u00c9A foi Presidenta do Sindicato da categoria no per\u00edodo de 2004 a 2008 quando comandou a primeira greve do setor, no governo de Ivo Cassol.<\/p>\n<p>Na \u00e9poca tamb\u00e9m estavam em greve os trabalhadores em Educa\u00e7\u00e3o,  sob o comando de Claudir Mata.<\/p>\n<p>O saudoso articulista Paulo Queiroz naquele momento cunhou a<br \/>\nexpress\u00e3o &#8220;CCC &#8211; Comando Cassa Cassol para em alus\u00e3o \u00e0 3 mulheres que incomodavam o governo, cada uma em sua \u00e1rea : Claudir, Cleide e CL\u00c9A. <\/p>\n","protected":false},"excerpt":{"rendered":"<p>O Processo para elei\u00e7\u00e3o das Dire\u00e7\u00f5es Municipais do Partido dos Trabalhadores acontecer\u00e1 no dia 9 de Abril de 2017 em todo o pa\u00eds. Al\u00e9m de eleger a nova dire\u00e7\u00e3o, os petistas tamb\u00e9m eleger\u00e3o delegados e delegadas ao congresso estadual.<\/p>\n","protected":false},"author":1,"featured_media":0,"comment_status":"closed","ping_status":"open","sticky":false,"template":"","format":"standard","meta":{"_exactmetrics_skip_tracking":false,"_exactmetrics_sitenote_active":false,"_exactmetrics_sitenote_note":"","_exactmetrics_sitenote_category":0,"jetpack_post_was_ever_published":false,"_jetpack_newsletter_access":"","_jetpack_dont_email_post_to_subs":false,"_jetpack_newsletter_tier_id":0,"_jetpack_memberships_contains_paywalled_content":false,"_jetpack_memberships_contains_paid_content":false,"footnotes":"","jetpack_publicize_message":"","jetpack_publicize_feature_enabled":true,"jetpack_social_post_already_shared":true,"jetpack_social_options":{"image_generator_settings":{"template":"highway","enabled":false},"version":2}},"categories":[1],"tags":[],"class_list":["post-9515","post","type-post","status-publish","format-standard","hentry","category-notas"],"jetpack_publicize_connections":[],"jetpack_sharing_enabled":true,"jetpack_featured_media_url":"","jetpack_shortlink":"https:\/\/wp.me\/p7wKYW-2tt","jetpack-related-posts":[],"_links":{"self":[{"href":"http:\/\/blogdalucianaoliveira.com.br\/blog\/wp-json\/wp\/v2\/posts\/9515","targetHints":{"allow":["GET"]}}],"collection":[{"href":"http:\/\/blogdalucianaoliveira.com.br\/blog\/wp-json\/wp\/v2\/posts"}],"about":[{"href":"http:\/\/blogdalucianaoliveira.com.br\/blog\/wp-json\/wp\/v2\/types\/post"}],"author":[{"embeddable":true,"href":"http:\/\/blogdalucianaoliveira.com.br\/blog\/wp-json\/wp\/v2\/users\/1"}],"replies":[{"embeddable":true,"href":"http:\/\/blogdalucianaoliveira.com.br\/blog\/wp-json\/wp\/v2\/comments?post=9515"}],"version-history":[{"count":2,"href":"http:\/\/blogdalucianaoliveira.com.br\/blog\/wp-json\/wp\/v2\/posts\/9515\/revisions"}],"predecessor-version":[{"id":9518,"href":"http:\/\/blogdalucianaoliveira.com.br\/blog\/wp-json\/wp\/v2\/posts\/9515\/revisions\/9518"}],"wp:attachment":[{"href":"http:\/\/blogdalucianaoliveira.com.br\/blog\/wp-json\/wp\/v2\/media?parent=9515"}],"wp:term":[{"taxonomy":"category","embeddable":true,"href":"http:\/\/blogdalucianaoliveira.com.br\/blog\/wp-json\/wp\/v2\/categories?post=9515"},{"taxonomy":"post_tag","embeddable":true,"href":"http:\/\/blogdalucianaoliveira.com.br\/blog\/wp-json\/wp\/v2\/tags?post=9515"}],"curies":[{"name":"wp","href":"https:\/\/api.w.org\/{rel}","templated":true}]}}