{"id":9521,"date":"2017-03-26T10:22:10","date_gmt":"2017-03-26T14:22:10","guid":{"rendered":"http:\/\/blogdalucianaoliveira.com.br\/blog\/?p=9521"},"modified":"2017-03-26T10:22:10","modified_gmt":"2017-03-26T14:22:10","slug":"o-heroismo-de-edu-e-a-briga-pela-xepa-do-final-da-feira-por-eugenio-aragao","status":"publish","type":"post","link":"http:\/\/blogdalucianaoliveira.com.br\/blog\/2017\/03\/26\/o-heroismo-de-edu-e-a-briga-pela-xepa-do-final-da-feira-por-eugenio-aragao\/","title":{"rendered":"O hero\u00edsmo de Edu e a briga pela xepa do final da feira \u2013 por Eug\u00eanio Arag\u00e3o"},"content":{"rendered":"<p><img data-recalc-dims=\"1\" loading=\"lazy\" decoding=\"async\" data-attachment-id=\"9522\" data-permalink=\"http:\/\/blogdalucianaoliveira.com.br\/blog\/2017\/03\/26\/o-heroismo-de-edu-e-a-briga-pela-xepa-do-final-da-feira-por-eugenio-aragao\/aragao\/\" data-orig-file=\"https:\/\/i0.wp.com\/blogdalucianaoliveira.com.br\/blog\/wp-content\/uploads\/2017\/03\/aragao.jpg?fit=600%2C400\" data-orig-size=\"600,400\" data-comments-opened=\"0\" data-image-meta=\"{&quot;aperture&quot;:&quot;0&quot;,&quot;credit&quot;:&quot;&quot;,&quot;camera&quot;:&quot;&quot;,&quot;caption&quot;:&quot;&quot;,&quot;created_timestamp&quot;:&quot;0&quot;,&quot;copyright&quot;:&quot;&quot;,&quot;focal_length&quot;:&quot;0&quot;,&quot;iso&quot;:&quot;0&quot;,&quot;shutter_speed&quot;:&quot;0&quot;,&quot;title&quot;:&quot;&quot;,&quot;orientation&quot;:&quot;0&quot;}\" data-image-title=\"aragao\" data-image-description=\"\" data-image-caption=\"\" data-medium-file=\"https:\/\/i0.wp.com\/blogdalucianaoliveira.com.br\/blog\/wp-content\/uploads\/2017\/03\/aragao.jpg?fit=300%2C200\" data-large-file=\"https:\/\/i0.wp.com\/blogdalucianaoliveira.com.br\/blog\/wp-content\/uploads\/2017\/03\/aragao.jpg?fit=600%2C400\" src=\"https:\/\/i0.wp.com\/blogdalucianaoliveira.com.br\/blog\/wp-content\/uploads\/2017\/03\/aragao.jpg?resize=600%2C400\" alt=\"aragao\" width=\"600\" height=\"400\" class=\"alignnone size-full wp-image-9522\" srcset=\"https:\/\/i0.wp.com\/blogdalucianaoliveira.com.br\/blog\/wp-content\/uploads\/2017\/03\/aragao.jpg?w=600 600w, https:\/\/i0.wp.com\/blogdalucianaoliveira.com.br\/blog\/wp-content\/uploads\/2017\/03\/aragao.jpg?resize=300%2C200 300w, https:\/\/i0.wp.com\/blogdalucianaoliveira.com.br\/blog\/wp-content\/uploads\/2017\/03\/aragao.jpg?resize=450%2C300 450w\" sizes=\"auto, (max-width: 600px) 100vw, 600px\" \/><\/p>\n<p>Por Eug\u00eanio Arag\u00e3o:<\/p>\n<p>Tem gente que conduz procedimentos investigat\u00f3rios criminais e a\u00e7\u00f5es penais como se fossem um espet\u00e1culo de luta livre. D\u00e3o um p\u00e9ssimo exemplo para o pa\u00eds e provam o desprezo pelo Estado de Direito.<!--more--><\/p>\n<p>Um desses implac\u00e1veis lutadores livres togados mora em Curitiba e disp\u00f5e de vasta claque num audit\u00f3rio ensandecido que entra em \u00eaxtase ao ver sangue vermelho escorrer pela sarjeta da rep\u00fablica. Desconhece limites. Tudo pode.<\/p>\n<p>Os tribunais guardi\u00f5es da ordem jur\u00eddica ora coonestam-no, ora se acumpliciam, ora se acovardam.<\/p>\n<p>\u00c9 verdade que hoje h\u00e1 magistrado de c\u00fapula que troveja indigna\u00e7\u00e3o com sua forma extravagante de jurisdicionar, mas o faz com cinismo seletivo: enquanto o brig\u00e3o forense desferia suas voadoras nos pol\u00edticos que n\u00e3o s\u00e3o de sua afinidade, silenciava ou chegava, at\u00e9, a aplaudir e ovacionar; hoje, tendo o encrenqueiro resolvido dar caneladas nos de seu rebanho, deblatera midiaticamente.<\/p>\n<p>N\u00e3o falta blogueiro oportunista para dar raz\u00e3o ao seletivo magistrado de c\u00fapula, quando, antes, era puxador do coro em favor dos zigue-zagues processuais do juiz de piso. Dan\u00e7ava com pomponzinhos de torcida americana feminina e gritava \u201cgive me an M, give me an O, give me an R, and give me an O\u2026\u201c, e, agora, passa \u00e0s vaias e aos apupos sonoros contra o antigo her\u00f3i.<\/p>\n<p>No circo de torcidas celeradas, de quem joga saco de urina sobre a plat\u00e9ia de baixo, sobra pouco para a dignidade da Justi\u00e7a.<\/p>\n<p>Nossa cultura jur\u00eddica se assemelha cada vez mais \u00e0 cultura da antiga \u201cGeral\u201d do Maracan\u00e3, onde a balb\u00fardia, o empurra-empurra e o baixo cal\u00e3o eram rotina.<\/p>\n<p>Quando o obscurantismo passa a ser a cosmovis\u00e3o dos poderosos, n\u00e3o se pode deixar de prestar homenagem aos que n\u00e3o se intimidam e continuam a nos brindar com sua corajosa voz:<\/p>\n<p>\u201cPobre del cantor de nuestros d\u00edas<\/p>\n<p>que no arriesgue su cuerda<\/p>\n<p>por no arriesgar su vida.<\/p>\n<p>Pobre del cantor que nunca sepa<\/p>\n<p>que fuimos la semilla y hoy somos esta vida.<\/p>\n<p>Pobre del cantor que un d\u00eda la historia <\/p>\n<p>lo borre sin la gloria de haber tocado espinas. <\/p>\n<p>Pobre del cantor que fue marcado <\/p>\n<p>para sufrir un poco y hoy est\u00e1 derrotado.<\/p>\n<p>Pobre del cantor que a sus informes<\/p>\n<p>les borren hasta el nombre con copias asesinas.<\/p>\n<p>Pobre del cantor que no se alce<\/p>\n<p>y siga hacia adelante con m\u00e1s canto y m\u00e1s vida.<\/p>\n<p>Pobre del cantor que no halle el modo<\/p>\n<p>de tener bien seguro su proceder con todos.<\/p>\n<p>Pobre del cantor que no se imponga<\/p>\n<p>con su canci\u00f3n de gloria, con embarres y lodos.<\/p>\n<p>Pobre del cantor de nuestros d\u00edas<\/p>\n<p>que no arriesgue su cuerda por no arriesgar su vida.<\/p>\n<p>Pobre del cantor que nunca sepa<\/p>\n<p>que fuimos la semilla y hoy somos esta vida.\u201d<\/p>\n<p>(Pablo Mil\u00e1nez, Pobre del Cantor).<\/p>\n<p>Um desses voceros \u00e9 Eduardo Guimar\u00e3es, ou Edu, para os muitos admiradores de seu car\u00e1ter e personalidade. Seu jornalismo investigativo \u00e9 apurado, cuidadoso e honesto sem ser piegas. \u00c9 algu\u00e9m como voc\u00ea e eu, \u201cthe man next door\u201c.<\/p>\n<p>N\u00e3o almeja gl\u00f3ria nem riqueza. Almeja respeito e reconhecimento por sua seriedade profissional.<\/p>\n<p>N\u00e3o se rebaixa ao mercenarismo vulgar de quem o chama de aventureiro. N\u00e3o destila \u00f3dio sob encomenda.<\/p>\n<p>N\u00e3o tem vergonha de expressar seu ponto de vista, balizado por s\u00f3lidas e testadas informa\u00e7\u00f5es advindas de uma rede de fontes que cultiva com sincera amizade, fiel sem deixar de ser cr\u00edtica.<\/p>\n<p>Edu \u00e9 um homem livre. E sua liberdade incomoda. Incomoda aos que se venderam aos interesses escusos e praticam uma comunica\u00e7\u00e3o suja, sem compromisso com os fatos, somente com as vers\u00f5es interesseiras.<\/p>\n<p>Edu os desmente. Edu lhes mostra que h\u00e1 uma comunica\u00e7\u00e3o de escol, desprendida dos poderosos e endinheirados. Ele \u00e9 o que os praticantes do jornalismo lacaio n\u00e3o conseguem ser. V\u00eaem-no querido e admirado e sentem-se despeitados como a raposa de La Fontaine ao falar das uvas.<\/p>\n<p>\u201cAventureiro\u201d! Fa\u00e7am-me rir. T\u00eam inveja de seu direito de ousar e vencer! Por isso \u201caventureiro\u201d\u2026<\/p>\n<p>Edu \u00e9 um Indiana Jones cercado de ca\u00e7adores de tesouros nazistas. Ca\u00e7adores de fama a todo custo, que usam seus podres poderes para dificultar a miss\u00e3o do honesto e desajeitado arque\u00f3logo.<\/p>\n<p>Mas, como s\u00f3i ocorrer com Indiana Jones, suas virtudes acabam sempre vencendo os v\u00edcios de seus malfeitores.<\/p>\n<p>\u00c9 isso, talvez, que explique o imbroglio em que se meteu o processualista de Curitiba ao determinar, ao arrepio da constitui\u00e7\u00e3o e de tratados de prote\u00e7\u00e3o de direitos humanos, o  varejo na resid\u00eancia de Edu, para tentar descobrir sua fonte de informa\u00e7\u00e3o sobre a suposta imin\u00eancia de dilig\u00eancias que teria ordenado contra Lula.<\/p>\n<p>O poss\u00edvel furo do bravo jornalista talvez tenha \u201cmelado\u201d o espet\u00e1culo que estava por acontecer e conferir mais fama ao brioso magistrado.<\/p>\n<p>Ao determinar a medida coercitiva contra o jornalista, o juiz fez pouco caso da circunst\u00e2ncia de j\u00e1 ostentar, ele pr\u00f3prio, rela\u00e7\u00e3o contenciosa pessoal contra est\u2019\u00faltimo; a contenda not\u00f3ria obviamente n\u00e3o recomendava que fosse, desse juiz, se leg\u00edtima, qualquer iniciativa de busca e apreens\u00e3o, por sugerir conflito de interesses e, consequentemente, sua suspei\u00e7\u00e3o.<\/p>\n<p>Mas em tempos nos quais magistrados de c\u00fapula podem mudar de p\u00fablico sua opini\u00e3o de acordo com o alvo de seus ju\u00edzos pol\u00edticos; em tempos nos quais o candidato \u00e0 vaga suprema aceita convite para agrad\u00e1vel jantar num love boat, com seus inquisidores senatoriais \u00e0s v\u00e9speras da sabatina constitucional; em tempos nos quais um ministro do STF chama publicamente seu colega de inimput\u00e1vel por decis\u00e3o que este tomou e n\u00e3o lhe agradou\u2026 nesses tempos tudo \u00e9 poss\u00edvel.<\/p>\n<p>N\u00e3o \u00e9 uma busca violadora da prerrogativa profissional de um jornalista que vai causar esc\u00e2ndalo. Brigas pela xepa s\u00e3o comuns em final de feira e n\u00e3o atraem indigna\u00e7\u00e3o de ningu\u00e9m.<\/p>\n<p>Mas Edu venceu. Edu n\u00e3o foi desmentido em sua informa\u00e7\u00e3o sobre o projeto de se alvejar Lula para fechar-lhe o caminho para as elei\u00e7\u00f5es de 2018. E isso apesar de ter seu computador devassado, sua agenda e seu celular violados.<\/p>\n<p>Apesar de ter sido sequestrado da cama matrimonial \u00e0s seis da manh\u00e3 e mantido sem contato com seus advogados e familiares, em franca viola\u00e7\u00e3o das mais comezinhas garantias processuais de qualquer arguido.<\/p>\n<p>Venceu. Mostrou-nos a que ponto chega o complexo persecut\u00f3rio policial-judicial em nosso pa\u00eds para matar doentia curiosidade sobre quem teria sido a fonte de informa\u00e7\u00e3o do jornalista, dado sagrado e protegido pela constitui\u00e7\u00e3o como pressuposto b\u00e1sico do direito \u00e0 comunica\u00e7\u00e3o.<\/p>\n<p>Edu, que nem Indiana Jones, completou com sucesso sua miss\u00e3o e merece o Pr\u00eamio Pulitzer.<\/p>\n<p>J\u00e1 os brig\u00f5es\u2026 ah os brig\u00f5es! Al\u00e9m de obrigados a voltar atr\u00e1s em sua senda inconstitucional para resguardar a face, passaram a merecer o pr\u00eamio da xepa de ouro, pelo deprimente \u201cbarraco\u201d encenado para a sociedade cansada desses arroubos corporativos na contram\u00e3o da cidadania.<\/p>\n<p>Eug\u00eanio Arag\u00e3o \u00e9 ex-ministro da Justi\u00e7a do governo de Dilma Rousseff, professor da Universidade de Bras\u00edlia e advogado.<\/p>\n","protected":false},"excerpt":{"rendered":"<p>Por Eug\u00eanio Arag\u00e3o: Tem gente que conduz procedimentos investigat\u00f3rios criminais e a\u00e7\u00f5es penais como se fossem um espet\u00e1culo de luta livre. D\u00e3o um p\u00e9ssimo exemplo para o pa\u00eds e provam o desprezo pelo Estado de Direito.<\/p>\n","protected":false},"author":1,"featured_media":0,"comment_status":"closed","ping_status":"open","sticky":false,"template":"","format":"standard","meta":{"_exactmetrics_skip_tracking":false,"_exactmetrics_sitenote_active":false,"_exactmetrics_sitenote_note":"","_exactmetrics_sitenote_category":0,"jetpack_post_was_ever_published":false,"_jetpack_newsletter_access":"","_jetpack_dont_email_post_to_subs":false,"_jetpack_newsletter_tier_id":0,"_jetpack_memberships_contains_paywalled_content":false,"_jetpack_memberships_contains_paid_content":false,"footnotes":"","jetpack_publicize_message":"","jetpack_publicize_feature_enabled":true,"jetpack_social_post_already_shared":true,"jetpack_social_options":{"image_generator_settings":{"template":"highway","enabled":false},"version":2}},"categories":[1],"tags":[],"class_list":["post-9521","post","type-post","status-publish","format-standard","hentry","category-notas"],"jetpack_publicize_connections":[],"jetpack_sharing_enabled":true,"jetpack_featured_media_url":"","jetpack_shortlink":"https:\/\/wp.me\/p7wKYW-2tz","jetpack-related-posts":[],"_links":{"self":[{"href":"http:\/\/blogdalucianaoliveira.com.br\/blog\/wp-json\/wp\/v2\/posts\/9521","targetHints":{"allow":["GET"]}}],"collection":[{"href":"http:\/\/blogdalucianaoliveira.com.br\/blog\/wp-json\/wp\/v2\/posts"}],"about":[{"href":"http:\/\/blogdalucianaoliveira.com.br\/blog\/wp-json\/wp\/v2\/types\/post"}],"author":[{"embeddable":true,"href":"http:\/\/blogdalucianaoliveira.com.br\/blog\/wp-json\/wp\/v2\/users\/1"}],"replies":[{"embeddable":true,"href":"http:\/\/blogdalucianaoliveira.com.br\/blog\/wp-json\/wp\/v2\/comments?post=9521"}],"version-history":[{"count":1,"href":"http:\/\/blogdalucianaoliveira.com.br\/blog\/wp-json\/wp\/v2\/posts\/9521\/revisions"}],"predecessor-version":[{"id":9523,"href":"http:\/\/blogdalucianaoliveira.com.br\/blog\/wp-json\/wp\/v2\/posts\/9521\/revisions\/9523"}],"wp:attachment":[{"href":"http:\/\/blogdalucianaoliveira.com.br\/blog\/wp-json\/wp\/v2\/media?parent=9521"}],"wp:term":[{"taxonomy":"category","embeddable":true,"href":"http:\/\/blogdalucianaoliveira.com.br\/blog\/wp-json\/wp\/v2\/categories?post=9521"},{"taxonomy":"post_tag","embeddable":true,"href":"http:\/\/blogdalucianaoliveira.com.br\/blog\/wp-json\/wp\/v2\/tags?post=9521"}],"curies":[{"name":"wp","href":"https:\/\/api.w.org\/{rel}","templated":true}]}}