{"id":9529,"date":"2017-03-26T11:22:53","date_gmt":"2017-03-26T15:22:53","guid":{"rendered":"http:\/\/blogdalucianaoliveira.com.br\/blog\/?p=9529"},"modified":"2017-03-26T11:22:53","modified_gmt":"2017-03-26T15:22:53","slug":"cnj-retarda-consulta-que-garante-direito-a-servidores-trans-do-judiciario","status":"publish","type":"post","link":"http:\/\/blogdalucianaoliveira.com.br\/blog\/2017\/03\/26\/cnj-retarda-consulta-que-garante-direito-a-servidores-trans-do-judiciario\/","title":{"rendered":"CNJ RETARDA CONSULTA QUE GARANTE DIREITO A SERVIDORES TRANS DO JUDICI\u00c1RIO"},"content":{"rendered":"<p> <img data-recalc-dims=\"1\" loading=\"lazy\" decoding=\"async\" data-attachment-id=\"9530\" data-permalink=\"http:\/\/blogdalucianaoliveira.com.br\/blog\/2017\/03\/26\/cnj-retarda-consulta-que-garante-direito-a-servidores-trans-do-judiciario\/justo\/\" data-orig-file=\"https:\/\/i0.wp.com\/blogdalucianaoliveira.com.br\/blog\/wp-content\/uploads\/2017\/03\/justo.jpg?fit=640%2C427\" data-orig-size=\"640,427\" data-comments-opened=\"0\" data-image-meta=\"{&quot;aperture&quot;:&quot;0&quot;,&quot;credit&quot;:&quot;&quot;,&quot;camera&quot;:&quot;&quot;,&quot;caption&quot;:&quot;&quot;,&quot;created_timestamp&quot;:&quot;0&quot;,&quot;copyright&quot;:&quot;&quot;,&quot;focal_length&quot;:&quot;0&quot;,&quot;iso&quot;:&quot;0&quot;,&quot;shutter_speed&quot;:&quot;0&quot;,&quot;title&quot;:&quot;&quot;,&quot;orientation&quot;:&quot;0&quot;}\" data-image-title=\"justo\" data-image-description=\"\" data-image-caption=\"\" data-medium-file=\"https:\/\/i0.wp.com\/blogdalucianaoliveira.com.br\/blog\/wp-content\/uploads\/2017\/03\/justo.jpg?fit=300%2C200\" data-large-file=\"https:\/\/i0.wp.com\/blogdalucianaoliveira.com.br\/blog\/wp-content\/uploads\/2017\/03\/justo.jpg?fit=600%2C400\" src=\"https:\/\/i0.wp.com\/blogdalucianaoliveira.com.br\/blog\/wp-content\/uploads\/2017\/03\/justo.jpg?resize=600%2C400\" alt=\"justo\" width=\"600\" height=\"400\" class=\"alignnone size-full wp-image-9530\" srcset=\"https:\/\/i0.wp.com\/blogdalucianaoliveira.com.br\/blog\/wp-content\/uploads\/2017\/03\/justo.jpg?w=640 640w, https:\/\/i0.wp.com\/blogdalucianaoliveira.com.br\/blog\/wp-content\/uploads\/2017\/03\/justo.jpg?resize=300%2C200 300w, https:\/\/i0.wp.com\/blogdalucianaoliveira.com.br\/blog\/wp-content\/uploads\/2017\/03\/justo.jpg?resize=450%2C300 450w\" sizes=\"auto, (max-width: 600px) 100vw, 600px\" \/><\/p>\n<p>\u00daltimo Censo apontou 122 magistrados em uni\u00e3o est\u00e1vel com pessoas do mesmo sexo<!--more--><\/p>\n<p>Foi em junho de 2016 que o Conselho Nacional de Justi\u00e7a anunciou \u201cuma consulta p\u00fablica sobre a proposta de resolu\u00e7\u00e3o para regulamentar o uso do nome social (nome dado \u00e0 pessoa cuja identifica\u00e7\u00e3o civil n\u00e3o reflita adequadamente sua identidade de g\u00eanero) em servi\u00e7os judici\u00e1rios.\u201d<\/p>\n<p>Um e-mail exclusivo para o recebimento de sugest\u00f5es foi aberto, o nomesocial@cnj.jus.br.<\/p>\n<p>A consulta foi lan\u00e7ada para ampliar o debate e democratizar espa\u00e7os com o reconhecimento do direito \u00e0 identidade de g\u00eanero.<\/p>\n<p>Mas, a proposta que asseguraria a possibilidade de uso do nome social aos servidores e tratamento adequado conforme a prefer\u00eancia sexual dos que se declaram travestis e transexuais, est\u00e1 parada em fun\u00e7\u00e3o do pedido de vistas do conselheiro Jo\u00e3o Ot\u00e1vio de Noronha.<\/p>\n<p>Em resposta ao blog, a assessoria informou que n\u00e3o h\u00e1 previs\u00e3o para que seja votada.<\/p>\n<p>A demora incomoda magistrados, estagi\u00e1rios, servidores e trabalhadores terceirizados do Poder Judici\u00e1rio que h\u00e1 muito querem o direito ao uso do nome social no ambiente de trabalho.<\/p>\n<div class=\"jetpack-video-wrapper\"><iframe loading=\"lazy\" title=\"Como trabalhar a diversidade na sua empresa?\" width=\"600\" height=\"338\" src=\"https:\/\/www.youtube.com\/embed\/PcMnxvb0ulY?feature=oembed\" frameborder=\"0\" allow=\"accelerometer; autoplay; clipboard-write; encrypted-media; gyroscope; picture-in-picture; web-share\" referrerpolicy=\"strict-origin-when-cross-origin\" allowfullscreen><\/iframe><\/div>\n<p>\u201cEntre as previs\u00f5es do ato normativo est\u00e1 a forma\u00e7\u00e3o continuada sobre o tema pelas Escolas Nacionais da Magistratura (Enfam e Enamat) e o Centro de Forma\u00e7\u00e3o e Aperfei\u00e7oamento de Servidores do Poder Judici\u00e1rio (CEAJud), em coopera\u00e7\u00e3o com as escolas judiciais&#8221;. <\/p>\n<p>A perspectiva \u00e9 de que at\u00e9 o Processo Judicial Eletr\u00f4nico, o PJe, traga um campo espec\u00edfico \u201cdestinado ao registro do nome social desde o cadastramento inicial ou a qualquer tempo, quando requerido.\u201d<\/p>\n<p>Foi o que decidiu a ju\u00edza do Trabalho, Carolina Guerreiro, em audi\u00eancia de instru\u00e7\u00e3o na 7\u00aa Vara no Tribunal Regional do Trabalho da 23\u00aa Regi\u00e3o (TRT\/MT), sobre a pretens\u00e3o de Anderson Fabr\u00edcio, autor da a\u00e7\u00e3o que se declara transexual. A ju\u00edza perguntou como ele gostaria de ser chamado e determinou que nos autos fosse chamado pelo nome social, Alexandra Monteiro. E assim foi registrado no sistema PJe.<\/p>\n<p>O que h\u00e1 \u00e9 m\u00e1 vontade de um modo geral para garantir dignidade aos transexuais que est\u00e3o a um palmo de magistrados, todos os dias v\u00edtimas de constrangimentos e at\u00e9 amea\u00e7as. <\/p>\n<p>Por isso, a proposta de ato normativo do CNJ tamb\u00e9m prev\u00ea banheiros, vesti\u00e1rios e demais espa\u00e7os separados por g\u00eanero nas sedes judiciais e administrativas dos \u00f3rg\u00e3os do Poder Judici\u00e1rio.<\/p>\n<p>Quem estabelece a igualdade a igualdade de todos sem distin\u00e7\u00e3o de qualquer natureza, o que abrange as diferen\u00e7as quanto ao sexo, orienta\u00e7\u00e3o sexual e identidade de g\u00eanero, \u00e9 a Constitui\u00e7\u00e3o Federal, em seu artigo 5\u00ba. <\/p>\n<p>Fora os diversos tratados internacionais dos quais o Brasil \u00e9 signat\u00e1rio.<\/p>\n<p>O problema \u00e9 que at\u00e9 o judici\u00e1rio n\u00e3o escapa da press\u00e3o de magistrados comprometidos com o fundamentalismo religioso e n\u00e3o com a promo\u00e7\u00e3o da igualdade.<\/p>\n<p>Os transexuais s\u00e3o tratados como invis\u00edveis justo por quem n\u00e3o pode atuar com qualquer tipo de viseira ideol\u00f3gica que imponha discrimina\u00e7\u00e3o.<\/p>\n","protected":false},"excerpt":{"rendered":"<p>\u00daltimo Censo apontou 122 magistrados em uni\u00e3o est\u00e1vel com pessoas do mesmo sexo<\/p>\n","protected":false},"author":1,"featured_media":0,"comment_status":"closed","ping_status":"open","sticky":false,"template":"","format":"standard","meta":{"_exactmetrics_skip_tracking":false,"_exactmetrics_sitenote_active":false,"_exactmetrics_sitenote_note":"","_exactmetrics_sitenote_category":0,"jetpack_post_was_ever_published":false,"_jetpack_newsletter_access":"","_jetpack_dont_email_post_to_subs":false,"_jetpack_newsletter_tier_id":0,"_jetpack_memberships_contains_paywalled_content":false,"_jetpack_memberships_contains_paid_content":false,"footnotes":"","jetpack_publicize_message":"","jetpack_publicize_feature_enabled":true,"jetpack_social_post_already_shared":true,"jetpack_social_options":{"image_generator_settings":{"template":"highway","enabled":false},"version":2}},"categories":[1],"tags":[],"class_list":["post-9529","post","type-post","status-publish","format-standard","hentry","category-notas"],"jetpack_publicize_connections":[],"jetpack_sharing_enabled":true,"jetpack_featured_media_url":"","jetpack_shortlink":"https:\/\/wp.me\/p7wKYW-2tH","jetpack-related-posts":[],"_links":{"self":[{"href":"http:\/\/blogdalucianaoliveira.com.br\/blog\/wp-json\/wp\/v2\/posts\/9529","targetHints":{"allow":["GET"]}}],"collection":[{"href":"http:\/\/blogdalucianaoliveira.com.br\/blog\/wp-json\/wp\/v2\/posts"}],"about":[{"href":"http:\/\/blogdalucianaoliveira.com.br\/blog\/wp-json\/wp\/v2\/types\/post"}],"author":[{"embeddable":true,"href":"http:\/\/blogdalucianaoliveira.com.br\/blog\/wp-json\/wp\/v2\/users\/1"}],"replies":[{"embeddable":true,"href":"http:\/\/blogdalucianaoliveira.com.br\/blog\/wp-json\/wp\/v2\/comments?post=9529"}],"version-history":[{"count":1,"href":"http:\/\/blogdalucianaoliveira.com.br\/blog\/wp-json\/wp\/v2\/posts\/9529\/revisions"}],"predecessor-version":[{"id":9531,"href":"http:\/\/blogdalucianaoliveira.com.br\/blog\/wp-json\/wp\/v2\/posts\/9529\/revisions\/9531"}],"wp:attachment":[{"href":"http:\/\/blogdalucianaoliveira.com.br\/blog\/wp-json\/wp\/v2\/media?parent=9529"}],"wp:term":[{"taxonomy":"category","embeddable":true,"href":"http:\/\/blogdalucianaoliveira.com.br\/blog\/wp-json\/wp\/v2\/categories?post=9529"},{"taxonomy":"post_tag","embeddable":true,"href":"http:\/\/blogdalucianaoliveira.com.br\/blog\/wp-json\/wp\/v2\/tags?post=9529"}],"curies":[{"name":"wp","href":"https:\/\/api.w.org\/{rel}","templated":true}]}}