{"id":9535,"date":"2017-03-27T10:30:44","date_gmt":"2017-03-27T14:30:44","guid":{"rendered":"http:\/\/blogdalucianaoliveira.com.br\/blog\/?p=9535"},"modified":"2017-03-27T10:30:44","modified_gmt":"2017-03-27T14:30:44","slug":"mistificacao-da-lava-jato-foi-derrotada","status":"publish","type":"post","link":"http:\/\/blogdalucianaoliveira.com.br\/blog\/2017\/03\/27\/mistificacao-da-lava-jato-foi-derrotada\/","title":{"rendered":"Mistifica\u00e7\u00e3o da Lava Jato foi derrotada"},"content":{"rendered":"<p><img data-recalc-dims=\"1\" loading=\"lazy\" decoding=\"async\" data-attachment-id=\"9536\" data-permalink=\"http:\/\/blogdalucianaoliveira.com.br\/blog\/2017\/03\/27\/mistificacao-da-lava-jato-foi-derrotada\/lavaji\/\" data-orig-file=\"https:\/\/i0.wp.com\/blogdalucianaoliveira.com.br\/blog\/wp-content\/uploads\/2017\/03\/lavaji.jpg?fit=490%2C280\" data-orig-size=\"490,280\" data-comments-opened=\"0\" data-image-meta=\"{&quot;aperture&quot;:&quot;0&quot;,&quot;credit&quot;:&quot;&quot;,&quot;camera&quot;:&quot;&quot;,&quot;caption&quot;:&quot;&quot;,&quot;created_timestamp&quot;:&quot;0&quot;,&quot;copyright&quot;:&quot;&quot;,&quot;focal_length&quot;:&quot;0&quot;,&quot;iso&quot;:&quot;0&quot;,&quot;shutter_speed&quot;:&quot;0&quot;,&quot;title&quot;:&quot;&quot;,&quot;orientation&quot;:&quot;0&quot;}\" data-image-title=\"lavaji\" data-image-description=\"\" data-image-caption=\"\" data-medium-file=\"https:\/\/i0.wp.com\/blogdalucianaoliveira.com.br\/blog\/wp-content\/uploads\/2017\/03\/lavaji.jpg?fit=300%2C171\" data-large-file=\"https:\/\/i0.wp.com\/blogdalucianaoliveira.com.br\/blog\/wp-content\/uploads\/2017\/03\/lavaji.jpg?fit=490%2C280\" src=\"https:\/\/i0.wp.com\/blogdalucianaoliveira.com.br\/blog\/wp-content\/uploads\/2017\/03\/lavaji.jpg?resize=490%2C280\" alt=\"lavaji\" width=\"490\" height=\"280\" class=\"alignnone size-full wp-image-9536\" srcset=\"https:\/\/i0.wp.com\/blogdalucianaoliveira.com.br\/blog\/wp-content\/uploads\/2017\/03\/lavaji.jpg?w=490 490w, https:\/\/i0.wp.com\/blogdalucianaoliveira.com.br\/blog\/wp-content\/uploads\/2017\/03\/lavaji.jpg?resize=300%2C171 300w\" sizes=\"auto, (max-width: 490px) 100vw, 490px\" \/><\/p>\n<p>247<br \/>\nPaulo Moreira<\/p>\n<p>O espet\u00e1culo das mobiliza\u00e7\u00f5es a favor da Lava Jato, neste domingo, \u00e9 um caso cl\u00e1ssico de Fracasso Memor\u00e1vel.<!--more--><\/p>\n<p> O vazio das ruas confirma, em primeiro lugar, o fiasco do discurso da moralidade como projeto pol\u00edtico para um pa\u00eds  \u2013 seja o Brasil da AP 470 e da Lava Jato, a It\u00e1lia da M\u00e3os Limpas,  a Argentina de Cristina Kirchner, a Coreia do Sul de Park Geum-hie, o que mais voc\u00ea acrescentar \u00e0 lista.<\/p>\n<p> Se ningu\u00e9m coloca em d\u00favida a necessidade de um pa\u00eds combater a corrup\u00e7\u00e3o, em particular no sistema pol\u00edtico, a experi\u00eancia universal ensina que nada pode substituir o debate livre e democr\u00e1tico, no qual uma sociedade define as op\u00e7\u00f5es e prioridades, numa escolha civilizada \u2013 em urna \u2013 sobre pol\u00edtica econ\u00f4micas, interesses sociais e projetos nacionais. Esta \u00e9 a primeira li\u00e7\u00e3o de ontem. N\u00e3o \u00e9 a Lava Jato que se encontra em risco. Mas a mistifica\u00e7\u00e3o pol\u00edtica criada em torno dela.<\/p>\n<p>  Sem emprego e sem sal\u00e1rio, amea\u00e7ada por uma reforma da Previd\u00eancia que \u00e9 uma obra acabada de gangsterismo social e chantagem pol\u00edtica, a mesma popula\u00e7\u00e3o que h\u00e1 onze meses foi \u00e0s ruas em apoio a S\u00e9rgio Moro e pedir a sa\u00edda de Dilma preferiu ficar em casa. <\/p>\n<p>   Andando pela regi\u00e3o da Paulista, na manh\u00e3 de ontem, encontrei uma senhora devidamente uniformizada: cal\u00e7a azul e camiseta verde-amarela, que subia a  Consola\u00e7\u00e3o, solitariamente, em busca dos protestos.<\/p>\n<p>   Mesmo numa regi\u00e3o onde as prefer\u00eancias sociais e pol\u00edticas do patamar superior da pir\u00e2mide s\u00e3o escancaradas, n\u00e3o vi cumprimentos, nem tapinhas nas costas, aguardados por quem decidiu usar o traje a rigor daqueles domingos de 2015 e 2016. Vaias? Tamb\u00e9m n\u00e3o.<\/p>\n<p>   Apenas a indiferen\u00e7a reservada a personagens fora da hist\u00f3ria, do tempo e do lugar \u2013 a mesma atitude que, no plano nacional, deixou as ruas vazias. <\/p>\n<p>   A decep\u00e7\u00e3o de ontem era previs\u00edvel para quem n\u00e3o perdeu o prazer de abrir livros de hist\u00f3ria do pa\u00eds, mas seu retrato em carne e osso n\u00e3o deixa de refletir uma mudan\u00e7a importante. <\/p>\n<p>   Se o domingo foi um atestado de \u00f3bito para Temer, n\u00e3o custa lembrar que, num pa\u00eds polarizado como o Brasil desses tempos, a simples aus\u00eancia num enterro pode se revelar um gesto pol\u00edtico de alta relev\u00e2ncia. A coaliz\u00e3o que levou Temer ao Planalto possu\u00eda ramifica\u00e7\u00f5es fundamentais no grande capital financeiro e na camada menos escrupulosa do Congresso. Mobilizado em torno da Lava Jato, o apoio das ruas sempre foi um fator important\u00edssimo no afastamento de Dilma. Do ponto de vista pol\u00edtico, o mais precioso. Em sua atividade de conspirador, o ent\u00e3o vice-presidente Temer compareceu a  uma reuni\u00e3o com grupelhos de discurso fascista numa viagem a S\u00e3o Paulo.<\/p>\n<p>   Esse comportamento se explica. Em nossa hist\u00f3ria pol\u00edtica, a consci\u00eancia democr\u00e1tica n\u00e3o \u00e9 uma mercadoria qualquer. Tem sido uma for\u00e7a viva, capaz de alimentar iniciativas e rea\u00e7\u00f5es de vulto.<\/p>\n<p>    Uma iniciativa destinada a quebrar o voto popular, destituindo uma presidente eleita, sem crime de responsabilidade, com \u00f3bvia repercuss\u00e3o internacional, precisava de mobiliza\u00e7\u00f5es de rua para dar uma fantasia de legitimidade a um processo anti-democratico.<\/p>\n<p>   O problema \u00e9 que a base do apoio a Lava Jato era, acima de tudo, uma promessa pol\u00edtica.<\/p>\n<p>   A lenda consistia em dizer que, a partir do afastamento da presidente, o pa\u00eds iria iniciar um etapa de reden\u00e7\u00e3o pol\u00edtica e bom comportamento moral, base para um novo crescimento econ\u00f4mico. Falava-se num novo capitalismo, \u00fanico no mundo, sem favores nem compadres nem interesses que se movem na sombra \u2013 algo que provocaria gargalhadas em Adam Smith, o mais erudito dos idealizadores do  individualismo como motor da hist\u00f3ria, e aplausos em Pol Pot, arquiteto de uma tirania homicida que governou o Camboja produzindo um recorde mundial de execu\u00e7\u00f5es per capta.  <\/p>\n<p>   O embelezamento foi tamanho que, ainda hoje, quando o desastre assume propor\u00e7\u00f5es t\u00edpicas de uma guerra de exterm\u00ednio contra o patrim\u00f4nio de um pa\u00eds e o padr\u00e3o de vida da maioria da popula\u00e7\u00e3o, n\u00e3o faltem vozes reconstruir a f\u00e1bula da cenoura e do burrinho. A ideia de que cabe ao Judici\u00e1rio modificar o capitalismo brasileiro segue sendo repetida sempre que \u00e9 preciso animar as plateias. Sua utilidade pr\u00e1tica est\u00e1 muito distante do argumento te\u00f3rico. Ajuda a embalar o ataque as conquistas sociais, aos direitos e conquistas hist\u00f3ricas.  <\/p>\n<p>   No Brasil de 2017, o desmoronamento da coaliz\u00e3o golpista se produziu a partir de insol\u00faveis contradi\u00e7\u00f5es internas. A rua se esvaziou a partir das maquina\u00e7\u00f5es de um governo ocupado exclusivamente em garantir a pr\u00f3pria sobreviv\u00eancia, num ambiente revoltante para uns, constrangedor para outros.<\/p>\n<p>   O  moralismo \u2013 falso \u2013 se desmascara de forma irrevers\u00edvel, nas revela\u00e7\u00f5es chocantes que a m\u00eddia amiga sempre soube mas n\u00e3o consegue mais esconder. Depois de leiloar a soberania popular, a etapa seguinte do programa Temer-Meirelles s\u00f3 poderia ser a negocia\u00e7\u00e3o da soberania nacional. Alguma d\u00favida?  <\/p>\n<p>   Sim. Consiste em saber o que vem agora.<\/p>\n<p>   Em 1992, quando as ruas abandonaram Fernando Collor, no c\u00e9lebre Domingo Negro, produto de centenas mobiliza\u00e7\u00f5es ativas pela sa\u00edda do presidente, o Congresso n\u00e3o hesitou em encerrar o mandato presidencial. N\u00e3o foi uma tarefa dif\u00edcil, at\u00e9 porque se tratava de um governo com apoio parlamentar fr\u00e1gil e gelatinoso.<\/p>\n<p>   Nos Estados Unidos, em 1974, Richard Nixon deixou o cargo numa negocia\u00e7\u00e3o pol\u00edtica. Quando surgiu uma fita gravada que demonstrava sua atua\u00e7\u00e3o no acobertamento de implicados no caso Watergate, ele concordou em renunciar em troca de uma anistia, que se tornou o primeiro ato assinado pelo sucessor, o vice Gerald Ford. Nixon n\u00e3o tinha maioria na C\u00e2mara nem no Senado, mas o passo decisivo foi dado pela Suprema Corte, que, em duas delibera\u00e7\u00f5es consecutivas, lhe deu a ordem de entregar as grava\u00e7\u00f5es, determina\u00e7\u00e3o que n\u00e3o poderia desobedecer.<\/p>\n<p>   Em 2017, Temer mostra ser um presidente que tem se empenhado em pagar \u2013 com juros alt\u00edssimos \u2013 o apoio recebido para chegar ao Planalto. Seu desprezo pela rea\u00e7\u00e3o maioria dos brasileiros \u00e9 um fato estabelecido, e j\u00e1 foi sintetizado sem culpa nem remorso: &#8220;A baixa popularidade \u00e9 o que tem me permitido tomar medidas que um governo que tivesse uma popularidade extraordin\u00e1ria, com viso eleitoral, n\u00e3o poderia tomar.&#8221;<\/p>\n<p>  Coerente, vamos combinar. S\u00f3 esta vis\u00e3o &#8212; uma forma de megalomania t\u00edpica de quem n\u00e3o compreende a import\u00e2ncia essencial do apoio popular nos regimes democr\u00e1ticos &#8212; explica o ataque frontal ao bem-estar dos brasileiros que representa a reforma da Previd\u00eancia. \u00c9 a\u00ed, no debate sobre o mais covarde projeto de seu governo, que Temer encontrar\u00e1 seu destino: ruas cada vez mais cheias de brasileiras e brasileiros dispostos a defender seus direitos e o futuro de suas fam\u00edlias.<\/p>\n","protected":false},"excerpt":{"rendered":"<p>247 Paulo Moreira O espet\u00e1culo das mobiliza\u00e7\u00f5es a favor da Lava Jato, neste domingo, \u00e9 um caso cl\u00e1ssico de Fracasso Memor\u00e1vel.<\/p>\n","protected":false},"author":1,"featured_media":0,"comment_status":"closed","ping_status":"open","sticky":false,"template":"","format":"standard","meta":{"_exactmetrics_skip_tracking":false,"_exactmetrics_sitenote_active":false,"_exactmetrics_sitenote_note":"","_exactmetrics_sitenote_category":0,"jetpack_post_was_ever_published":false,"_jetpack_newsletter_access":"","_jetpack_dont_email_post_to_subs":false,"_jetpack_newsletter_tier_id":0,"_jetpack_memberships_contains_paywalled_content":false,"_jetpack_memberships_contains_paid_content":false,"footnotes":"","jetpack_publicize_message":"","jetpack_publicize_feature_enabled":true,"jetpack_social_post_already_shared":true,"jetpack_social_options":{"image_generator_settings":{"template":"highway","enabled":false},"version":2}},"categories":[1],"tags":[],"class_list":["post-9535","post","type-post","status-publish","format-standard","hentry","category-notas"],"jetpack_publicize_connections":[],"jetpack_sharing_enabled":true,"jetpack_featured_media_url":"","jetpack_shortlink":"https:\/\/wp.me\/p7wKYW-2tN","jetpack-related-posts":[],"_links":{"self":[{"href":"http:\/\/blogdalucianaoliveira.com.br\/blog\/wp-json\/wp\/v2\/posts\/9535","targetHints":{"allow":["GET"]}}],"collection":[{"href":"http:\/\/blogdalucianaoliveira.com.br\/blog\/wp-json\/wp\/v2\/posts"}],"about":[{"href":"http:\/\/blogdalucianaoliveira.com.br\/blog\/wp-json\/wp\/v2\/types\/post"}],"author":[{"embeddable":true,"href":"http:\/\/blogdalucianaoliveira.com.br\/blog\/wp-json\/wp\/v2\/users\/1"}],"replies":[{"embeddable":true,"href":"http:\/\/blogdalucianaoliveira.com.br\/blog\/wp-json\/wp\/v2\/comments?post=9535"}],"version-history":[{"count":1,"href":"http:\/\/blogdalucianaoliveira.com.br\/blog\/wp-json\/wp\/v2\/posts\/9535\/revisions"}],"predecessor-version":[{"id":9537,"href":"http:\/\/blogdalucianaoliveira.com.br\/blog\/wp-json\/wp\/v2\/posts\/9535\/revisions\/9537"}],"wp:attachment":[{"href":"http:\/\/blogdalucianaoliveira.com.br\/blog\/wp-json\/wp\/v2\/media?parent=9535"}],"wp:term":[{"taxonomy":"category","embeddable":true,"href":"http:\/\/blogdalucianaoliveira.com.br\/blog\/wp-json\/wp\/v2\/categories?post=9535"},{"taxonomy":"post_tag","embeddable":true,"href":"http:\/\/blogdalucianaoliveira.com.br\/blog\/wp-json\/wp\/v2\/tags?post=9535"}],"curies":[{"name":"wp","href":"https:\/\/api.w.org\/{rel}","templated":true}]}}