{"id":9538,"date":"2017-03-27T12:39:58","date_gmt":"2017-03-27T16:39:58","guid":{"rendered":"http:\/\/blogdalucianaoliveira.com.br\/blog\/?p=9538"},"modified":"2017-03-27T12:45:26","modified_gmt":"2017-03-27T16:45:26","slug":"para-temer-so-sobrou-o-relinchar-das-ruas","status":"publish","type":"post","link":"http:\/\/blogdalucianaoliveira.com.br\/blog\/2017\/03\/27\/para-temer-so-sobrou-o-relinchar-das-ruas\/","title":{"rendered":"PARA TEMER S\u00d3 SOBROU O RELINCHAR DAS RUAS"},"content":{"rendered":"<p> <img data-recalc-dims=\"1\" loading=\"lazy\" decoding=\"async\" data-attachment-id=\"9539\" data-permalink=\"http:\/\/blogdalucianaoliveira.com.br\/blog\/2017\/03\/27\/para-temer-so-sobrou-o-relinchar-das-ruas\/caiado\/\" data-orig-file=\"https:\/\/i0.wp.com\/blogdalucianaoliveira.com.br\/blog\/wp-content\/uploads\/2017\/03\/caiado.jpg?fit=432%2C324\" data-orig-size=\"432,324\" data-comments-opened=\"0\" data-image-meta=\"{&quot;aperture&quot;:&quot;0&quot;,&quot;credit&quot;:&quot;&quot;,&quot;camera&quot;:&quot;&quot;,&quot;caption&quot;:&quot;&quot;,&quot;created_timestamp&quot;:&quot;0&quot;,&quot;copyright&quot;:&quot;&quot;,&quot;focal_length&quot;:&quot;0&quot;,&quot;iso&quot;:&quot;0&quot;,&quot;shutter_speed&quot;:&quot;0&quot;,&quot;title&quot;:&quot;&quot;,&quot;orientation&quot;:&quot;0&quot;}\" data-image-title=\"caiado\" data-image-description=\"\" data-image-caption=\"\" data-medium-file=\"https:\/\/i0.wp.com\/blogdalucianaoliveira.com.br\/blog\/wp-content\/uploads\/2017\/03\/caiado.jpg?fit=300%2C225\" data-large-file=\"https:\/\/i0.wp.com\/blogdalucianaoliveira.com.br\/blog\/wp-content\/uploads\/2017\/03\/caiado.jpg?fit=432%2C324\" src=\"https:\/\/i0.wp.com\/blogdalucianaoliveira.com.br\/blog\/wp-content\/uploads\/2017\/03\/caiado.jpg?resize=432%2C324\" alt=\"caiado\" width=\"432\" height=\"324\" class=\"alignnone size-full wp-image-9539\" srcset=\"https:\/\/i0.wp.com\/blogdalucianaoliveira.com.br\/blog\/wp-content\/uploads\/2017\/03\/caiado.jpg?w=432 432w, https:\/\/i0.wp.com\/blogdalucianaoliveira.com.br\/blog\/wp-content\/uploads\/2017\/03\/caiado.jpg?resize=300%2C225 300w, https:\/\/i0.wp.com\/blogdalucianaoliveira.com.br\/blog\/wp-content\/uploads\/2017\/03\/caiado.jpg?resize=400%2C300 400w\" sizes=\"auto, (max-width: 432px) 100vw, 432px\" \/><\/p>\n<p>H\u00e1 um ano os movimentos Brasil Livre e Vem Pra Rua conseguiram convencer mais de tr\u00eas milh\u00f5es de pessoas a irem \u00e0s ruas num \u00fanico dia em apoio ao impeachment, sem crime, da presidenta eleita Dilma Rousseff.<!--more--><\/p>\n<p>A eles se juntaram movimentos de extrema-direita que pediram interven\u00e7\u00e3o militar.<\/p>\n<p>Houve atos simult\u00e2neos em mais de 300 cidades de todos os estados.<br \/>\nQuem participou dos protestos dizia estar seguindo a maioria, como se na hist\u00f3ria a predomin\u00e2ncia de um senso comum n\u00e3o tivesse deixado um rastro de sangue, arrependimento e preju\u00edzos.<\/p>\n<p>A massa tinha a cabe\u00e7a feita pela \u2018grande m\u00eddia\u2019 e n\u00e3o percebeu que atravessara a ponte pro abismo de conceitos morais e direitos.<\/p>\n<p>Ao falar pela \u00faltima vez como presidenta, Dilma Rousseff amaldi\u00e7oou seus algozes com uma frase de Darcy Ribeiro: &#8220;N\u00e3o gostaria de estar no lugar dos que se julgam vencedores. Hist\u00f3ria ser\u00e1 implac\u00e1vel&#8221;.<\/p>\n<p>Um ano bastou pra que movimentos contratados s\u00f3 para promover o golpe fossem da maioria \u00e0 minoria.<\/p>\n<p>No domingo, 26, Kim Kataguiri e Rog\u00e9rio Chequer, l\u00edderes dos dois principais movimentos pr\u00f3-golpe, se esfarelaram como \u00eddolos de p\u00e9s de barro.<\/p>\n<p>A pavulagem dos servi\u00e7ais de partidos corruptos chegou ao fim.<\/p>\n<p>Os atos que organizaram foram registrados em pouco mais de 60 cidades.<\/p>\n<p>Segundo dados da Pol\u00edcia Militar, somando todos, estima-se que s\u00f3 uns 20 mil participaram.<\/p>\n<p><img data-recalc-dims=\"1\" loading=\"lazy\" decoding=\"async\" data-attachment-id=\"9536\" data-permalink=\"http:\/\/blogdalucianaoliveira.com.br\/blog\/2017\/03\/27\/mistificacao-da-lava-jato-foi-derrotada\/lavaji\/\" data-orig-file=\"https:\/\/i0.wp.com\/blogdalucianaoliveira.com.br\/blog\/wp-content\/uploads\/2017\/03\/lavaji.jpg?fit=490%2C280\" data-orig-size=\"490,280\" data-comments-opened=\"0\" data-image-meta=\"{&quot;aperture&quot;:&quot;0&quot;,&quot;credit&quot;:&quot;&quot;,&quot;camera&quot;:&quot;&quot;,&quot;caption&quot;:&quot;&quot;,&quot;created_timestamp&quot;:&quot;0&quot;,&quot;copyright&quot;:&quot;&quot;,&quot;focal_length&quot;:&quot;0&quot;,&quot;iso&quot;:&quot;0&quot;,&quot;shutter_speed&quot;:&quot;0&quot;,&quot;title&quot;:&quot;&quot;,&quot;orientation&quot;:&quot;0&quot;}\" data-image-title=\"lavaji\" data-image-description=\"\" data-image-caption=\"\" data-medium-file=\"https:\/\/i0.wp.com\/blogdalucianaoliveira.com.br\/blog\/wp-content\/uploads\/2017\/03\/lavaji.jpg?fit=300%2C171\" data-large-file=\"https:\/\/i0.wp.com\/blogdalucianaoliveira.com.br\/blog\/wp-content\/uploads\/2017\/03\/lavaji.jpg?fit=490%2C280\" src=\"https:\/\/i0.wp.com\/blogdalucianaoliveira.com.br\/blog\/wp-content\/uploads\/2017\/03\/lavaji.jpg?resize=490%2C280\" alt=\"lavaji\" width=\"490\" height=\"280\" class=\"alignnone size-full wp-image-9536\" srcset=\"https:\/\/i0.wp.com\/blogdalucianaoliveira.com.br\/blog\/wp-content\/uploads\/2017\/03\/lavaji.jpg?w=490 490w, https:\/\/i0.wp.com\/blogdalucianaoliveira.com.br\/blog\/wp-content\/uploads\/2017\/03\/lavaji.jpg?resize=300%2C171 300w\" sizes=\"auto, (max-width: 490px) 100vw, 490px\" \/><\/p>\n<p>O Vem Pra Rua insiste em focar sua pauta no fim do foro privilegiado e na puni\u00e7\u00e3o ao caixa 2.<\/p>\n<p>O Brasil Livre, al\u00e9m da semelhante obviedade na pauta, faz propaganda das reformas que o governo diz, sim e o povo diz, n\u00e3o.<\/p>\n<p>Ambos, reafirmam apoio \u00e0 Opera\u00e7\u00e3o Lava Jato, mas Temer fica, mesmo tendo empestado o governo com investigados na opera\u00e7\u00e3o.<\/p>\n<p>Com o fracasso das manifesta\u00e7\u00f5es por absoluto descr\u00e9dito, fica evidente tamb\u00e9m o desprest\u00edgio do juiz S\u00e9rgio Moro, outro \u2018\u00eddolo\u2019 da direita que n\u00e3o demora ter\u00e1 os p\u00e9s esfarelados.<\/p>\n<p>MBL, VPR e Moro tomaram os holofotes no golpe, entorpeceram a opini\u00e3o p\u00fablica e por todos os deuses, devem ser condenados ao ostracismo.<\/p>\n<p>Moro fez quest\u00e3o de associar sua imagem ao relinchar das ruas.<\/p>\n<p>Sabendo que seria homenageado em atos desses movimentos fajutos, gravou um v\u00eddeo dias antes agradecendo apoio da \u201cgrande maioria\u201d que disse suspeitar fosse a \u201ctotalidade\u201d.<\/p>\n<p>Bom, as pautas que inclu\u00edam apoio \u00e0 Lava Jato e ao juiz foram recusadas pela maioria. <\/p>\n<p>\u201cMais f\u00e1cil manter o car\u00e1ter, que recupera-lo.\u201d<\/p>\n<p>At\u00e9 os mais efusivos defensores do golpe j\u00e1 n\u00e3o negam que em v\u00e1rios momentos, Moro exorbitou de suas fun\u00e7\u00f5es promovendo a inseguran\u00e7a jur\u00eddica.<\/p>\n<p>Sem a mistifica\u00e7\u00e3o desses movimentos e do juiz S\u00e9rgio Moro, o que sobra a Temer pra forjar apoio nas ruas? Pra convencer massas populares de que \u00e9 seguro atravessar sua pinguela?<\/p>\n<p>A terceiriza\u00e7\u00e3o passou num resultado apertado, o que sugere a derrota da reforma da previd\u00eancia.<\/p>\n<p>Os movimentos Fora Temer agora predominam no senso comum e as vozes da maioria chegam de baixo pra cima.<\/p>\n<p>\u00c9 a hora certa para a t\u00e3o esperada rea\u00e7\u00e3o racional da maioria que pagou pra ver sua desgra\u00e7a. <\/p>\n<p>E pra Temer, s\u00f3 sobrou o relinchar das ruas.<\/p>\n","protected":false},"excerpt":{"rendered":"<p>H\u00e1 um ano os movimentos Brasil Livre e Vem Pra Rua conseguiram convencer mais de tr\u00eas milh\u00f5es de pessoas a irem \u00e0s ruas num \u00fanico dia em apoio ao impeachment, sem crime, da presidenta eleita Dilma Rousseff.<\/p>\n","protected":false},"author":1,"featured_media":0,"comment_status":"closed","ping_status":"open","sticky":false,"template":"","format":"standard","meta":{"_exactmetrics_skip_tracking":false,"_exactmetrics_sitenote_active":false,"_exactmetrics_sitenote_note":"","_exactmetrics_sitenote_category":0,"jetpack_post_was_ever_published":false,"_jetpack_newsletter_access":"","_jetpack_dont_email_post_to_subs":false,"_jetpack_newsletter_tier_id":0,"_jetpack_memberships_contains_paywalled_content":false,"_jetpack_memberships_contains_paid_content":false,"footnotes":"","jetpack_publicize_message":"","jetpack_publicize_feature_enabled":true,"jetpack_social_post_already_shared":true,"jetpack_social_options":{"image_generator_settings":{"template":"highway","enabled":false},"version":2}},"categories":[1],"tags":[],"class_list":["post-9538","post","type-post","status-publish","format-standard","hentry","category-notas"],"jetpack_publicize_connections":[],"jetpack_sharing_enabled":true,"jetpack_featured_media_url":"","jetpack_shortlink":"https:\/\/wp.me\/p7wKYW-2tQ","jetpack-related-posts":[],"_links":{"self":[{"href":"http:\/\/blogdalucianaoliveira.com.br\/blog\/wp-json\/wp\/v2\/posts\/9538","targetHints":{"allow":["GET"]}}],"collection":[{"href":"http:\/\/blogdalucianaoliveira.com.br\/blog\/wp-json\/wp\/v2\/posts"}],"about":[{"href":"http:\/\/blogdalucianaoliveira.com.br\/blog\/wp-json\/wp\/v2\/types\/post"}],"author":[{"embeddable":true,"href":"http:\/\/blogdalucianaoliveira.com.br\/blog\/wp-json\/wp\/v2\/users\/1"}],"replies":[{"embeddable":true,"href":"http:\/\/blogdalucianaoliveira.com.br\/blog\/wp-json\/wp\/v2\/comments?post=9538"}],"version-history":[{"count":3,"href":"http:\/\/blogdalucianaoliveira.com.br\/blog\/wp-json\/wp\/v2\/posts\/9538\/revisions"}],"predecessor-version":[{"id":9542,"href":"http:\/\/blogdalucianaoliveira.com.br\/blog\/wp-json\/wp\/v2\/posts\/9538\/revisions\/9542"}],"wp:attachment":[{"href":"http:\/\/blogdalucianaoliveira.com.br\/blog\/wp-json\/wp\/v2\/media?parent=9538"}],"wp:term":[{"taxonomy":"category","embeddable":true,"href":"http:\/\/blogdalucianaoliveira.com.br\/blog\/wp-json\/wp\/v2\/categories?post=9538"},{"taxonomy":"post_tag","embeddable":true,"href":"http:\/\/blogdalucianaoliveira.com.br\/blog\/wp-json\/wp\/v2\/tags?post=9538"}],"curies":[{"name":"wp","href":"https:\/\/api.w.org\/{rel}","templated":true}]}}