{"id":954,"date":"2016-05-17T11:48:22","date_gmt":"2016-05-17T15:48:22","guid":{"rendered":"http:\/\/blogdalucianaoliveira.com.br\/blog\/?p=954"},"modified":"2016-05-17T18:21:34","modified_gmt":"2016-05-17T22:21:34","slug":"aos-leitores-um-esclarecimento","status":"publish","type":"post","link":"http:\/\/blogdalucianaoliveira.com.br\/blog\/2016\/05\/17\/aos-leitores-um-esclarecimento\/","title":{"rendered":"Aos leitores, um esclarecimento"},"content":{"rendered":"<p>Esse espa\u00e7o nasceu h\u00e1 duas semanas e recordo de ter me comprometido com a informa\u00e7\u00e3o independente, coloquial, factual e voltada a todas as causas sociais que envolvem as massas populares e minorias.<br \/>\nMe declarei, portanto, vinculada ao socialismo democr\u00e1tico. Em nenhum momento prometi que divulgaria as a\u00e7\u00f5es de um governo tempor\u00e1rio que identifico como golpista, mas se houver alguma, positiva, que mere\u00e7a ser propagada, o farei sem problemas.<\/p>\n<p>Sou apenas mais uma alternativa de leitura num universo em que ainda predomina o acesso \u00e0 informa\u00e7\u00e3o padronizada que varia de acordo com as circunst\u00e2ncias e governos. N\u00e3o utilizo uma concess\u00e3o p\u00fablica que me obrigue \u00e0 divulgar os dois lados da not\u00edcia, sem que uma vis\u00e3o cr\u00edtica e pol\u00edtica, pessoal, prevale\u00e7a. E c\u00e1, pr\u00e1 n\u00f3s, a prefer\u00eancia pol\u00edtica, com forte apelo partid\u00e1rio ou religioso \u00e9 flagrante em r\u00e1dios e tev\u00eas e ningu\u00e9m reclama.<\/p>\n<p>A m\u00eddia independente cumpre outro papel, qual seja, se distinguir da imprensa tradicional onde a conduta do jornalista \u00e9 mais engessada, prevalecendo o bom senso que de outro modo nem sempre se manifesta.<br \/>\nO olhar jornal\u00edstico dos blogs se regula pelo ativismo, pelo servir a alguma causa que vai al\u00e9m do dinheiro, da amizade e do conforto do aplauso. A responsabilidade pelo que se propaga \u00e9 a mesma, portanto, ningu\u00e9m que desvie a curva do jornalismo formal deve ser demonizado, j\u00e1 que est\u00e1 sujeito a pagar pelos excessos que cometa.<\/p>\n<p>O que tento fazer pra atrair todo tipo de leitor, \u00e9 compartilhar informa\u00e7\u00f5es sobre cultura, fatos hist\u00f3ricos e folcl\u00f3ricos que agregam conhecimento independentemente de ideologia pol\u00edtica.<\/p>\n<p>N\u00e3o venha, como j\u00e1 veio, algu\u00e9m que escreve s\u00f3 por dinheiro na condi\u00e7\u00e3o de jornalista ou mercen\u00e1rio, me cobrar imparcialidade nas cr\u00edticas que te\u00e7o a partir do que considero fundamental para transformar a realidade.<\/p>\n<p>Quem nesse momento que o pa\u00eds vive consegue n\u00e3o demonstra de que lado est\u00e1? Jamais me manteria silente ou em cima do muro e respeito profundamente os que pensam da mesma forma, ainda que estejamos em lados opostos.<br \/>\nPensar e revelar o que pensa sempre ser\u00e1 um ato revolucion\u00e1rio. Como bem disse Mill\u00f4r na Pif Paf, &#8220;Imprensa \u00e9 oposi\u00e7\u00e3o, o resto \u00e9 secos e molhados.&#8221;<\/p>\n<p>Nesse pouco tempo de atividade do blog, s\u00f3 me esfor\u00e7o \u00e0 subordina\u00e7\u00e3o de uma censora de irrefut\u00e1vel idoneidade moral, minha m\u00e3e. Ela pediu que eu pare de escrever tantos palavr\u00f5es e, porra, n\u00e3o vai ser f\u00e1cil. <\/p>\n<p>Como disse o poeta, \u201cOs palavr\u00f5es n\u00e3o nasceram por acaso. S\u00e3o recursos extremamente v\u00e1lidos e criativos para prover nosso vocabul\u00e1rio de express\u00f5es que traduzem com a maior fidelidade nossos mais fortes e genu\u00ednos sentimentos. \u00c9 o povo fazendo sua l\u00edngua. Como o Latim Vulgar, ser\u00e1 esse Portugu\u00eas Vulgar que vingar\u00e1 plenamente um dia. Sem que isso signifique a vulgariza\u00e7\u00e3o do idioma, mas apenas sua maior aproxima\u00e7\u00e3o com a gente simples das ruas e dos escrit\u00f3rios, seus sentimentos, suas emo\u00e7\u00f5es, seu jeito, sua \u00edndole.<\/p>\n<p>\u201cPra car****,\u201d por exemplo. \u201cPra cara***,\u201d por exemplo. Qual express\u00e3o traduz melhor a ideia de muita quantidade do que \u201cPra cara***\u201d?\u201d<\/p>\n<p>Mas, vou me policiar, n\u00e3o porque algu\u00e9m n\u00e3o gosta, mas porque minha m\u00e3e mandou.<\/p>\n","protected":false},"excerpt":{"rendered":"<p>Esse espa\u00e7o nasceu h\u00e1 duas semanas e recordo de ter me comprometido com a informa\u00e7\u00e3o independente, coloquial, factual e voltada a todas as causas sociais que envolvem as massas populares e minorias. Me declarei, portanto, vinculada ao socialismo democr\u00e1tico. Em nenhum momento prometi que divulgaria as a\u00e7\u00f5es de um governo tempor\u00e1rio que identifico como golpista,&#8230;<a class=\"more-link\" href=\"http:\/\/blogdalucianaoliveira.com.br\/blog\/2016\/05\/17\/aos-leitores-um-esclarecimento\/\">Continue a leitura <span class=\"meta-nav\">&raquo;<\/span><\/a><\/p>\n","protected":false},"author":1,"featured_media":0,"comment_status":"closed","ping_status":"open","sticky":false,"template":"","format":"standard","meta":{"_exactmetrics_skip_tracking":false,"_exactmetrics_sitenote_active":false,"_exactmetrics_sitenote_note":"","_exactmetrics_sitenote_category":0,"jetpack_post_was_ever_published":false,"_jetpack_newsletter_access":"","_jetpack_dont_email_post_to_subs":false,"_jetpack_newsletter_tier_id":0,"_jetpack_memberships_contains_paywalled_content":false,"_jetpack_memberships_contains_paid_content":false,"footnotes":"","jetpack_publicize_message":"","jetpack_publicize_feature_enabled":true,"jetpack_social_post_already_shared":true,"jetpack_social_options":{"image_generator_settings":{"template":"highway","enabled":false},"version":2}},"categories":[1],"tags":[],"class_list":["post-954","post","type-post","status-publish","format-standard","hentry","category-notas"],"jetpack_publicize_connections":[],"jetpack_sharing_enabled":true,"jetpack_featured_media_url":"","jetpack_shortlink":"https:\/\/wp.me\/p7wKYW-fo","jetpack-related-posts":[],"_links":{"self":[{"href":"http:\/\/blogdalucianaoliveira.com.br\/blog\/wp-json\/wp\/v2\/posts\/954","targetHints":{"allow":["GET"]}}],"collection":[{"href":"http:\/\/blogdalucianaoliveira.com.br\/blog\/wp-json\/wp\/v2\/posts"}],"about":[{"href":"http:\/\/blogdalucianaoliveira.com.br\/blog\/wp-json\/wp\/v2\/types\/post"}],"author":[{"embeddable":true,"href":"http:\/\/blogdalucianaoliveira.com.br\/blog\/wp-json\/wp\/v2\/users\/1"}],"replies":[{"embeddable":true,"href":"http:\/\/blogdalucianaoliveira.com.br\/blog\/wp-json\/wp\/v2\/comments?post=954"}],"version-history":[{"count":7,"href":"http:\/\/blogdalucianaoliveira.com.br\/blog\/wp-json\/wp\/v2\/posts\/954\/revisions"}],"predecessor-version":[{"id":970,"href":"http:\/\/blogdalucianaoliveira.com.br\/blog\/wp-json\/wp\/v2\/posts\/954\/revisions\/970"}],"wp:attachment":[{"href":"http:\/\/blogdalucianaoliveira.com.br\/blog\/wp-json\/wp\/v2\/media?parent=954"}],"wp:term":[{"taxonomy":"category","embeddable":true,"href":"http:\/\/blogdalucianaoliveira.com.br\/blog\/wp-json\/wp\/v2\/categories?post=954"},{"taxonomy":"post_tag","embeddable":true,"href":"http:\/\/blogdalucianaoliveira.com.br\/blog\/wp-json\/wp\/v2\/tags?post=954"}],"curies":[{"name":"wp","href":"https:\/\/api.w.org\/{rel}","templated":true}]}}