{"id":9556,"date":"2017-03-28T10:52:21","date_gmt":"2017-03-28T14:52:21","guid":{"rendered":"http:\/\/blogdalucianaoliveira.com.br\/blog\/?p=9556"},"modified":"2017-03-28T10:52:21","modified_gmt":"2017-03-28T14:52:21","slug":"e-possivel-o-tse-cassar-a-chapa-e-manter-temer-como-presidente","status":"publish","type":"post","link":"http:\/\/blogdalucianaoliveira.com.br\/blog\/2017\/03\/28\/e-possivel-o-tse-cassar-a-chapa-e-manter-temer-como-presidente\/","title":{"rendered":"\u00c9 poss\u00edvel o TSE cassar a chapa e manter Temer como presidente?"},"content":{"rendered":"<p><img data-recalc-dims=\"1\" loading=\"lazy\" decoding=\"async\" data-attachment-id=\"9557\" data-permalink=\"http:\/\/blogdalucianaoliveira.com.br\/blog\/2017\/03\/28\/e-possivel-o-tse-cassar-a-chapa-e-manter-temer-como-presidente\/separar\/\" data-orig-file=\"https:\/\/i0.wp.com\/blogdalucianaoliveira.com.br\/blog\/wp-content\/uploads\/2017\/03\/separar.jpeg?fit=970%2C600\" data-orig-size=\"970,600\" data-comments-opened=\"0\" data-image-meta=\"{&quot;aperture&quot;:&quot;0&quot;,&quot;credit&quot;:&quot;&quot;,&quot;camera&quot;:&quot;&quot;,&quot;caption&quot;:&quot;&quot;,&quot;created_timestamp&quot;:&quot;0&quot;,&quot;copyright&quot;:&quot;&quot;,&quot;focal_length&quot;:&quot;0&quot;,&quot;iso&quot;:&quot;0&quot;,&quot;shutter_speed&quot;:&quot;0&quot;,&quot;title&quot;:&quot;&quot;,&quot;orientation&quot;:&quot;0&quot;}\" data-image-title=\"separar\" data-image-description=\"\" data-image-caption=\"\" data-medium-file=\"https:\/\/i0.wp.com\/blogdalucianaoliveira.com.br\/blog\/wp-content\/uploads\/2017\/03\/separar.jpeg?fit=300%2C186\" data-large-file=\"https:\/\/i0.wp.com\/blogdalucianaoliveira.com.br\/blog\/wp-content\/uploads\/2017\/03\/separar.jpeg?fit=600%2C371\" src=\"https:\/\/i0.wp.com\/blogdalucianaoliveira.com.br\/blog\/wp-content\/uploads\/2017\/03\/separar.jpeg?resize=600%2C371\" alt=\"separar\" width=\"600\" height=\"371\" class=\"alignnone size-full wp-image-9557\" srcset=\"https:\/\/i0.wp.com\/blogdalucianaoliveira.com.br\/blog\/wp-content\/uploads\/2017\/03\/separar.jpeg?w=970 970w, https:\/\/i0.wp.com\/blogdalucianaoliveira.com.br\/blog\/wp-content\/uploads\/2017\/03\/separar.jpeg?resize=300%2C186 300w, https:\/\/i0.wp.com\/blogdalucianaoliveira.com.br\/blog\/wp-content\/uploads\/2017\/03\/separar.jpeg?resize=768%2C475 768w, https:\/\/i0.wp.com\/blogdalucianaoliveira.com.br\/blog\/wp-content\/uploads\/2017\/03\/separar.jpeg?resize=485%2C300 485w\" sizes=\"auto, (max-width: 600px) 100vw, 600px\" \/><\/p>\n<p>Da BBC Brasil<\/p>\n<p>Uma das estrat\u00e9gias da defesa de Temer para tentar evitar sua cassa\u00e7\u00e3o \u00e9 argumentar que ele, individualmente, n\u00e3o teve papel determinante na capta\u00e7\u00e3o de recursos e n\u00e3o cometeu qualquer ilegalidade.<!--more--><\/p>\n<p>A tese \u00e9 considerada fraca por juristas: como presidente e vice s\u00e3o eleitos juntos, pelos mesmos votos, o entendimento predominante \u00e9 que a chapa \u00e9 indivis\u00edvel. Se ficar comprovado grave abuso de poder econ\u00f4mico, a elei\u00e7\u00e3o \u00e9 anulada e ambos perdem o cargo, independentemente da responsabilidade de cada nas ilegalidades.<\/p>\n<p>Segundo a professora Silvana Batini, nunca houve decis\u00e3o da Justi\u00e7a Eleitoral no sentido de considerar ilegal uma campanha e cassar apenas o cabe\u00e7a de chapa, preservando o vice, em casos de processos contra prefeitos e governadores.<\/p>\n<p>Al\u00e9m de decidir sobre a anula\u00e7\u00e3o ou n\u00e3o do pleito eleitoral, os ministros tamb\u00e9m v\u00e3o analisar se Dilma e Temer tiveram responsabilidade direta em alguma ilegalidade e devem ficar ineleg\u00edveis por oito anos.<\/p>\n<p>Nesse caso, sim, pode haver separa\u00e7\u00e3o das responsabilidades: a puni\u00e7\u00e3o independe da cassa\u00e7\u00e3o da chapa e pode ser aplicada a ambos, a apenas um deles ou a nenhum dos dois. Por exemplo, o TSE pode concluir que houve ilegalidade na campanha, cometida pelos tesoureiros, mas que Dilma e Temer n\u00e3o sabiam do ato il\u00edcito.<\/p>\n","protected":false},"excerpt":{"rendered":"<p>Da BBC Brasil Uma das estrat\u00e9gias da defesa de Temer para tentar evitar sua cassa\u00e7\u00e3o \u00e9 argumentar que ele, individualmente, n\u00e3o teve papel determinante na capta\u00e7\u00e3o de recursos e n\u00e3o cometeu qualquer ilegalidade.<\/p>\n","protected":false},"author":1,"featured_media":0,"comment_status":"closed","ping_status":"open","sticky":false,"template":"","format":"standard","meta":{"_exactmetrics_skip_tracking":false,"_exactmetrics_sitenote_active":false,"_exactmetrics_sitenote_note":"","_exactmetrics_sitenote_category":0,"jetpack_post_was_ever_published":false,"_jetpack_newsletter_access":"","_jetpack_dont_email_post_to_subs":false,"_jetpack_newsletter_tier_id":0,"_jetpack_memberships_contains_paywalled_content":false,"_jetpack_memberships_contains_paid_content":false,"footnotes":"","jetpack_publicize_message":"","jetpack_publicize_feature_enabled":true,"jetpack_social_post_already_shared":true,"jetpack_social_options":{"image_generator_settings":{"template":"highway","enabled":false},"version":2}},"categories":[1],"tags":[],"class_list":["post-9556","post","type-post","status-publish","format-standard","hentry","category-notas"],"jetpack_publicize_connections":[],"jetpack_sharing_enabled":true,"jetpack_featured_media_url":"","jetpack_shortlink":"https:\/\/wp.me\/p7wKYW-2u8","jetpack-related-posts":[],"_links":{"self":[{"href":"http:\/\/blogdalucianaoliveira.com.br\/blog\/wp-json\/wp\/v2\/posts\/9556","targetHints":{"allow":["GET"]}}],"collection":[{"href":"http:\/\/blogdalucianaoliveira.com.br\/blog\/wp-json\/wp\/v2\/posts"}],"about":[{"href":"http:\/\/blogdalucianaoliveira.com.br\/blog\/wp-json\/wp\/v2\/types\/post"}],"author":[{"embeddable":true,"href":"http:\/\/blogdalucianaoliveira.com.br\/blog\/wp-json\/wp\/v2\/users\/1"}],"replies":[{"embeddable":true,"href":"http:\/\/blogdalucianaoliveira.com.br\/blog\/wp-json\/wp\/v2\/comments?post=9556"}],"version-history":[{"count":1,"href":"http:\/\/blogdalucianaoliveira.com.br\/blog\/wp-json\/wp\/v2\/posts\/9556\/revisions"}],"predecessor-version":[{"id":9558,"href":"http:\/\/blogdalucianaoliveira.com.br\/blog\/wp-json\/wp\/v2\/posts\/9556\/revisions\/9558"}],"wp:attachment":[{"href":"http:\/\/blogdalucianaoliveira.com.br\/blog\/wp-json\/wp\/v2\/media?parent=9556"}],"wp:term":[{"taxonomy":"category","embeddable":true,"href":"http:\/\/blogdalucianaoliveira.com.br\/blog\/wp-json\/wp\/v2\/categories?post=9556"},{"taxonomy":"post_tag","embeddable":true,"href":"http:\/\/blogdalucianaoliveira.com.br\/blog\/wp-json\/wp\/v2\/tags?post=9556"}],"curies":[{"name":"wp","href":"https:\/\/api.w.org\/{rel}","templated":true}]}}