{"id":9561,"date":"2017-03-30T09:52:18","date_gmt":"2017-03-30T13:52:18","guid":{"rendered":"http:\/\/blogdalucianaoliveira.com.br\/blog\/?p=9561"},"modified":"2017-03-30T09:52:18","modified_gmt":"2017-03-30T13:52:18","slug":"e-so-fora-temer-unifica-o-brasil","status":"publish","type":"post","link":"http:\/\/blogdalucianaoliveira.com.br\/blog\/2017\/03\/30\/e-so-fora-temer-unifica-o-brasil\/","title":{"rendered":"E S\u00d3 FORA TEMER UNIFICA O BRASIL"},"content":{"rendered":"<p><img data-recalc-dims=\"1\" loading=\"lazy\" decoding=\"async\" data-attachment-id=\"9562\" data-permalink=\"http:\/\/blogdalucianaoliveira.com.br\/blog\/2017\/03\/30\/e-so-fora-temer-unifica-o-brasil\/ue\/\" data-orig-file=\"https:\/\/i0.wp.com\/blogdalucianaoliveira.com.br\/blog\/wp-content\/uploads\/2017\/03\/ue.jpg?fit=1000%2C357\" data-orig-size=\"1000,357\" data-comments-opened=\"0\" data-image-meta=\"{&quot;aperture&quot;:&quot;0&quot;,&quot;credit&quot;:&quot;&quot;,&quot;camera&quot;:&quot;&quot;,&quot;caption&quot;:&quot;&quot;,&quot;created_timestamp&quot;:&quot;0&quot;,&quot;copyright&quot;:&quot;&quot;,&quot;focal_length&quot;:&quot;0&quot;,&quot;iso&quot;:&quot;0&quot;,&quot;shutter_speed&quot;:&quot;0&quot;,&quot;title&quot;:&quot;&quot;,&quot;orientation&quot;:&quot;0&quot;}\" data-image-title=\"ue\" data-image-description=\"\" data-image-caption=\"\" data-medium-file=\"https:\/\/i0.wp.com\/blogdalucianaoliveira.com.br\/blog\/wp-content\/uploads\/2017\/03\/ue.jpg?fit=300%2C107\" data-large-file=\"https:\/\/i0.wp.com\/blogdalucianaoliveira.com.br\/blog\/wp-content\/uploads\/2017\/03\/ue.jpg?fit=600%2C214\" src=\"https:\/\/i0.wp.com\/blogdalucianaoliveira.com.br\/blog\/wp-content\/uploads\/2017\/03\/ue.jpg?resize=600%2C214\" alt=\"ue\" width=\"600\" height=\"214\" class=\"alignnone size-full wp-image-9562\" srcset=\"https:\/\/i0.wp.com\/blogdalucianaoliveira.com.br\/blog\/wp-content\/uploads\/2017\/03\/ue.jpg?w=1000 1000w, https:\/\/i0.wp.com\/blogdalucianaoliveira.com.br\/blog\/wp-content\/uploads\/2017\/03\/ue.jpg?resize=300%2C107 300w, https:\/\/i0.wp.com\/blogdalucianaoliveira.com.br\/blog\/wp-content\/uploads\/2017\/03\/ue.jpg?resize=768%2C274 768w, https:\/\/i0.wp.com\/blogdalucianaoliveira.com.br\/blog\/wp-content\/uploads\/2017\/03\/ue.jpg?resize=800%2C286 800w\" sizes=\"auto, (max-width: 600px) 100vw, 600px\" \/><\/p>\n<p>IPSOS 2: GOLPE E LAVA JATO DESTRU\u00cdRAM O PSDB<!--more--><\/p>\n<p>247 \u2013 O PSDB est\u00e1 hoje no fundo do po\u00e7o. \u00c9 o que mostra pesquisa Ipsos, divulgada nesta quinta-feira, que tamb\u00e9m apontou que o &#8216;Fora Temer&#8217; \u00e9 a \u00fanica causa que unifica o Brasil.<\/p>\n<p>De acordo com o levantamento, divulgado em primeira m\u00e3o pelo jornalista Jos\u00e9 Roberto de Toledo, os senadores A\u00e9cio Neves (PSDB-MG) e Jos\u00e9 Serra (PSDB-SP), assim como o governador de S\u00e3o Paulo, Geraldo Alckmin, est\u00e3o entre os tr\u00eas pol\u00edticos mais impopulares do Brasil.<\/p>\n<p>Embora o PSDB ainda n\u00e3o tenha sido formalmente atingido pela Lava Jato, a descoberta de que seus principais nomes se beneficiaram dos esquemas da Odebrecht e de outras empreiteiras destru\u00edram a imagem de seus tr\u00eas principais presidenci\u00e1veis.<\/p>\n<p>A\u00e9cio, o &#8220;Mineirinho&#8221; que articulou o golpe que destruiu a democracia e jogou a imagem do Brasil na lama, \u00e9 desaprovado por 74% dos brasileiros. Pol\u00edtico mais delatado na Lava Jato, ele j\u00e1 foi citado por propinas em Furnas e na Cidade Administrativa, pelo recebimento de caixa dois nas elei\u00e7\u00f5es de 2014 e pelo pedido de R$ 50 milh\u00f5es em Cingapura, que teria sido recebido por meio do amigo Alexandre Accioly.<\/p>\n<p>Jos\u00e9 Serra, o &#8220;Careca&#8221;, foi acusado de receber R$ 23 milh\u00f5es na Su\u00ed\u00e7a e Geraldo Alckmin, o &#8220;Santo&#8221;, de receber recursos n\u00e3o declarados por meio do cunhado. Os dois devem ser tamb\u00e9m atingidos pelas dela\u00e7\u00f5es de Adir Assad e Paulo Vieira de Souza, que prometem denunciar os esquemas de arrecada\u00e7\u00e3o no Rodoanel, maior obra tucana nas \u00faltimas d\u00e9cadas.<\/p>\n<p>Dos tucanos, o menos pior, \u00e9 Jo\u00e3o Doria, com 45% de desaprova\u00e7\u00e3o. O prefeito de S\u00e3o Paulo, no entanto, \u00e9 aprovado por apenas 16% dos brasileiros, enquanto 39% dizem que n\u00e3o o conhecem suficientemente.<\/p>\n","protected":false},"excerpt":{"rendered":"<p>IPSOS 2: GOLPE E LAVA JATO DESTRU\u00cdRAM O PSDB<\/p>\n","protected":false},"author":1,"featured_media":0,"comment_status":"closed","ping_status":"open","sticky":false,"template":"","format":"standard","meta":{"_exactmetrics_skip_tracking":false,"_exactmetrics_sitenote_active":false,"_exactmetrics_sitenote_note":"","_exactmetrics_sitenote_category":0,"jetpack_post_was_ever_published":false,"_jetpack_newsletter_access":"","_jetpack_dont_email_post_to_subs":false,"_jetpack_newsletter_tier_id":0,"_jetpack_memberships_contains_paywalled_content":false,"_jetpack_memberships_contains_paid_content":false,"footnotes":"","jetpack_publicize_message":"","jetpack_publicize_feature_enabled":true,"jetpack_social_post_already_shared":true,"jetpack_social_options":{"image_generator_settings":{"template":"highway","enabled":false},"version":2}},"categories":[1],"tags":[],"class_list":["post-9561","post","type-post","status-publish","format-standard","hentry","category-notas"],"jetpack_publicize_connections":[],"jetpack_sharing_enabled":true,"jetpack_featured_media_url":"","jetpack_shortlink":"https:\/\/wp.me\/p7wKYW-2ud","jetpack-related-posts":[],"_links":{"self":[{"href":"http:\/\/blogdalucianaoliveira.com.br\/blog\/wp-json\/wp\/v2\/posts\/9561","targetHints":{"allow":["GET"]}}],"collection":[{"href":"http:\/\/blogdalucianaoliveira.com.br\/blog\/wp-json\/wp\/v2\/posts"}],"about":[{"href":"http:\/\/blogdalucianaoliveira.com.br\/blog\/wp-json\/wp\/v2\/types\/post"}],"author":[{"embeddable":true,"href":"http:\/\/blogdalucianaoliveira.com.br\/blog\/wp-json\/wp\/v2\/users\/1"}],"replies":[{"embeddable":true,"href":"http:\/\/blogdalucianaoliveira.com.br\/blog\/wp-json\/wp\/v2\/comments?post=9561"}],"version-history":[{"count":1,"href":"http:\/\/blogdalucianaoliveira.com.br\/blog\/wp-json\/wp\/v2\/posts\/9561\/revisions"}],"predecessor-version":[{"id":9563,"href":"http:\/\/blogdalucianaoliveira.com.br\/blog\/wp-json\/wp\/v2\/posts\/9561\/revisions\/9563"}],"wp:attachment":[{"href":"http:\/\/blogdalucianaoliveira.com.br\/blog\/wp-json\/wp\/v2\/media?parent=9561"}],"wp:term":[{"taxonomy":"category","embeddable":true,"href":"http:\/\/blogdalucianaoliveira.com.br\/blog\/wp-json\/wp\/v2\/categories?post=9561"},{"taxonomy":"post_tag","embeddable":true,"href":"http:\/\/blogdalucianaoliveira.com.br\/blog\/wp-json\/wp\/v2\/tags?post=9561"}],"curies":[{"name":"wp","href":"https:\/\/api.w.org\/{rel}","templated":true}]}}