{"id":9564,"date":"2017-03-30T09:58:10","date_gmt":"2017-03-30T13:58:10","guid":{"rendered":"http:\/\/blogdalucianaoliveira.com.br\/blog\/?p=9564"},"modified":"2017-03-30T10:08:30","modified_gmt":"2017-03-30T14:08:30","slug":"eu-acredito-e-na-rapaziada","status":"publish","type":"post","link":"http:\/\/blogdalucianaoliveira.com.br\/blog\/2017\/03\/30\/eu-acredito-e-na-rapaziada\/","title":{"rendered":"EU ACREDITO \u00c9 NA RAPAZIADA"},"content":{"rendered":"<p><img data-recalc-dims=\"1\" loading=\"lazy\" decoding=\"async\" data-attachment-id=\"9565\" data-permalink=\"http:\/\/blogdalucianaoliveira.com.br\/blog\/2017\/03\/30\/eu-acredito-e-na-rapaziada\/escracho\/\" data-orig-file=\"https:\/\/i0.wp.com\/blogdalucianaoliveira.com.br\/blog\/wp-content\/uploads\/2017\/03\/escracho.jpg?fit=526%2C375\" data-orig-size=\"526,375\" data-comments-opened=\"0\" data-image-meta=\"{&quot;aperture&quot;:&quot;0&quot;,&quot;credit&quot;:&quot;&quot;,&quot;camera&quot;:&quot;&quot;,&quot;caption&quot;:&quot;&quot;,&quot;created_timestamp&quot;:&quot;0&quot;,&quot;copyright&quot;:&quot;&quot;,&quot;focal_length&quot;:&quot;0&quot;,&quot;iso&quot;:&quot;0&quot;,&quot;shutter_speed&quot;:&quot;0&quot;,&quot;title&quot;:&quot;&quot;,&quot;orientation&quot;:&quot;0&quot;}\" data-image-title=\"escracho\" data-image-description=\"\" data-image-caption=\"\" data-medium-file=\"https:\/\/i0.wp.com\/blogdalucianaoliveira.com.br\/blog\/wp-content\/uploads\/2017\/03\/escracho.jpg?fit=300%2C214\" data-large-file=\"https:\/\/i0.wp.com\/blogdalucianaoliveira.com.br\/blog\/wp-content\/uploads\/2017\/03\/escracho.jpg?fit=526%2C375\" src=\"https:\/\/i0.wp.com\/blogdalucianaoliveira.com.br\/blog\/wp-content\/uploads\/2017\/03\/escracho.jpg?resize=526%2C375\" alt=\"escracho\" width=\"526\" height=\"375\" class=\"alignnone size-full wp-image-9565\" srcset=\"https:\/\/i0.wp.com\/blogdalucianaoliveira.com.br\/blog\/wp-content\/uploads\/2017\/03\/escracho.jpg?w=526 526w, https:\/\/i0.wp.com\/blogdalucianaoliveira.com.br\/blog\/wp-content\/uploads\/2017\/03\/escracho.jpg?resize=300%2C214 300w, https:\/\/i0.wp.com\/blogdalucianaoliveira.com.br\/blog\/wp-content\/uploads\/2017\/03\/escracho.jpg?resize=421%2C300 421w\" sizes=\"auto, (max-width: 526px) 100vw, 526px\" \/><\/p>\n<p>Voc\u00ea j\u00e1 ouviu falar na brigada AGITPROP? Agita\u00e7\u00e3o e propaganda, estrat\u00e9gia de resist\u00eancia muito utilizada em grandes revolu\u00e7\u00f5es.<\/p>\n<p>\u00c9 uma brigada formada por jovens da Via Campesina e Levante Popular da Juventude que protesta com performance teatral e escracho.<!--more--><\/p>\n<p>Eles percorreram v\u00e1rios espa\u00e7os p\u00fablicos de Porto Velho, RO, para mostrar o qu\u00e3o prejudiciais s\u00e3o as reformas propostas pelo governo golpista.<\/p>\n<p>Estiveram no terminal de integra\u00e7\u00e3o, em pra\u00e7as e avenidas centrais da cidade.<\/p>\n<p>Tamb\u00e9m fizeram um protesto em frente \u00e0 casa da deputada federal Mariana Carvalho do PSDB. J\u00e1 estiveram l\u00e1 outras vezes, para pressionar a parlamentar a votar contra a redu\u00e7\u00e3o da maioridade e o golpe.<\/p>\n<p>Desta vez foi para pedir que Mariana vote contra a Reforma da Previd\u00eancia.<\/p>\n<p>\u00c9 a turma do &#8216;estamos de olho&#8217;.<\/p>\n<p><img data-recalc-dims=\"1\" loading=\"lazy\" decoding=\"async\" data-attachment-id=\"9566\" data-permalink=\"http:\/\/blogdalucianaoliveira.com.br\/blog\/2017\/03\/30\/eu-acredito-e-na-rapaziada\/brigada\/\" data-orig-file=\"https:\/\/i0.wp.com\/blogdalucianaoliveira.com.br\/blog\/wp-content\/uploads\/2017\/03\/brigada.jpg?fit=960%2C641\" data-orig-size=\"960,641\" data-comments-opened=\"0\" data-image-meta=\"{&quot;aperture&quot;:&quot;0&quot;,&quot;credit&quot;:&quot;&quot;,&quot;camera&quot;:&quot;&quot;,&quot;caption&quot;:&quot;&quot;,&quot;created_timestamp&quot;:&quot;0&quot;,&quot;copyright&quot;:&quot;&quot;,&quot;focal_length&quot;:&quot;0&quot;,&quot;iso&quot;:&quot;0&quot;,&quot;shutter_speed&quot;:&quot;0&quot;,&quot;title&quot;:&quot;&quot;,&quot;orientation&quot;:&quot;0&quot;}\" data-image-title=\"brigada\" data-image-description=\"\" data-image-caption=\"\" data-medium-file=\"https:\/\/i0.wp.com\/blogdalucianaoliveira.com.br\/blog\/wp-content\/uploads\/2017\/03\/brigada.jpg?fit=300%2C200\" data-large-file=\"https:\/\/i0.wp.com\/blogdalucianaoliveira.com.br\/blog\/wp-content\/uploads\/2017\/03\/brigada.jpg?fit=600%2C401\" src=\"https:\/\/i0.wp.com\/blogdalucianaoliveira.com.br\/blog\/wp-content\/uploads\/2017\/03\/brigada.jpg?resize=600%2C401\" alt=\"brigada\" width=\"600\" height=\"401\" class=\"alignnone size-full wp-image-9566\" srcset=\"https:\/\/i0.wp.com\/blogdalucianaoliveira.com.br\/blog\/wp-content\/uploads\/2017\/03\/brigada.jpg?w=960 960w, https:\/\/i0.wp.com\/blogdalucianaoliveira.com.br\/blog\/wp-content\/uploads\/2017\/03\/brigada.jpg?resize=300%2C200 300w, https:\/\/i0.wp.com\/blogdalucianaoliveira.com.br\/blog\/wp-content\/uploads\/2017\/03\/brigada.jpg?resize=768%2C513 768w, https:\/\/i0.wp.com\/blogdalucianaoliveira.com.br\/blog\/wp-content\/uploads\/2017\/03\/brigada.jpg?resize=449%2C300 449w\" sizes=\"auto, (max-width: 600px) 100vw, 600px\" \/><\/p>\n<p>Que promete n\u00e3o dar descanso a parlamentares que votam a favor do retrocesso e perda de direitos, quando tentarem \u00e0 reelei\u00e7\u00e3o.<br \/>\nConhe\u00e7o esse povo e garanto que eles n\u00e3o v\u00e3o parar, porque n\u00e3o se conformam. <\/p>\n<p><img data-recalc-dims=\"1\" loading=\"lazy\" decoding=\"async\" data-attachment-id=\"9567\" data-permalink=\"http:\/\/blogdalucianaoliveira.com.br\/blog\/2017\/03\/30\/eu-acredito-e-na-rapaziada\/brigada1\/\" data-orig-file=\"https:\/\/i0.wp.com\/blogdalucianaoliveira.com.br\/blog\/wp-content\/uploads\/2017\/03\/brigada1.jpg?fit=960%2C641\" data-orig-size=\"960,641\" data-comments-opened=\"0\" data-image-meta=\"{&quot;aperture&quot;:&quot;0&quot;,&quot;credit&quot;:&quot;&quot;,&quot;camera&quot;:&quot;&quot;,&quot;caption&quot;:&quot;&quot;,&quot;created_timestamp&quot;:&quot;0&quot;,&quot;copyright&quot;:&quot;&quot;,&quot;focal_length&quot;:&quot;0&quot;,&quot;iso&quot;:&quot;0&quot;,&quot;shutter_speed&quot;:&quot;0&quot;,&quot;title&quot;:&quot;&quot;,&quot;orientation&quot;:&quot;0&quot;}\" data-image-title=\"brigada1\" data-image-description=\"\" data-image-caption=\"\" data-medium-file=\"https:\/\/i0.wp.com\/blogdalucianaoliveira.com.br\/blog\/wp-content\/uploads\/2017\/03\/brigada1.jpg?fit=300%2C200\" data-large-file=\"https:\/\/i0.wp.com\/blogdalucianaoliveira.com.br\/blog\/wp-content\/uploads\/2017\/03\/brigada1.jpg?fit=600%2C401\" src=\"https:\/\/i0.wp.com\/blogdalucianaoliveira.com.br\/blog\/wp-content\/uploads\/2017\/03\/brigada1.jpg?resize=600%2C401\" alt=\"brigada1\" width=\"600\" height=\"401\" class=\"alignnone size-full wp-image-9567\" srcset=\"https:\/\/i0.wp.com\/blogdalucianaoliveira.com.br\/blog\/wp-content\/uploads\/2017\/03\/brigada1.jpg?w=960 960w, https:\/\/i0.wp.com\/blogdalucianaoliveira.com.br\/blog\/wp-content\/uploads\/2017\/03\/brigada1.jpg?resize=300%2C200 300w, https:\/\/i0.wp.com\/blogdalucianaoliveira.com.br\/blog\/wp-content\/uploads\/2017\/03\/brigada1.jpg?resize=768%2C513 768w, https:\/\/i0.wp.com\/blogdalucianaoliveira.com.br\/blog\/wp-content\/uploads\/2017\/03\/brigada1.jpg?resize=449%2C300 449w\" sizes=\"auto, (max-width: 600px) 100vw, 600px\" \/><\/p>\n","protected":false},"excerpt":{"rendered":"<p>Voc\u00ea j\u00e1 ouviu falar na brigada AGITPROP? Agita\u00e7\u00e3o e propaganda, estrat\u00e9gia de resist\u00eancia muito utilizada em grandes revolu\u00e7\u00f5es. \u00c9 uma brigada formada por jovens da Via Campesina e Levante Popular da Juventude que protesta com performance teatral e escracho.<\/p>\n","protected":false},"author":1,"featured_media":0,"comment_status":"closed","ping_status":"open","sticky":false,"template":"","format":"standard","meta":{"_exactmetrics_skip_tracking":false,"_exactmetrics_sitenote_active":false,"_exactmetrics_sitenote_note":"","_exactmetrics_sitenote_category":0,"jetpack_post_was_ever_published":false,"_jetpack_newsletter_access":"","_jetpack_dont_email_post_to_subs":false,"_jetpack_newsletter_tier_id":0,"_jetpack_memberships_contains_paywalled_content":false,"_jetpack_memberships_contains_paid_content":false,"footnotes":"","jetpack_publicize_message":"","jetpack_publicize_feature_enabled":true,"jetpack_social_post_already_shared":true,"jetpack_social_options":{"image_generator_settings":{"template":"highway","enabled":false},"version":2}},"categories":[1],"tags":[],"class_list":["post-9564","post","type-post","status-publish","format-standard","hentry","category-notas"],"jetpack_publicize_connections":[],"jetpack_sharing_enabled":true,"jetpack_featured_media_url":"","jetpack_shortlink":"https:\/\/wp.me\/p7wKYW-2ug","jetpack-related-posts":[],"_links":{"self":[{"href":"http:\/\/blogdalucianaoliveira.com.br\/blog\/wp-json\/wp\/v2\/posts\/9564","targetHints":{"allow":["GET"]}}],"collection":[{"href":"http:\/\/blogdalucianaoliveira.com.br\/blog\/wp-json\/wp\/v2\/posts"}],"about":[{"href":"http:\/\/blogdalucianaoliveira.com.br\/blog\/wp-json\/wp\/v2\/types\/post"}],"author":[{"embeddable":true,"href":"http:\/\/blogdalucianaoliveira.com.br\/blog\/wp-json\/wp\/v2\/users\/1"}],"replies":[{"embeddable":true,"href":"http:\/\/blogdalucianaoliveira.com.br\/blog\/wp-json\/wp\/v2\/comments?post=9564"}],"version-history":[{"count":2,"href":"http:\/\/blogdalucianaoliveira.com.br\/blog\/wp-json\/wp\/v2\/posts\/9564\/revisions"}],"predecessor-version":[{"id":9569,"href":"http:\/\/blogdalucianaoliveira.com.br\/blog\/wp-json\/wp\/v2\/posts\/9564\/revisions\/9569"}],"wp:attachment":[{"href":"http:\/\/blogdalucianaoliveira.com.br\/blog\/wp-json\/wp\/v2\/media?parent=9564"}],"wp:term":[{"taxonomy":"category","embeddable":true,"href":"http:\/\/blogdalucianaoliveira.com.br\/blog\/wp-json\/wp\/v2\/categories?post=9564"},{"taxonomy":"post_tag","embeddable":true,"href":"http:\/\/blogdalucianaoliveira.com.br\/blog\/wp-json\/wp\/v2\/tags?post=9564"}],"curies":[{"name":"wp","href":"https:\/\/api.w.org\/{rel}","templated":true}]}}