{"id":9570,"date":"2017-03-30T10:23:24","date_gmt":"2017-03-30T14:23:24","guid":{"rendered":"http:\/\/blogdalucianaoliveira.com.br\/blog\/?p=9570"},"modified":"2017-03-30T12:05:11","modified_gmt":"2017-03-30T16:05:11","slug":"deputada-mariana-carvalho-diz-que-mulher-sofre-preconceito-porque-se-vitimiza","status":"publish","type":"post","link":"http:\/\/blogdalucianaoliveira.com.br\/blog\/2017\/03\/30\/deputada-mariana-carvalho-diz-que-mulher-sofre-preconceito-porque-se-vitimiza\/","title":{"rendered":"Deputada Mariana Carvalho diz que mulher sofre preconceito, porque se vitimiza"},"content":{"rendered":"<p><img data-recalc-dims=\"1\" loading=\"lazy\" decoding=\"async\" data-attachment-id=\"9571\" data-permalink=\"http:\/\/blogdalucianaoliveira.com.br\/blog\/2017\/03\/30\/deputada-mariana-carvalho-diz-que-mulher-sofre-preconceito-porque-se-vitimiza\/img_4641\/\" data-orig-file=\"https:\/\/i0.wp.com\/blogdalucianaoliveira.com.br\/blog\/wp-content\/uploads\/2017\/03\/IMG_4641.jpg?fit=719%2C568\" data-orig-size=\"719,568\" data-comments-opened=\"0\" data-image-meta=\"{&quot;aperture&quot;:&quot;0&quot;,&quot;credit&quot;:&quot;&quot;,&quot;camera&quot;:&quot;&quot;,&quot;caption&quot;:&quot;&quot;,&quot;created_timestamp&quot;:&quot;0&quot;,&quot;copyright&quot;:&quot;&quot;,&quot;focal_length&quot;:&quot;0&quot;,&quot;iso&quot;:&quot;0&quot;,&quot;shutter_speed&quot;:&quot;0&quot;,&quot;title&quot;:&quot;&quot;,&quot;orientation&quot;:&quot;0&quot;}\" data-image-title=\"IMG_4641\" data-image-description=\"\" data-image-caption=\"\" data-medium-file=\"https:\/\/i0.wp.com\/blogdalucianaoliveira.com.br\/blog\/wp-content\/uploads\/2017\/03\/IMG_4641.jpg?fit=300%2C237\" data-large-file=\"https:\/\/i0.wp.com\/blogdalucianaoliveira.com.br\/blog\/wp-content\/uploads\/2017\/03\/IMG_4641.jpg?fit=600%2C474\" src=\"https:\/\/i0.wp.com\/blogdalucianaoliveira.com.br\/blog\/wp-content\/uploads\/2017\/03\/IMG_4641.jpg?resize=600%2C474\" alt=\"IMG_4641\" width=\"600\" height=\"474\" class=\"alignnone size-full wp-image-9571\" srcset=\"https:\/\/i0.wp.com\/blogdalucianaoliveira.com.br\/blog\/wp-content\/uploads\/2017\/03\/IMG_4641.jpg?w=719 719w, https:\/\/i0.wp.com\/blogdalucianaoliveira.com.br\/blog\/wp-content\/uploads\/2017\/03\/IMG_4641.jpg?resize=300%2C237 300w, https:\/\/i0.wp.com\/blogdalucianaoliveira.com.br\/blog\/wp-content\/uploads\/2017\/03\/IMG_4641.jpg?resize=380%2C300 380w\" sizes=\"auto, (max-width: 600px) 100vw, 600px\" \/><\/p>\n<p>O t\u00edtulo n\u00e3o \u00e9 sensacionalista, foi exatamente o que a deputada Mariana Carvalho (PSDB-RO) disse na mesa que dividiu com o deputado Jair Bolsonaro (PSC-RJ), r\u00e9u por incita\u00e7\u00e3o ao estupro.<\/p>\n<p>A fala, absolutamente desconectada da realidade, foi aplaudida pelo \u00edcone do machismo no parlamento que disse \u00e0 deputada Maria do Ros\u00e1rio (PT-RS) que ela n\u00e3o merecia ser estuprada porque ele a considera &#8220;muito feia&#8221; e &#8220;ela n\u00e3o merece&#8221;.<\/p>\n<p>Para a deputada tucana n\u00e3o h\u00e1 desigualdade no parlamento brasileiro que tem menos de 10% de participa\u00e7\u00e3o feminina. <\/p>\n<p>&#8220;Eu acho que a pr\u00f3pria mulher \u00e9 que cria um preconceito contra ela&#8221;, disse.<\/p>\n<p>Formada em direito e medicina na faculdade dos pais, Mariana \u00e9 filha de Apar\u00edcio Carvalho que foi vereador, deputado federal e vice-governador de Rond\u00f4nia. O irm\u00e3o \u00e9 presidente da C\u00e2mara da Vereadores na capital . A justi\u00e7a reconheceu que a faculdade dos pais invadiu \u00e1rea p\u00fablica para ampliar o neg\u00f3cio.<\/p>\n<p>Em sua fala, destacou que n\u00e3o teve nenhuma facilidade para chegar onde chegou e muito menos sofreu qualquer tipo de preconceito no parlamento.<\/p>\n<p>&#8220;A mulher que acaba sentindo uma diferen\u00e7a no tratamento \u00e9 quando ela pr\u00f3pria se vitimiza e se coloca num lugar de coitada, de que \u00e9 mulher.&#8221;<\/p>\n<p>A deputada ignora que s\u00f3 50% das mulheres participam da for\u00e7a de trabalho global, contra 76% dos homens. E, pior, que ganham menos do que os homens, mesmo quando desempenham mesmo tipo de servi\u00e7o.<\/p>\n<p>Segundo estudos da ONU &#8220;a maioria das mulheres trabalha no setor informal; muitas s\u00e3o mal pagas, n\u00e3o tem seguran\u00e7a social e ainda sustentam o peso do trabalho dom\u00e9stico.&#8221;<\/p>\n<p>S\u00e3o minoria nos Parlamentos de todo o mundo, onde ocupam apenas 23% dos assentos.<\/p>\n<p>E no que diz respeito a leis trabalhistas, s\u00f3 67 na\u00e7\u00f5es protegem as mulheres contra a discrimina\u00e7\u00e3o de g\u00eanero no ambiente de trabalho. Em 18 pa\u00edses, mulheres s\u00e3o proibidas de trabalhar.<\/p>\n<p>&#8220;A gente pode mostrar, sim, que o nosso sexo n\u00e3o \u00e9 apenas s\u00f3 um sexo fr\u00e1gil, \u00e9 um sexo forte e chega onde a gente quer. \u00c9 s\u00f3 a gente a gente acreditar.&#8221;<\/p>\n<div class=\"fb-video\" data-allowfullscreen=\"true\" data-href=\"https:\/\/www.facebook.com\/jairmessias.bolsonaro\/videos\/811350089013979\/\"><\/div>\n<p>A jovem tucana foi aplaudida por Jair Bolsonaro, que al\u00e9m de ser r\u00e9u por incita\u00e7\u00e3o ao estupro j\u00e1 declarou que mulher deve ganhar menos, porque engravida. <\/p>\n<p><a href=\"http:\/\/www.redetv.uol.com.br\/superpop\/videos\/ultimos-programas\/bolsonaro-diz-que-nao-pagaria-a-mulheres-o-mesmo-salario-dos-homens\">http:\/\/www.redetv.uol.com.br\/superpop\/videos\/ultimos-programas\/bolsonaro-diz-que-nao-pagaria-a-mulheres-o-mesmo-salario-dos-homens<\/a><\/p>\n<p>A fala da deputada Mariana Carvalho \u00e9 potencialmente mais grave que a de Michel Temer no dia da Mulher, quando ele destacou que a participa\u00e7\u00e3o feminina \u00e9 importante para a economia, porque cabe \u00e0 mulher fiscalizar pre\u00e7os no supermercado. <\/p>\n<p>\u00c9 mais chocante o que ela disse, por ser mulher, por desprezar a pr\u00f3pria realidade social e por estar num parlamento federal ocupando um cargo que muitas sonham (como ela diz), mas n\u00e3o chegam por falta de dinheiro e padrinhos pol\u00edticos. <\/p>\n<p>Se Mariana disputasse uma elei\u00e7\u00e3o em condi\u00e7\u00f5es reais de igualdade, jamais seria eleita. Mal sabe se expressar corretamente, \u00e9 habituada a construir discursos com erros de concord\u00e2ncia grav\u00edssimos.<\/p>\n<p>As demais parlamentares t\u00eam o dever de censurar mais essa declara\u00e7\u00e3o estapaf\u00fardia da tucana. <\/p>\n<p>Precisam falar pelas mulheres que n\u00e3o t\u00eam direito aos sonhos de Mariana que nasceu em ber\u00e7o de ouro, que teve todas as oportunidades pra vencer na vida.<\/p>\n<p>Mulheres que n\u00e3o t\u00eam dinheiro ou poder, mas n\u00e3o s\u00e3o capazes de envergonhar tanto a sociedade quanto Mariana envergonhou.<\/p>\n","protected":false},"excerpt":{"rendered":"<p>O t\u00edtulo n\u00e3o \u00e9 sensacionalista, foi exatamente o que a deputada Mariana Carvalho (PSDB-RO) disse na mesa que dividiu com o deputado Jair Bolsonaro (PSC-RJ), r\u00e9u por incita\u00e7\u00e3o ao estupro. A fala, absolutamente desconectada da realidade, foi aplaudida pelo \u00edcone do machismo no parlamento que disse \u00e0 deputada Maria do Ros\u00e1rio (PT-RS) que ela n\u00e3o&#8230;<a class=\"more-link\" href=\"http:\/\/blogdalucianaoliveira.com.br\/blog\/2017\/03\/30\/deputada-mariana-carvalho-diz-que-mulher-sofre-preconceito-porque-se-vitimiza\/\">Continue a leitura <span class=\"meta-nav\">&raquo;<\/span><\/a><\/p>\n","protected":false},"author":1,"featured_media":0,"comment_status":"closed","ping_status":"open","sticky":false,"template":"","format":"standard","meta":{"_exactmetrics_skip_tracking":false,"_exactmetrics_sitenote_active":false,"_exactmetrics_sitenote_note":"","_exactmetrics_sitenote_category":0,"jetpack_post_was_ever_published":false,"_jetpack_newsletter_access":"","_jetpack_dont_email_post_to_subs":false,"_jetpack_newsletter_tier_id":0,"_jetpack_memberships_contains_paywalled_content":false,"_jetpack_memberships_contains_paid_content":false,"footnotes":"","jetpack_publicize_message":"","jetpack_publicize_feature_enabled":true,"jetpack_social_post_already_shared":true,"jetpack_social_options":{"image_generator_settings":{"template":"highway","enabled":false},"version":2}},"categories":[1],"tags":[],"class_list":["post-9570","post","type-post","status-publish","format-standard","hentry","category-notas"],"jetpack_publicize_connections":[],"jetpack_sharing_enabled":true,"jetpack_featured_media_url":"","jetpack_shortlink":"https:\/\/wp.me\/p7wKYW-2um","jetpack-related-posts":[],"_links":{"self":[{"href":"http:\/\/blogdalucianaoliveira.com.br\/blog\/wp-json\/wp\/v2\/posts\/9570","targetHints":{"allow":["GET"]}}],"collection":[{"href":"http:\/\/blogdalucianaoliveira.com.br\/blog\/wp-json\/wp\/v2\/posts"}],"about":[{"href":"http:\/\/blogdalucianaoliveira.com.br\/blog\/wp-json\/wp\/v2\/types\/post"}],"author":[{"embeddable":true,"href":"http:\/\/blogdalucianaoliveira.com.br\/blog\/wp-json\/wp\/v2\/users\/1"}],"replies":[{"embeddable":true,"href":"http:\/\/blogdalucianaoliveira.com.br\/blog\/wp-json\/wp\/v2\/comments?post=9570"}],"version-history":[{"count":12,"href":"http:\/\/blogdalucianaoliveira.com.br\/blog\/wp-json\/wp\/v2\/posts\/9570\/revisions"}],"predecessor-version":[{"id":9583,"href":"http:\/\/blogdalucianaoliveira.com.br\/blog\/wp-json\/wp\/v2\/posts\/9570\/revisions\/9583"}],"wp:attachment":[{"href":"http:\/\/blogdalucianaoliveira.com.br\/blog\/wp-json\/wp\/v2\/media?parent=9570"}],"wp:term":[{"taxonomy":"category","embeddable":true,"href":"http:\/\/blogdalucianaoliveira.com.br\/blog\/wp-json\/wp\/v2\/categories?post=9570"},{"taxonomy":"post_tag","embeddable":true,"href":"http:\/\/blogdalucianaoliveira.com.br\/blog\/wp-json\/wp\/v2\/tags?post=9570"}],"curies":[{"name":"wp","href":"https:\/\/api.w.org\/{rel}","templated":true}]}}