{"id":9584,"date":"2017-03-30T17:01:04","date_gmt":"2017-03-30T21:01:04","guid":{"rendered":"http:\/\/blogdalucianaoliveira.com.br\/blog\/?p=9584"},"modified":"2017-03-30T17:02:34","modified_gmt":"2017-03-30T21:02:34","slug":"juiz-recusa-presidente-da-oab-ro-como-mediador-de-conflito-agrario","status":"publish","type":"post","link":"http:\/\/blogdalucianaoliveira.com.br\/blog\/2017\/03\/30\/juiz-recusa-presidente-da-oab-ro-como-mediador-de-conflito-agrario\/","title":{"rendered":"JUIZ RECUSA PRESIDENTE DA OAB-RO COMO MEDIADOR DE CONFLITO AGR\u00c1RIO"},"content":{"rendered":"<p><img data-recalc-dims=\"1\" loading=\"lazy\" decoding=\"async\" data-attachment-id=\"9585\" data-permalink=\"http:\/\/blogdalucianaoliveira.com.br\/blog\/2017\/03\/30\/juiz-recusa-presidente-da-oab-ro-como-mediador-de-conflito-agrario\/attachment\/45\/\" data-orig-file=\"https:\/\/i0.wp.com\/blogdalucianaoliveira.com.br\/blog\/wp-content\/uploads\/2017\/03\/45.jpg?fit=550%2C320\" data-orig-size=\"550,320\" data-comments-opened=\"0\" data-image-meta=\"{&quot;aperture&quot;:&quot;0&quot;,&quot;credit&quot;:&quot;&quot;,&quot;camera&quot;:&quot;&quot;,&quot;caption&quot;:&quot;&quot;,&quot;created_timestamp&quot;:&quot;0&quot;,&quot;copyright&quot;:&quot;&quot;,&quot;focal_length&quot;:&quot;0&quot;,&quot;iso&quot;:&quot;0&quot;,&quot;shutter_speed&quot;:&quot;0&quot;,&quot;title&quot;:&quot;&quot;,&quot;orientation&quot;:&quot;0&quot;}\" data-image-title=\"45\" data-image-description=\"\" data-image-caption=\"\" data-medium-file=\"https:\/\/i0.wp.com\/blogdalucianaoliveira.com.br\/blog\/wp-content\/uploads\/2017\/03\/45.jpg?fit=300%2C175\" data-large-file=\"https:\/\/i0.wp.com\/blogdalucianaoliveira.com.br\/blog\/wp-content\/uploads\/2017\/03\/45.jpg?fit=550%2C320\" src=\"https:\/\/i0.wp.com\/blogdalucianaoliveira.com.br\/blog\/wp-content\/uploads\/2017\/03\/45.jpg?resize=550%2C320\" alt=\"45\" width=\"550\" height=\"320\" class=\"alignnone size-full wp-image-9585\" srcset=\"https:\/\/i0.wp.com\/blogdalucianaoliveira.com.br\/blog\/wp-content\/uploads\/2017\/03\/45.jpg?w=550 550w, https:\/\/i0.wp.com\/blogdalucianaoliveira.com.br\/blog\/wp-content\/uploads\/2017\/03\/45.jpg?resize=300%2C175 300w, https:\/\/i0.wp.com\/blogdalucianaoliveira.com.br\/blog\/wp-content\/uploads\/2017\/03\/45.jpg?resize=516%2C300 516w\" sizes=\"auto, (max-width: 550px) 100vw, 550px\" \/><\/p>\n<p>O conflito tem mais de duas d\u00e9cadas e envolve cerca de duas mil fam\u00edlias na linha 45, no munic\u00edpio de Candeias do Jamari, em Rond\u00f4nia.<!--more--><\/p>\n<p>Com base em t\u00edtulos definitivos expedidos pelo Governo do Amazonas, um de 1903, da \u00e1rea conhecida como Lago da Brasileira, e outro de 1907, da \u00e1rea Escalerita, o pretenso dono ingressou com A\u00e7\u00e3o de Reintegra\u00e7\u00e3o de Posse em 1997.<\/p>\n<p>O autor era Aldo Alberto Castanheira, ex-desembargador j\u00e1 falecido, que transferiu os t\u00edtulos a Paulo Whately Sack.<\/p>\n<p>Na imin\u00eancia de um conflito que pode resultar em viol\u00eancia, preocupa\u00e7\u00e3o apontada em audi\u00eancia p\u00fablica da Assembleia Legislativa do Estado, pelos \u00e2nimos acirrados, o ju\u00edzo determinou que um mediador fosse indicado.<\/p>\n<p><img data-recalc-dims=\"1\" loading=\"lazy\" decoding=\"async\" data-attachment-id=\"9586\" data-permalink=\"http:\/\/blogdalucianaoliveira.com.br\/blog\/2017\/03\/30\/juiz-recusa-presidente-da-oab-ro-como-mediador-de-conflito-agrario\/audi\/\" data-orig-file=\"https:\/\/i0.wp.com\/blogdalucianaoliveira.com.br\/blog\/wp-content\/uploads\/2017\/03\/AUDI.jpg?fit=600%2C400\" data-orig-size=\"600,400\" data-comments-opened=\"0\" data-image-meta=\"{&quot;aperture&quot;:&quot;5.6&quot;,&quot;credit&quot;:&quot;&quot;,&quot;camera&quot;:&quot;Canon EOS 5D Mark III&quot;,&quot;caption&quot;:&quot;&quot;,&quot;created_timestamp&quot;:&quot;1481038067&quot;,&quot;copyright&quot;:&quot;&quot;,&quot;focal_length&quot;:&quot;27&quot;,&quot;iso&quot;:&quot;3200&quot;,&quot;shutter_speed&quot;:&quot;0.0166666666667&quot;,&quot;title&quot;:&quot;&quot;,&quot;orientation&quot;:&quot;1&quot;}\" data-image-title=\"AUDI\" data-image-description=\"\" data-image-caption=\"\" data-medium-file=\"https:\/\/i0.wp.com\/blogdalucianaoliveira.com.br\/blog\/wp-content\/uploads\/2017\/03\/AUDI.jpg?fit=300%2C200\" data-large-file=\"https:\/\/i0.wp.com\/blogdalucianaoliveira.com.br\/blog\/wp-content\/uploads\/2017\/03\/AUDI.jpg?fit=600%2C400\" src=\"https:\/\/i0.wp.com\/blogdalucianaoliveira.com.br\/blog\/wp-content\/uploads\/2017\/03\/AUDI.jpg?resize=600%2C400\" alt=\"AUDI\" width=\"600\" height=\"400\" class=\"alignnone size-full wp-image-9586\" srcset=\"https:\/\/i0.wp.com\/blogdalucianaoliveira.com.br\/blog\/wp-content\/uploads\/2017\/03\/AUDI.jpg?w=600 600w, https:\/\/i0.wp.com\/blogdalucianaoliveira.com.br\/blog\/wp-content\/uploads\/2017\/03\/AUDI.jpg?resize=300%2C200 300w, https:\/\/i0.wp.com\/blogdalucianaoliveira.com.br\/blog\/wp-content\/uploads\/2017\/03\/AUDI.jpg?resize=450%2C300 450w\" sizes=\"auto, (max-width: 600px) 100vw, 600px\" \/><\/p>\n<p>A Associa\u00e7\u00e3o dos Produtores Rurais indicou um representante do MPF\/RO.<\/p>\n<p>Adelino Marques e outros 58 requeridos indicaram Ant\u00f4nio Eller dos Santos.<\/p>\n<p>E Paulo Sack indicou como mediador do conflito o presidente da seccional da OAB\/RO, Andrey Cavalcante.<\/p>\n<p>O juiz Jorge Luiz de Moura Gurgel do Amaral, da 2 Vara C\u00edvel de Porto Velho, se ateve ao justificar a recusa ao fato de que n\u00e3o seria adequada \u201ca op\u00e7\u00e3o do ju\u00edzo por qualquer dos indicados\u201d, sob pena de ser interpretada como parcialidade e indevido beneficiamento de determinada parte.<\/p>\n<p>Mas, vale pontuar que o juiz n\u00e3o fez qualquer men\u00e7\u00e3o para distinguir a recusa ao nome do presidente da OAB, cargo de relevante fun\u00e7\u00e3o p\u00fablica.<\/p>\n<p>Por que ele seria suspeito de mediar um conflito agr\u00e1rio atendendo ao pedido do autor, tamb\u00e9m n\u00e3o justificou.<\/p>\n<p>Recentemente, o Minist\u00e9rio P\u00fablico Federal (MPF) se manifestou pedindo a suspens\u00e3o da liminar que determinou a reintegra\u00e7\u00e3o da \u00e1rea, a extin\u00e7\u00e3o da a\u00e7\u00e3o sem julgamento do m\u00e9rito ou que a Justi\u00e7a Estadual fa\u00e7a o decl\u00ednio de compet\u00eancia para a Justi\u00e7a Federal.<\/p>\n<p>Em mat\u00e9ria divulgada no site institucional, o MPF declarou que \u201cos t\u00edtulos de propriedade que o fazendeiro apresentou s\u00e3o juridicamente question\u00e1veis e indicam que podem ter sido comprados apenas com o interesse de especular uma indeniza\u00e7\u00e3o com a desapropria\u00e7\u00e3o da \u00e1rea. Outro argumento do \u00f3rg\u00e3o \u00e9 que os t\u00edtulos que ele apresentou sequer descrevem os im\u00f3veis adequadamente e foi necess\u00e1rio estudo de campo por um perito para esclarecer o tamanho das \u00e1reas e, ainda assim, o estudo ficou com dados diferentes dos que est\u00e3o nos t\u00edtulos.\u201d<\/p>\n<p>Se os t\u00edtulos s\u00e3o question\u00e1veis, pode se tratar de mais um caso de grilagem de terras.<\/p>\n<p>A a\u00e7\u00e3o que come\u00e7ou a tramitar em 1997, teve decis\u00e3o liminar de reintegra\u00e7\u00e3o de posse contra pequenos posseiros, mas segue sem defini\u00e7\u00e3o at\u00e9 que se delimite a \u00e1rea em lit\u00edgio. Onde antes havia poucas fam\u00edlias, hoje h\u00e1 uma cidade com v\u00e1rios estabelecimentos comerciais de pequeno e m\u00e9dio porte.<\/p>\n<p>O MPF aponta \u201cque \u00e9 pr\u00e1tica em Rond\u00f4nia propriet\u00e1rios de t\u00edtulos de terras incentivarem a ocupa\u00e7\u00e3o para depois pedirem indeniza\u00e7\u00f5es milion\u00e1rias ao Incra.\u201d<\/p>\n<p>Para o MPF o pretenso propriet\u00e1rio \u201cnunca exerceu a posse sobre o im\u00f3vel, pois n\u00e3o conseguiu comprovar o exerc\u00edcio de qualquer atividade t\u00edpica de quem trabalha em \u00e1rea rural.\u201d<\/p>\n<p>E deixa claro que deve prevalecer a fun\u00e7\u00e3o social da terra ao destacar que \u201cas in\u00fameras fam\u00edlias que vivem no local t\u00eam a \u201cmelhor posse\u201d, porque de l\u00e1 retiram seu sustento h\u00e1 muitos anos, ao contr\u00e1rio do pretenso propriet\u00e1rio que nunca desenvolveu qualquer atividade e sequer conhece a \u00e1rea.\u201d <\/p>\n<p>Quem vai mediar o conflito \u00e9 ju\u00edza aposentada Maria Abadia de Castro Mariano, mestra em media\u00e7\u00e3o por universidade espanhola.<\/p>\n","protected":false},"excerpt":{"rendered":"<p>O conflito tem mais de duas d\u00e9cadas e envolve cerca de duas mil fam\u00edlias na linha 45, no munic\u00edpio de Candeias do Jamari, em Rond\u00f4nia.<\/p>\n","protected":false},"author":1,"featured_media":0,"comment_status":"closed","ping_status":"open","sticky":false,"template":"","format":"standard","meta":{"_exactmetrics_skip_tracking":false,"_exactmetrics_sitenote_active":false,"_exactmetrics_sitenote_note":"","_exactmetrics_sitenote_category":0,"jetpack_post_was_ever_published":false,"_jetpack_newsletter_access":"","_jetpack_dont_email_post_to_subs":false,"_jetpack_newsletter_tier_id":0,"_jetpack_memberships_contains_paywalled_content":false,"_jetpack_memberships_contains_paid_content":false,"footnotes":"","jetpack_publicize_message":"","jetpack_publicize_feature_enabled":true,"jetpack_social_post_already_shared":true,"jetpack_social_options":{"image_generator_settings":{"template":"highway","enabled":false},"version":2}},"categories":[1],"tags":[],"class_list":["post-9584","post","type-post","status-publish","format-standard","hentry","category-notas"],"jetpack_publicize_connections":[],"jetpack_sharing_enabled":true,"jetpack_featured_media_url":"","jetpack_shortlink":"https:\/\/wp.me\/p7wKYW-2uA","jetpack-related-posts":[],"_links":{"self":[{"href":"http:\/\/blogdalucianaoliveira.com.br\/blog\/wp-json\/wp\/v2\/posts\/9584","targetHints":{"allow":["GET"]}}],"collection":[{"href":"http:\/\/blogdalucianaoliveira.com.br\/blog\/wp-json\/wp\/v2\/posts"}],"about":[{"href":"http:\/\/blogdalucianaoliveira.com.br\/blog\/wp-json\/wp\/v2\/types\/post"}],"author":[{"embeddable":true,"href":"http:\/\/blogdalucianaoliveira.com.br\/blog\/wp-json\/wp\/v2\/users\/1"}],"replies":[{"embeddable":true,"href":"http:\/\/blogdalucianaoliveira.com.br\/blog\/wp-json\/wp\/v2\/comments?post=9584"}],"version-history":[{"count":2,"href":"http:\/\/blogdalucianaoliveira.com.br\/blog\/wp-json\/wp\/v2\/posts\/9584\/revisions"}],"predecessor-version":[{"id":9588,"href":"http:\/\/blogdalucianaoliveira.com.br\/blog\/wp-json\/wp\/v2\/posts\/9584\/revisions\/9588"}],"wp:attachment":[{"href":"http:\/\/blogdalucianaoliveira.com.br\/blog\/wp-json\/wp\/v2\/media?parent=9584"}],"wp:term":[{"taxonomy":"category","embeddable":true,"href":"http:\/\/blogdalucianaoliveira.com.br\/blog\/wp-json\/wp\/v2\/categories?post=9584"},{"taxonomy":"post_tag","embeddable":true,"href":"http:\/\/blogdalucianaoliveira.com.br\/blog\/wp-json\/wp\/v2\/tags?post=9584"}],"curies":[{"name":"wp","href":"https:\/\/api.w.org\/{rel}","templated":true}]}}