{"id":9592,"date":"2017-03-31T11:37:01","date_gmt":"2017-03-31T15:37:01","guid":{"rendered":"http:\/\/blogdalucianaoliveira.com.br\/blog\/?p=9592"},"modified":"2017-03-31T11:51:22","modified_gmt":"2017-03-31T15:51:22","slug":"a-cinta-larga-e-a-maldicao-dos-diamantes","status":"publish","type":"post","link":"http:\/\/blogdalucianaoliveira.com.br\/blog\/2017\/03\/31\/a-cinta-larga-e-a-maldicao-dos-diamantes\/","title":{"rendered":"O Cinta Larga e a maldi\u00e7\u00e3o dos diamantes"},"content":{"rendered":"<p><img data-recalc-dims=\"1\" loading=\"lazy\" decoding=\"async\" data-attachment-id=\"9593\" data-permalink=\"http:\/\/blogdalucianaoliveira.com.br\/blog\/2017\/03\/31\/a-cinta-larga-e-a-maldicao-dos-diamantes\/cinta1\/\" data-orig-file=\"https:\/\/i0.wp.com\/blogdalucianaoliveira.com.br\/blog\/wp-content\/uploads\/2017\/03\/cinta1.jpg?fit=320%2C180\" data-orig-size=\"320,180\" data-comments-opened=\"0\" data-image-meta=\"{&quot;aperture&quot;:&quot;0&quot;,&quot;credit&quot;:&quot;&quot;,&quot;camera&quot;:&quot;&quot;,&quot;caption&quot;:&quot;&quot;,&quot;created_timestamp&quot;:&quot;0&quot;,&quot;copyright&quot;:&quot;&quot;,&quot;focal_length&quot;:&quot;0&quot;,&quot;iso&quot;:&quot;0&quot;,&quot;shutter_speed&quot;:&quot;0&quot;,&quot;title&quot;:&quot;&quot;,&quot;orientation&quot;:&quot;0&quot;}\" data-image-title=\"cinta1\" data-image-description=\"\" data-image-caption=\"\" data-medium-file=\"https:\/\/i0.wp.com\/blogdalucianaoliveira.com.br\/blog\/wp-content\/uploads\/2017\/03\/cinta1.jpg?fit=300%2C169\" data-large-file=\"https:\/\/i0.wp.com\/blogdalucianaoliveira.com.br\/blog\/wp-content\/uploads\/2017\/03\/cinta1.jpg?fit=320%2C180\" src=\"https:\/\/i0.wp.com\/blogdalucianaoliveira.com.br\/blog\/wp-content\/uploads\/2017\/03\/cinta1.jpg?resize=320%2C180\" alt=\"cinta1\" width=\"320\" height=\"180\" class=\"alignnone size-full wp-image-9593\" srcset=\"https:\/\/i0.wp.com\/blogdalucianaoliveira.com.br\/blog\/wp-content\/uploads\/2017\/03\/cinta1.jpg?w=320 320w, https:\/\/i0.wp.com\/blogdalucianaoliveira.com.br\/blog\/wp-content\/uploads\/2017\/03\/cinta1.jpg?resize=300%2C169 300w\" sizes=\"auto, (max-width: 320px) 100vw, 320px\" \/><\/p>\n<p>&#8220;Nossa terra \u00e9 o nosso esp\u00edrito&#8221;, diz um dos l\u00edderes espirituais e pol\u00edticos da Cinta Larga.<!--more--><\/p>\n<p>Na BBC NEWS<br \/>\nPor Fellipe Abreu e Luiz Felipe Silva<br \/>\nRoosevelt \u00c1rea Ind\u00edgena, Brasil<\/p>\n<p>&#8220;Um ind\u00edgena sem terra \u00e9 um ind\u00edgena sem alma&#8221;, diz sobre os desafios enfrentados por esse grupo ind\u00edgena no Brasil.<\/p>\n<p><img data-recalc-dims=\"1\" loading=\"lazy\" decoding=\"async\" data-attachment-id=\"9594\" data-permalink=\"http:\/\/blogdalucianaoliveira.com.br\/blog\/2017\/03\/31\/a-cinta-larga-e-a-maldicao-dos-diamantes\/cinta3\/\" data-orig-file=\"https:\/\/i0.wp.com\/blogdalucianaoliveira.com.br\/blog\/wp-content\/uploads\/2017\/03\/cinta3.jpg?fit=320%2C180\" data-orig-size=\"320,180\" data-comments-opened=\"0\" data-image-meta=\"{&quot;aperture&quot;:&quot;0&quot;,&quot;credit&quot;:&quot;&quot;,&quot;camera&quot;:&quot;&quot;,&quot;caption&quot;:&quot;&quot;,&quot;created_timestamp&quot;:&quot;0&quot;,&quot;copyright&quot;:&quot;&quot;,&quot;focal_length&quot;:&quot;0&quot;,&quot;iso&quot;:&quot;0&quot;,&quot;shutter_speed&quot;:&quot;0&quot;,&quot;title&quot;:&quot;&quot;,&quot;orientation&quot;:&quot;0&quot;}\" data-image-title=\"cinta3\" data-image-description=\"\" data-image-caption=\"\" data-medium-file=\"https:\/\/i0.wp.com\/blogdalucianaoliveira.com.br\/blog\/wp-content\/uploads\/2017\/03\/cinta3.jpg?fit=300%2C169\" data-large-file=\"https:\/\/i0.wp.com\/blogdalucianaoliveira.com.br\/blog\/wp-content\/uploads\/2017\/03\/cinta3.jpg?fit=320%2C180\" src=\"https:\/\/i0.wp.com\/blogdalucianaoliveira.com.br\/blog\/wp-content\/uploads\/2017\/03\/cinta3.jpg?resize=320%2C180\" alt=\"cinta3\" width=\"320\" height=\"180\" class=\"alignnone size-full wp-image-9594\" srcset=\"https:\/\/i0.wp.com\/blogdalucianaoliveira.com.br\/blog\/wp-content\/uploads\/2017\/03\/cinta3.jpg?w=320 320w, https:\/\/i0.wp.com\/blogdalucianaoliveira.com.br\/blog\/wp-content\/uploads\/2017\/03\/cinta3.jpg?resize=300%2C169 300w\" sizes=\"auto, (max-width: 320px) 100vw, 320px\" \/><\/p>\n<p>O grupo vive na \u00c1rea Ind\u00edgena Roosevelt entre os estados de Rond\u00f4nia e Mato Grosso.<\/p>\n<p><img data-recalc-dims=\"1\" loading=\"lazy\" decoding=\"async\" data-attachment-id=\"9595\" data-permalink=\"http:\/\/blogdalucianaoliveira.com.br\/blog\/2017\/03\/31\/a-cinta-larga-e-a-maldicao-dos-diamantes\/cinta4\/\" data-orig-file=\"https:\/\/i0.wp.com\/blogdalucianaoliveira.com.br\/blog\/wp-content\/uploads\/2017\/03\/cinta4.jpg?fit=320%2C180\" data-orig-size=\"320,180\" data-comments-opened=\"0\" data-image-meta=\"{&quot;aperture&quot;:&quot;0&quot;,&quot;credit&quot;:&quot;&quot;,&quot;camera&quot;:&quot;&quot;,&quot;caption&quot;:&quot;&quot;,&quot;created_timestamp&quot;:&quot;0&quot;,&quot;copyright&quot;:&quot;&quot;,&quot;focal_length&quot;:&quot;0&quot;,&quot;iso&quot;:&quot;0&quot;,&quot;shutter_speed&quot;:&quot;0&quot;,&quot;title&quot;:&quot;&quot;,&quot;orientation&quot;:&quot;0&quot;}\" data-image-title=\"cinta4\" data-image-description=\"\" data-image-caption=\"\" data-medium-file=\"https:\/\/i0.wp.com\/blogdalucianaoliveira.com.br\/blog\/wp-content\/uploads\/2017\/03\/cinta4.jpg?fit=300%2C169\" data-large-file=\"https:\/\/i0.wp.com\/blogdalucianaoliveira.com.br\/blog\/wp-content\/uploads\/2017\/03\/cinta4.jpg?fit=320%2C180\" src=\"https:\/\/i0.wp.com\/blogdalucianaoliveira.com.br\/blog\/wp-content\/uploads\/2017\/03\/cinta4.jpg?resize=320%2C180\" alt=\"cinta4\" width=\"320\" height=\"180\" class=\"alignnone size-full wp-image-9595\" srcset=\"https:\/\/i0.wp.com\/blogdalucianaoliveira.com.br\/blog\/wp-content\/uploads\/2017\/03\/cinta4.jpg?w=320 320w, https:\/\/i0.wp.com\/blogdalucianaoliveira.com.br\/blog\/wp-content\/uploads\/2017\/03\/cinta4.jpg?resize=300%2C169 300w\" sizes=\"auto, (max-width: 320px) 100vw, 320px\" \/><\/p>\n<p>A \u00e1rea cont\u00e9m o que poderia ser o dep\u00f3sito de diamantes mais abundante do mundo e s\u00e3o essas riquezas que s\u00e3o uma amea\u00e7a ao estilo de vida tradicional da Cinta Larga.<\/p>\n<p>De acordo com a legisla\u00e7\u00e3o brasileira, nenhuma explora\u00e7\u00e3o minera\u00e7\u00e3o deve ser realizada no territ\u00f3rio ind\u00edgena e, no entanto, a minera\u00e7\u00e3o ilegal de diamantes vem acontecendo aqui desde 1999.<br \/>\nUma \u00e1rea que mede 10 km por 2 km em tamanho e outra \u00e1rea adjacente chamada Grota do Sossego j\u00e1 foram desmatadas para minera\u00e7\u00e3o.<\/p>\n<p><img data-recalc-dims=\"1\" loading=\"lazy\" decoding=\"async\" data-attachment-id=\"9596\" data-permalink=\"http:\/\/blogdalucianaoliveira.com.br\/blog\/2017\/03\/31\/a-cinta-larga-e-a-maldicao-dos-diamantes\/cinta5\/\" data-orig-file=\"https:\/\/i0.wp.com\/blogdalucianaoliveira.com.br\/blog\/wp-content\/uploads\/2017\/03\/cinta5.jpg?fit=320%2C180\" data-orig-size=\"320,180\" data-comments-opened=\"0\" data-image-meta=\"{&quot;aperture&quot;:&quot;0&quot;,&quot;credit&quot;:&quot;&quot;,&quot;camera&quot;:&quot;&quot;,&quot;caption&quot;:&quot;&quot;,&quot;created_timestamp&quot;:&quot;0&quot;,&quot;copyright&quot;:&quot;&quot;,&quot;focal_length&quot;:&quot;0&quot;,&quot;iso&quot;:&quot;0&quot;,&quot;shutter_speed&quot;:&quot;0&quot;,&quot;title&quot;:&quot;&quot;,&quot;orientation&quot;:&quot;0&quot;}\" data-image-title=\"cinta5\" data-image-description=\"\" data-image-caption=\"\" data-medium-file=\"https:\/\/i0.wp.com\/blogdalucianaoliveira.com.br\/blog\/wp-content\/uploads\/2017\/03\/cinta5.jpg?fit=300%2C169\" data-large-file=\"https:\/\/i0.wp.com\/blogdalucianaoliveira.com.br\/blog\/wp-content\/uploads\/2017\/03\/cinta5.jpg?fit=320%2C180\" src=\"https:\/\/i0.wp.com\/blogdalucianaoliveira.com.br\/blog\/wp-content\/uploads\/2017\/03\/cinta5.jpg?resize=320%2C180\" alt=\"cinta5\" width=\"320\" height=\"180\" class=\"alignnone size-full wp-image-9596\" srcset=\"https:\/\/i0.wp.com\/blogdalucianaoliveira.com.br\/blog\/wp-content\/uploads\/2017\/03\/cinta5.jpg?w=320 320w, https:\/\/i0.wp.com\/blogdalucianaoliveira.com.br\/blog\/wp-content\/uploads\/2017\/03\/cinta5.jpg?resize=300%2C169 300w\" sizes=\"auto, (max-width: 320px) 100vw, 320px\" \/><\/p>\n<p>Ativistas de direitos ind\u00edgenas advertem que a extens\u00e3o do desmatamento pode ser muito maior e chegar a at\u00e9 1.000 hectares.<br \/>\nUma das minas artesanais da regi\u00e3o \u00e9 Lajes.<\/p>\n<p><img data-recalc-dims=\"1\" loading=\"lazy\" decoding=\"async\" data-attachment-id=\"9597\" data-permalink=\"http:\/\/blogdalucianaoliveira.com.br\/blog\/2017\/03\/31\/a-cinta-larga-e-a-maldicao-dos-diamantes\/cinta6\/\" data-orig-file=\"https:\/\/i0.wp.com\/blogdalucianaoliveira.com.br\/blog\/wp-content\/uploads\/2017\/03\/cinta6.jpg?fit=320%2C180\" data-orig-size=\"320,180\" data-comments-opened=\"0\" data-image-meta=\"{&quot;aperture&quot;:&quot;0&quot;,&quot;credit&quot;:&quot;&quot;,&quot;camera&quot;:&quot;&quot;,&quot;caption&quot;:&quot;&quot;,&quot;created_timestamp&quot;:&quot;0&quot;,&quot;copyright&quot;:&quot;&quot;,&quot;focal_length&quot;:&quot;0&quot;,&quot;iso&quot;:&quot;0&quot;,&quot;shutter_speed&quot;:&quot;0&quot;,&quot;title&quot;:&quot;&quot;,&quot;orientation&quot;:&quot;0&quot;}\" data-image-title=\"cinta6\" data-image-description=\"\" data-image-caption=\"\" data-medium-file=\"https:\/\/i0.wp.com\/blogdalucianaoliveira.com.br\/blog\/wp-content\/uploads\/2017\/03\/cinta6.jpg?fit=300%2C169\" data-large-file=\"https:\/\/i0.wp.com\/blogdalucianaoliveira.com.br\/blog\/wp-content\/uploads\/2017\/03\/cinta6.jpg?fit=320%2C180\" src=\"https:\/\/i0.wp.com\/blogdalucianaoliveira.com.br\/blog\/wp-content\/uploads\/2017\/03\/cinta6.jpg?resize=320%2C180\" alt=\"cinta6\" width=\"320\" height=\"180\" class=\"alignnone size-full wp-image-9597\" srcset=\"https:\/\/i0.wp.com\/blogdalucianaoliveira.com.br\/blog\/wp-content\/uploads\/2017\/03\/cinta6.jpg?w=320 320w, https:\/\/i0.wp.com\/blogdalucianaoliveira.com.br\/blog\/wp-content\/uploads\/2017\/03\/cinta6.jpg?resize=300%2C169 300w\" sizes=\"auto, (max-width: 320px) 100vw, 320px\" \/><\/p>\n<p>A estimativa \u00e9 de que 100 milh\u00f5es de reais (US $ 31,4 milh\u00f5es) de diamantes est\u00e1 sendo extra\u00eddo a partir dali anualmente &#8211; todo ele extra\u00eddo ilegalmente. Ge\u00f3logos do Servi\u00e7o Geol\u00f3gico do Brasil calculam que tem o potencial de produzir mais de seis vezes esse valor.<br \/>\nEles acham que a mina poderia render um milh\u00e3o de quilates de diamantes por ano, valendo mais de US $ 200 milh\u00f5es.<\/p>\n<p><img data-recalc-dims=\"1\" loading=\"lazy\" decoding=\"async\" data-attachment-id=\"9598\" data-permalink=\"http:\/\/blogdalucianaoliveira.com.br\/blog\/2017\/03\/31\/a-cinta-larga-e-a-maldicao-dos-diamantes\/cinta7\/\" data-orig-file=\"https:\/\/i0.wp.com\/blogdalucianaoliveira.com.br\/blog\/wp-content\/uploads\/2017\/03\/cinta7.jpg?fit=320%2C180\" data-orig-size=\"320,180\" data-comments-opened=\"0\" data-image-meta=\"{&quot;aperture&quot;:&quot;0&quot;,&quot;credit&quot;:&quot;&quot;,&quot;camera&quot;:&quot;&quot;,&quot;caption&quot;:&quot;&quot;,&quot;created_timestamp&quot;:&quot;0&quot;,&quot;copyright&quot;:&quot;&quot;,&quot;focal_length&quot;:&quot;0&quot;,&quot;iso&quot;:&quot;0&quot;,&quot;shutter_speed&quot;:&quot;0&quot;,&quot;title&quot;:&quot;&quot;,&quot;orientation&quot;:&quot;0&quot;}\" data-image-title=\"cinta7\" data-image-description=\"\" data-image-caption=\"\" data-medium-file=\"https:\/\/i0.wp.com\/blogdalucianaoliveira.com.br\/blog\/wp-content\/uploads\/2017\/03\/cinta7.jpg?fit=300%2C169\" data-large-file=\"https:\/\/i0.wp.com\/blogdalucianaoliveira.com.br\/blog\/wp-content\/uploads\/2017\/03\/cinta7.jpg?fit=320%2C180\" src=\"https:\/\/i0.wp.com\/blogdalucianaoliveira.com.br\/blog\/wp-content\/uploads\/2017\/03\/cinta7.jpg?resize=320%2C180\" alt=\"cinta7\" width=\"320\" height=\"180\" class=\"alignnone size-full wp-image-9598\" srcset=\"https:\/\/i0.wp.com\/blogdalucianaoliveira.com.br\/blog\/wp-content\/uploads\/2017\/03\/cinta7.jpg?w=320 320w, https:\/\/i0.wp.com\/blogdalucianaoliveira.com.br\/blog\/wp-content\/uploads\/2017\/03\/cinta7.jpg?resize=300%2C169 300w\" sizes=\"auto, (max-width: 320px) 100vw, 320px\" \/><\/p>\n<p>E Lajes n\u00e3o \u00e9 o \u00fanico local com riquezas potenciais. Um relat\u00f3rio da empresa de minera\u00e7\u00e3o sugere que a \u00e1rea poderia ter at\u00e9 14 locais de kimberlite, as rochas conhecidas por vezes conter diamantes.<br \/>\nSe as estimativas fossem confirmadas, tornaria a Reserva Ind\u00edgena Roosevelt o maior dep\u00f3sito de diamantes do mundo.<\/p>\n<p><img data-recalc-dims=\"1\" loading=\"lazy\" decoding=\"async\" data-attachment-id=\"9599\" data-permalink=\"http:\/\/blogdalucianaoliveira.com.br\/blog\/2017\/03\/31\/a-cinta-larga-e-a-maldicao-dos-diamantes\/cinta8\/\" data-orig-file=\"https:\/\/i0.wp.com\/blogdalucianaoliveira.com.br\/blog\/wp-content\/uploads\/2017\/03\/cinta8.jpg?fit=320%2C180\" data-orig-size=\"320,180\" data-comments-opened=\"0\" data-image-meta=\"{&quot;aperture&quot;:&quot;0&quot;,&quot;credit&quot;:&quot;&quot;,&quot;camera&quot;:&quot;&quot;,&quot;caption&quot;:&quot;&quot;,&quot;created_timestamp&quot;:&quot;0&quot;,&quot;copyright&quot;:&quot;&quot;,&quot;focal_length&quot;:&quot;0&quot;,&quot;iso&quot;:&quot;0&quot;,&quot;shutter_speed&quot;:&quot;0&quot;,&quot;title&quot;:&quot;&quot;,&quot;orientation&quot;:&quot;0&quot;}\" data-image-title=\"cinta8\" data-image-description=\"\" data-image-caption=\"\" data-medium-file=\"https:\/\/i0.wp.com\/blogdalucianaoliveira.com.br\/blog\/wp-content\/uploads\/2017\/03\/cinta8.jpg?fit=300%2C169\" data-large-file=\"https:\/\/i0.wp.com\/blogdalucianaoliveira.com.br\/blog\/wp-content\/uploads\/2017\/03\/cinta8.jpg?fit=320%2C180\" src=\"https:\/\/i0.wp.com\/blogdalucianaoliveira.com.br\/blog\/wp-content\/uploads\/2017\/03\/cinta8.jpg?resize=320%2C180\" alt=\"cinta8\" width=\"320\" height=\"180\" class=\"alignnone size-full wp-image-9599\" srcset=\"https:\/\/i0.wp.com\/blogdalucianaoliveira.com.br\/blog\/wp-content\/uploads\/2017\/03\/cinta8.jpg?w=320 320w, https:\/\/i0.wp.com\/blogdalucianaoliveira.com.br\/blog\/wp-content\/uploads\/2017\/03\/cinta8.jpg?resize=300%2C169 300w\" sizes=\"auto, (max-width: 320px) 100vw, 320px\" \/><\/p>\n<p>Os Cinta Larga dizem que se fosse por eles, n\u00e3o haveria minera\u00e7\u00e3o ilegal em suas terras.<br \/>\n&#8220;O problema \u00e9 que o governo n\u00e3o nos ajuda de nenhuma forma e estamos em extrema necessidade de um monte de coisas&#8221;, um l\u00edder que preferiu n\u00e3o dar o seu nome explica.<br \/>\n&#8220;N\u00f3s n\u00e3o temos nenhuma medica\u00e7\u00e3o ou transporte e n\u00e3o h\u00e1 oportunidades para n\u00f3s aqui.&#8221;<\/p>\n<p><img data-recalc-dims=\"1\" loading=\"lazy\" decoding=\"async\" data-attachment-id=\"9600\" data-permalink=\"http:\/\/blogdalucianaoliveira.com.br\/blog\/2017\/03\/31\/a-cinta-larga-e-a-maldicao-dos-diamantes\/cinta9\/\" data-orig-file=\"https:\/\/i0.wp.com\/blogdalucianaoliveira.com.br\/blog\/wp-content\/uploads\/2017\/03\/cinta9.jpg?fit=320%2C180\" data-orig-size=\"320,180\" data-comments-opened=\"0\" data-image-meta=\"{&quot;aperture&quot;:&quot;0&quot;,&quot;credit&quot;:&quot;&quot;,&quot;camera&quot;:&quot;&quot;,&quot;caption&quot;:&quot;&quot;,&quot;created_timestamp&quot;:&quot;0&quot;,&quot;copyright&quot;:&quot;&quot;,&quot;focal_length&quot;:&quot;0&quot;,&quot;iso&quot;:&quot;0&quot;,&quot;shutter_speed&quot;:&quot;0&quot;,&quot;title&quot;:&quot;&quot;,&quot;orientation&quot;:&quot;0&quot;}\" data-image-title=\"cinta9\" data-image-description=\"\" data-image-caption=\"\" data-medium-file=\"https:\/\/i0.wp.com\/blogdalucianaoliveira.com.br\/blog\/wp-content\/uploads\/2017\/03\/cinta9.jpg?fit=300%2C169\" data-large-file=\"https:\/\/i0.wp.com\/blogdalucianaoliveira.com.br\/blog\/wp-content\/uploads\/2017\/03\/cinta9.jpg?fit=320%2C180\" src=\"https:\/\/i0.wp.com\/blogdalucianaoliveira.com.br\/blog\/wp-content\/uploads\/2017\/03\/cinta9.jpg?resize=320%2C180\" alt=\"cinta9\" width=\"320\" height=\"180\" class=\"alignnone size-full wp-image-9600\" srcset=\"https:\/\/i0.wp.com\/blogdalucianaoliveira.com.br\/blog\/wp-content\/uploads\/2017\/03\/cinta9.jpg?w=320 320w, https:\/\/i0.wp.com\/blogdalucianaoliveira.com.br\/blog\/wp-content\/uploads\/2017\/03\/cinta9.jpg?resize=300%2C169 300w\" sizes=\"auto, (max-width: 320px) 100vw, 320px\" \/><\/p>\n<p>Os envolvidos na minera\u00e7\u00e3o ilegal trouxeram alguns servi\u00e7os \u00e0 comunidade ind\u00edgena para tentar comprar a confian\u00e7a dos Cinta Larga e convenc\u00ea-los a permitir que a minera\u00e7\u00e3o avance na terra dos Cinta Larga, acrescenta.<br \/>\nAs riquezas da terra em que vivem os Cinta Larga historicamente lhes trouxeram infort\u00fanio. Antes dos diamantes serem descobertos, os garimpeiros de borracha mataram muitos deles por suas terras.<\/p>\n<p><img data-recalc-dims=\"1\" loading=\"lazy\" decoding=\"async\" data-attachment-id=\"9601\" data-permalink=\"http:\/\/blogdalucianaoliveira.com.br\/blog\/2017\/03\/31\/a-cinta-larga-e-a-maldicao-dos-diamantes\/cinta10\/\" data-orig-file=\"https:\/\/i0.wp.com\/blogdalucianaoliveira.com.br\/blog\/wp-content\/uploads\/2017\/03\/cinta10.jpg?fit=320%2C180\" data-orig-size=\"320,180\" data-comments-opened=\"0\" data-image-meta=\"{&quot;aperture&quot;:&quot;0&quot;,&quot;credit&quot;:&quot;&quot;,&quot;camera&quot;:&quot;&quot;,&quot;caption&quot;:&quot;&quot;,&quot;created_timestamp&quot;:&quot;0&quot;,&quot;copyright&quot;:&quot;&quot;,&quot;focal_length&quot;:&quot;0&quot;,&quot;iso&quot;:&quot;0&quot;,&quot;shutter_speed&quot;:&quot;0&quot;,&quot;title&quot;:&quot;&quot;,&quot;orientation&quot;:&quot;0&quot;}\" data-image-title=\"cinta10\" data-image-description=\"\" data-image-caption=\"\" data-medium-file=\"https:\/\/i0.wp.com\/blogdalucianaoliveira.com.br\/blog\/wp-content\/uploads\/2017\/03\/cinta10.jpg?fit=300%2C169\" data-large-file=\"https:\/\/i0.wp.com\/blogdalucianaoliveira.com.br\/blog\/wp-content\/uploads\/2017\/03\/cinta10.jpg?fit=320%2C180\" src=\"https:\/\/i0.wp.com\/blogdalucianaoliveira.com.br\/blog\/wp-content\/uploads\/2017\/03\/cinta10.jpg?resize=320%2C180\" alt=\"cinta10\" width=\"320\" height=\"180\" class=\"alignnone size-full wp-image-9601\" srcset=\"https:\/\/i0.wp.com\/blogdalucianaoliveira.com.br\/blog\/wp-content\/uploads\/2017\/03\/cinta10.jpg?w=320 320w, https:\/\/i0.wp.com\/blogdalucianaoliveira.com.br\/blog\/wp-content\/uploads\/2017\/03\/cinta10.jpg?resize=300%2C169 300w\" sizes=\"auto, (max-width: 320px) 100vw, 320px\" \/><\/p>\n<p>No incidente mais infame, em 1963, a dinamite foi lan\u00e7ada de um pequeno avi\u00e3o para uma aldeia de Cinta Larga, sob as ordens de um propriet\u00e1rio de uma planta\u00e7\u00e3o de borracha. A vila foi varrida para fora no que se tornou sabido como o massacre do 11o paralelo.<br \/>\nReginaldo Trindade, que oficialmente defende os interesses da Cinta Larga em nome da Procuradoria Geral da Rep\u00fablica, afirma que &#8220;o risco de um novo genoc\u00eddio \u00e9 o mais alto desde ent\u00e3o&#8221; por causa do atual conflito entre a Cinta Larga e os garimpeiros ilegais.<br \/>\nO grupo ind\u00edgena, que j\u00e1 chegou a mais de 5.000, havia diminu\u00eddo para apenas 1.758 no \u00faltimo censo de 2012.<\/p>\n<p><img data-recalc-dims=\"1\" loading=\"lazy\" decoding=\"async\" data-attachment-id=\"9602\" data-permalink=\"http:\/\/blogdalucianaoliveira.com.br\/blog\/2017\/03\/31\/a-cinta-larga-e-a-maldicao-dos-diamantes\/cinta11\/\" data-orig-file=\"https:\/\/i0.wp.com\/blogdalucianaoliveira.com.br\/blog\/wp-content\/uploads\/2017\/03\/cinta11.jpg?fit=320%2C180\" data-orig-size=\"320,180\" data-comments-opened=\"0\" data-image-meta=\"{&quot;aperture&quot;:&quot;0&quot;,&quot;credit&quot;:&quot;&quot;,&quot;camera&quot;:&quot;&quot;,&quot;caption&quot;:&quot;&quot;,&quot;created_timestamp&quot;:&quot;0&quot;,&quot;copyright&quot;:&quot;&quot;,&quot;focal_length&quot;:&quot;0&quot;,&quot;iso&quot;:&quot;0&quot;,&quot;shutter_speed&quot;:&quot;0&quot;,&quot;title&quot;:&quot;&quot;,&quot;orientation&quot;:&quot;0&quot;}\" data-image-title=\"cinta11\" data-image-description=\"\" data-image-caption=\"\" data-medium-file=\"https:\/\/i0.wp.com\/blogdalucianaoliveira.com.br\/blog\/wp-content\/uploads\/2017\/03\/cinta11.jpg?fit=300%2C169\" data-large-file=\"https:\/\/i0.wp.com\/blogdalucianaoliveira.com.br\/blog\/wp-content\/uploads\/2017\/03\/cinta11.jpg?fit=320%2C180\" src=\"https:\/\/i0.wp.com\/blogdalucianaoliveira.com.br\/blog\/wp-content\/uploads\/2017\/03\/cinta11.jpg?resize=320%2C180\" alt=\"cinta11\" width=\"320\" height=\"180\" class=\"alignnone size-full wp-image-9602\" srcset=\"https:\/\/i0.wp.com\/blogdalucianaoliveira.com.br\/blog\/wp-content\/uploads\/2017\/03\/cinta11.jpg?w=320 320w, https:\/\/i0.wp.com\/blogdalucianaoliveira.com.br\/blog\/wp-content\/uploads\/2017\/03\/cinta11.jpg?resize=300%2C169 300w\" sizes=\"auto, (max-width: 320px) 100vw, 320px\" \/><\/p>\n<p>Os Cinta Larga dizem que t\u00eam de recorrer \u00e0 minera\u00e7\u00e3o de diamantes e ao tr\u00e1fico para sobreviver. O grupo recebe alguma ajuda do Estado brasileiro, mas eles dizem que n\u00e3o \u00e9 suficiente. Em 2014, a Cinta Larga recebeu pouco menos de 105.000 reais (US $ 33.000, 27.000), o que equivale a cerca de 58 reais por pessoa.<\/p>\n<p><img data-recalc-dims=\"1\" loading=\"lazy\" decoding=\"async\" data-attachment-id=\"9603\" data-permalink=\"http:\/\/blogdalucianaoliveira.com.br\/blog\/2017\/03\/31\/a-cinta-larga-e-a-maldicao-dos-diamantes\/cinta12\/\" data-orig-file=\"https:\/\/i0.wp.com\/blogdalucianaoliveira.com.br\/blog\/wp-content\/uploads\/2017\/03\/cinta12.jpg?fit=320%2C180\" data-orig-size=\"320,180\" data-comments-opened=\"0\" data-image-meta=\"{&quot;aperture&quot;:&quot;0&quot;,&quot;credit&quot;:&quot;&quot;,&quot;camera&quot;:&quot;&quot;,&quot;caption&quot;:&quot;&quot;,&quot;created_timestamp&quot;:&quot;0&quot;,&quot;copyright&quot;:&quot;&quot;,&quot;focal_length&quot;:&quot;0&quot;,&quot;iso&quot;:&quot;0&quot;,&quot;shutter_speed&quot;:&quot;0&quot;,&quot;title&quot;:&quot;&quot;,&quot;orientation&quot;:&quot;0&quot;}\" data-image-title=\"cinta12\" data-image-description=\"\" data-image-caption=\"\" data-medium-file=\"https:\/\/i0.wp.com\/blogdalucianaoliveira.com.br\/blog\/wp-content\/uploads\/2017\/03\/cinta12.jpg?fit=300%2C169\" data-large-file=\"https:\/\/i0.wp.com\/blogdalucianaoliveira.com.br\/blog\/wp-content\/uploads\/2017\/03\/cinta12.jpg?fit=320%2C180\" src=\"https:\/\/i0.wp.com\/blogdalucianaoliveira.com.br\/blog\/wp-content\/uploads\/2017\/03\/cinta12.jpg?resize=320%2C180\" alt=\"cinta12\" width=\"320\" height=\"180\" class=\"alignnone size-full wp-image-9603\" srcset=\"https:\/\/i0.wp.com\/blogdalucianaoliveira.com.br\/blog\/wp-content\/uploads\/2017\/03\/cinta12.jpg?w=320 320w, https:\/\/i0.wp.com\/blogdalucianaoliveira.com.br\/blog\/wp-content\/uploads\/2017\/03\/cinta12.jpg?resize=300%2C169 300w\" sizes=\"auto, (max-width: 320px) 100vw, 320px\" \/><\/p>\n<p>Mas a mina de diamantes tem atra\u00eddo estranhos para a \u00e1rea e com eles vieram outros perigos. Bruno Lima e Silva, ex-coordenador regional da ag\u00eancia ind\u00edgena Funai, diz que os Cinta Larga &#8220;s\u00e3o os mais afetados pela entrada de drogas, \u00e1lcool, prostitui\u00e7\u00e3o e viol\u00eancia&#8221; que a minera\u00e7\u00e3o de diamantes trouxe consigo.<br \/>\nComo os diamantes extra\u00eddos em Roosevelt s\u00e3o extra\u00eddos ilegalmente, obt\u00ea-los fora da \u00e1rea ainda atrai contrabandistas.<br \/>\nOs Cinta Larga dizem que a \u00fanica solu\u00e7\u00e3o que podem ver \u00e9 que a proibi\u00e7\u00e3o de minera\u00e7\u00e3o em Roosevelt seja levantada, ent\u00e3o as pedras podem ser extra\u00eddas legalmente.<\/p>\n<p><img data-recalc-dims=\"1\" loading=\"lazy\" decoding=\"async\" data-attachment-id=\"9604\" data-permalink=\"http:\/\/blogdalucianaoliveira.com.br\/blog\/2017\/03\/31\/a-cinta-larga-e-a-maldicao-dos-diamantes\/cinta13\/\" data-orig-file=\"https:\/\/i0.wp.com\/blogdalucianaoliveira.com.br\/blog\/wp-content\/uploads\/2017\/03\/cinta13.jpg?fit=320%2C180\" data-orig-size=\"320,180\" data-comments-opened=\"0\" data-image-meta=\"{&quot;aperture&quot;:&quot;0&quot;,&quot;credit&quot;:&quot;&quot;,&quot;camera&quot;:&quot;&quot;,&quot;caption&quot;:&quot;&quot;,&quot;created_timestamp&quot;:&quot;0&quot;,&quot;copyright&quot;:&quot;&quot;,&quot;focal_length&quot;:&quot;0&quot;,&quot;iso&quot;:&quot;0&quot;,&quot;shutter_speed&quot;:&quot;0&quot;,&quot;title&quot;:&quot;&quot;,&quot;orientation&quot;:&quot;0&quot;}\" data-image-title=\"cinta13\" data-image-description=\"\" data-image-caption=\"\" data-medium-file=\"https:\/\/i0.wp.com\/blogdalucianaoliveira.com.br\/blog\/wp-content\/uploads\/2017\/03\/cinta13.jpg?fit=300%2C169\" data-large-file=\"https:\/\/i0.wp.com\/blogdalucianaoliveira.com.br\/blog\/wp-content\/uploads\/2017\/03\/cinta13.jpg?fit=320%2C180\" src=\"https:\/\/i0.wp.com\/blogdalucianaoliveira.com.br\/blog\/wp-content\/uploads\/2017\/03\/cinta13.jpg?resize=320%2C180\" alt=\"cinta13\" width=\"320\" height=\"180\" class=\"alignnone size-full wp-image-9604\" srcset=\"https:\/\/i0.wp.com\/blogdalucianaoliveira.com.br\/blog\/wp-content\/uploads\/2017\/03\/cinta13.jpg?w=320 320w, https:\/\/i0.wp.com\/blogdalucianaoliveira.com.br\/blog\/wp-content\/uploads\/2017\/03\/cinta13.jpg?resize=300%2C169 300w\" sizes=\"auto, (max-width: 320px) 100vw, 320px\" \/><\/p>\n<p>Dessa forma, eles poderiam explorar as riquezas abaixo de suas terras sem entrar em conflito com as autoridades e sem atrair os elementos criminosos atualmente envolvidos no contrabando de diamantes.<br \/>\n&#8220;Queremos que a mina seja legalizada&#8221;, diz o chefe Marcelo Cinta Larga.<\/p>\n<p>Texto de Luiz Felipe Silva, fotografias de Fellipe Abreu.<\/p>\n","protected":false},"excerpt":{"rendered":"<p>&#8220;Nossa terra \u00e9 o nosso esp\u00edrito&#8221;, diz um dos l\u00edderes espirituais e pol\u00edticos da Cinta Larga.<\/p>\n","protected":false},"author":1,"featured_media":9602,"comment_status":"closed","ping_status":"open","sticky":false,"template":"","format":"standard","meta":{"_exactmetrics_skip_tracking":false,"_exactmetrics_sitenote_active":false,"_exactmetrics_sitenote_note":"","_exactmetrics_sitenote_category":0,"jetpack_post_was_ever_published":false,"_jetpack_newsletter_access":"","_jetpack_dont_email_post_to_subs":false,"_jetpack_newsletter_tier_id":0,"_jetpack_memberships_contains_paywalled_content":false,"_jetpack_memberships_contains_paid_content":false,"footnotes":"","jetpack_publicize_message":"","jetpack_publicize_feature_enabled":true,"jetpack_social_post_already_shared":true,"jetpack_social_options":{"image_generator_settings":{"template":"highway","enabled":false},"version":2}},"categories":[1],"tags":[],"class_list":["post-9592","post","type-post","status-publish","format-standard","has-post-thumbnail","hentry","category-notas"],"jetpack_publicize_connections":[],"jetpack_sharing_enabled":true,"jetpack_featured_media_url":"https:\/\/i0.wp.com\/blogdalucianaoliveira.com.br\/blog\/wp-content\/uploads\/2017\/03\/cinta11.jpg?fit=320%2C180","jetpack_shortlink":"https:\/\/wp.me\/p7wKYW-2uI","jetpack-related-posts":[],"_links":{"self":[{"href":"http:\/\/blogdalucianaoliveira.com.br\/blog\/wp-json\/wp\/v2\/posts\/9592","targetHints":{"allow":["GET"]}}],"collection":[{"href":"http:\/\/blogdalucianaoliveira.com.br\/blog\/wp-json\/wp\/v2\/posts"}],"about":[{"href":"http:\/\/blogdalucianaoliveira.com.br\/blog\/wp-json\/wp\/v2\/types\/post"}],"author":[{"embeddable":true,"href":"http:\/\/blogdalucianaoliveira.com.br\/blog\/wp-json\/wp\/v2\/users\/1"}],"replies":[{"embeddable":true,"href":"http:\/\/blogdalucianaoliveira.com.br\/blog\/wp-json\/wp\/v2\/comments?post=9592"}],"version-history":[{"count":4,"href":"http:\/\/blogdalucianaoliveira.com.br\/blog\/wp-json\/wp\/v2\/posts\/9592\/revisions"}],"predecessor-version":[{"id":9608,"href":"http:\/\/blogdalucianaoliveira.com.br\/blog\/wp-json\/wp\/v2\/posts\/9592\/revisions\/9608"}],"wp:featuredmedia":[{"embeddable":true,"href":"http:\/\/blogdalucianaoliveira.com.br\/blog\/wp-json\/wp\/v2\/media\/9602"}],"wp:attachment":[{"href":"http:\/\/blogdalucianaoliveira.com.br\/blog\/wp-json\/wp\/v2\/media?parent=9592"}],"wp:term":[{"taxonomy":"category","embeddable":true,"href":"http:\/\/blogdalucianaoliveira.com.br\/blog\/wp-json\/wp\/v2\/categories?post=9592"},{"taxonomy":"post_tag","embeddable":true,"href":"http:\/\/blogdalucianaoliveira.com.br\/blog\/wp-json\/wp\/v2\/tags?post=9592"}],"curies":[{"name":"wp","href":"https:\/\/api.w.org\/{rel}","templated":true}]}}