{"id":9609,"date":"2017-03-31T11:57:20","date_gmt":"2017-03-31T15:57:20","guid":{"rendered":"http:\/\/blogdalucianaoliveira.com.br\/blog\/?p=9609"},"modified":"2017-03-31T11:57:20","modified_gmt":"2017-03-31T15:57:20","slug":"psdb-faz-cara-de-paisagem-para-condenacao-de-cunha","status":"publish","type":"post","link":"http:\/\/blogdalucianaoliveira.com.br\/blog\/2017\/03\/31\/psdb-faz-cara-de-paisagem-para-condenacao-de-cunha\/","title":{"rendered":"PSDB FAZ CARA DE PAISAGEM PARA CONDENA\u00c7\u00c3O DE CUNHA"},"content":{"rendered":"<p><img data-recalc-dims=\"1\" loading=\"lazy\" decoding=\"async\" data-attachment-id=\"9610\" data-permalink=\"http:\/\/blogdalucianaoliveira.com.br\/blog\/2017\/03\/31\/psdb-faz-cara-de-paisagem-para-condenacao-de-cunha\/psdb-2\/\" data-orig-file=\"https:\/\/i0.wp.com\/blogdalucianaoliveira.com.br\/blog\/wp-content\/uploads\/2017\/03\/psdb.jpg?fit=1000%2C357\" data-orig-size=\"1000,357\" data-comments-opened=\"0\" data-image-meta=\"{&quot;aperture&quot;:&quot;0&quot;,&quot;credit&quot;:&quot;&quot;,&quot;camera&quot;:&quot;&quot;,&quot;caption&quot;:&quot;&quot;,&quot;created_timestamp&quot;:&quot;0&quot;,&quot;copyright&quot;:&quot;&quot;,&quot;focal_length&quot;:&quot;0&quot;,&quot;iso&quot;:&quot;0&quot;,&quot;shutter_speed&quot;:&quot;0&quot;,&quot;title&quot;:&quot;&quot;,&quot;orientation&quot;:&quot;0&quot;}\" data-image-title=\"psdb\" data-image-description=\"\" data-image-caption=\"\" data-medium-file=\"https:\/\/i0.wp.com\/blogdalucianaoliveira.com.br\/blog\/wp-content\/uploads\/2017\/03\/psdb.jpg?fit=300%2C107\" data-large-file=\"https:\/\/i0.wp.com\/blogdalucianaoliveira.com.br\/blog\/wp-content\/uploads\/2017\/03\/psdb.jpg?fit=600%2C214\" src=\"https:\/\/i0.wp.com\/blogdalucianaoliveira.com.br\/blog\/wp-content\/uploads\/2017\/03\/psdb.jpg?resize=600%2C214\" alt=\"psdb\" width=\"600\" height=\"214\" class=\"alignnone size-full wp-image-9610\" srcset=\"https:\/\/i0.wp.com\/blogdalucianaoliveira.com.br\/blog\/wp-content\/uploads\/2017\/03\/psdb.jpg?w=1000 1000w, https:\/\/i0.wp.com\/blogdalucianaoliveira.com.br\/blog\/wp-content\/uploads\/2017\/03\/psdb.jpg?resize=300%2C107 300w, https:\/\/i0.wp.com\/blogdalucianaoliveira.com.br\/blog\/wp-content\/uploads\/2017\/03\/psdb.jpg?resize=768%2C274 768w, https:\/\/i0.wp.com\/blogdalucianaoliveira.com.br\/blog\/wp-content\/uploads\/2017\/03\/psdb.jpg?resize=800%2C286 800w\" sizes=\"auto, (max-width: 600px) 100vw, 600px\" \/><\/p>\n<p>247 &#8211; Principal assunto desta quinta-feira, 30, a condena\u00e7\u00e3o do ex-presidente da C\u00e2mara Eduardo Cunha (PMDB) a 15 anos e 4 meses de pris\u00e3o pelo juiz S\u00e9rgio Moro no \u00e2mbito da Lava Jato passou despercebida pelos l\u00edderes do PSDB.<!--more--><\/p>\n<p>O partido presidido pelo senador A\u00e9cio Neves foi s\u00f3cio majorit\u00e1rio de Eduardo Cunha na articula\u00e7\u00e3o e deflagra\u00e7\u00e3o do golpe parlamentar que retirou do poder a presidente eleita Dilma Rousseff. No entanto, nenhum l\u00edder tucano da C\u00e2mara nem do Senado ousou se pronunciar sobre a primeira condena\u00e7\u00e3o de Cunha na Lava Jato, por corrup\u00e7\u00e3o, lavagem de dinheiro e evas\u00e3o de divisas de propina recebida compra do campo petrol\u00edfero de Benin, pela Petrobras.<\/p>\n<p>No dia 21 de outubro de 2015, num evento que reuniu o principais l\u00edderes da ent\u00e3o oposi\u00e7\u00e3o ao governo, o PSDB, liderado pelo deputado Carlos Sampaio (SP) entregou a Cunha o pedido de impeachment de Dilma, assinado pelos juristas Helio Bicudo, Miguel Reale J\u00fanior e Jana\u00edna Paschoal. A acusa\u00e7\u00e3o era de crime de responsabilidade pelas chamadas &#8220;pedaladas fiscais&#8221;, cuja tipifica\u00e7\u00e3o nunca foi provada. Naquele momento, o PSDB era o protagonista do sentimento &#8220;somos todos Cunha&#8221;.<\/p>\n<p>Ontem, depois que o peemedebista cumpriu o papel de incendi\u00e1rio da democracia brasileira e foi relegado a uma cela do Complexo Penal de Pinhais, o PSDB finge que n\u00e3o o conhece. <\/p>\n","protected":false},"excerpt":{"rendered":"<p>247 &#8211; Principal assunto desta quinta-feira, 30, a condena\u00e7\u00e3o do ex-presidente da C\u00e2mara Eduardo Cunha (PMDB) a 15 anos e 4 meses de pris\u00e3o pelo juiz S\u00e9rgio Moro no \u00e2mbito da Lava Jato passou despercebida pelos l\u00edderes do PSDB.<\/p>\n","protected":false},"author":1,"featured_media":0,"comment_status":"closed","ping_status":"open","sticky":false,"template":"","format":"standard","meta":{"_exactmetrics_skip_tracking":false,"_exactmetrics_sitenote_active":false,"_exactmetrics_sitenote_note":"","_exactmetrics_sitenote_category":0,"jetpack_post_was_ever_published":false,"_jetpack_newsletter_access":"","_jetpack_dont_email_post_to_subs":false,"_jetpack_newsletter_tier_id":0,"_jetpack_memberships_contains_paywalled_content":false,"_jetpack_memberships_contains_paid_content":false,"footnotes":"","jetpack_publicize_message":"","jetpack_publicize_feature_enabled":true,"jetpack_social_post_already_shared":true,"jetpack_social_options":{"image_generator_settings":{"template":"highway","enabled":false},"version":2}},"categories":[1],"tags":[],"class_list":["post-9609","post","type-post","status-publish","format-standard","hentry","category-notas"],"jetpack_publicize_connections":[],"jetpack_sharing_enabled":true,"jetpack_featured_media_url":"","jetpack_shortlink":"https:\/\/wp.me\/p7wKYW-2uZ","jetpack-related-posts":[],"_links":{"self":[{"href":"http:\/\/blogdalucianaoliveira.com.br\/blog\/wp-json\/wp\/v2\/posts\/9609","targetHints":{"allow":["GET"]}}],"collection":[{"href":"http:\/\/blogdalucianaoliveira.com.br\/blog\/wp-json\/wp\/v2\/posts"}],"about":[{"href":"http:\/\/blogdalucianaoliveira.com.br\/blog\/wp-json\/wp\/v2\/types\/post"}],"author":[{"embeddable":true,"href":"http:\/\/blogdalucianaoliveira.com.br\/blog\/wp-json\/wp\/v2\/users\/1"}],"replies":[{"embeddable":true,"href":"http:\/\/blogdalucianaoliveira.com.br\/blog\/wp-json\/wp\/v2\/comments?post=9609"}],"version-history":[{"count":1,"href":"http:\/\/blogdalucianaoliveira.com.br\/blog\/wp-json\/wp\/v2\/posts\/9609\/revisions"}],"predecessor-version":[{"id":9611,"href":"http:\/\/blogdalucianaoliveira.com.br\/blog\/wp-json\/wp\/v2\/posts\/9609\/revisions\/9611"}],"wp:attachment":[{"href":"http:\/\/blogdalucianaoliveira.com.br\/blog\/wp-json\/wp\/v2\/media?parent=9609"}],"wp:term":[{"taxonomy":"category","embeddable":true,"href":"http:\/\/blogdalucianaoliveira.com.br\/blog\/wp-json\/wp\/v2\/categories?post=9609"},{"taxonomy":"post_tag","embeddable":true,"href":"http:\/\/blogdalucianaoliveira.com.br\/blog\/wp-json\/wp\/v2\/tags?post=9609"}],"curies":[{"name":"wp","href":"https:\/\/api.w.org\/{rel}","templated":true}]}}