{"id":9618,"date":"2017-04-01T09:33:00","date_gmt":"2017-04-01T13:33:00","guid":{"rendered":"http:\/\/blogdalucianaoliveira.com.br\/blog\/?p=9618"},"modified":"2017-04-01T09:33:00","modified_gmt":"2017-04-01T13:33:00","slug":"como-o-mbl-e-direitistas-ligados-a-doria-estao-ameacando-os-autores-da-campanha-da-amazon","status":"publish","type":"post","link":"http:\/\/blogdalucianaoliveira.com.br\/blog\/2017\/04\/01\/como-o-mbl-e-direitistas-ligados-a-doria-estao-ameacando-os-autores-da-campanha-da-amazon\/","title":{"rendered":"Como o MBL e direitistas ligados a Doria est\u00e3o amea\u00e7ando os autores da campanha da Amazon"},"content":{"rendered":"<p><img data-recalc-dims=\"1\" loading=\"lazy\" decoding=\"async\" data-attachment-id=\"9619\" data-permalink=\"http:\/\/blogdalucianaoliveira.com.br\/blog\/2017\/04\/01\/como-o-mbl-e-direitistas-ligados-a-doria-estao-ameacando-os-autores-da-campanha-da-amazon\/mbl12\/\" data-orig-file=\"https:\/\/i0.wp.com\/blogdalucianaoliveira.com.br\/blog\/wp-content\/uploads\/2017\/04\/mbl12.png?fit=494%2C564\" data-orig-size=\"494,564\" data-comments-opened=\"0\" data-image-meta=\"{&quot;aperture&quot;:&quot;0&quot;,&quot;credit&quot;:&quot;&quot;,&quot;camera&quot;:&quot;&quot;,&quot;caption&quot;:&quot;&quot;,&quot;created_timestamp&quot;:&quot;0&quot;,&quot;copyright&quot;:&quot;&quot;,&quot;focal_length&quot;:&quot;0&quot;,&quot;iso&quot;:&quot;0&quot;,&quot;shutter_speed&quot;:&quot;0&quot;,&quot;title&quot;:&quot;&quot;,&quot;orientation&quot;:&quot;0&quot;}\" data-image-title=\"mbl12\" data-image-description=\"\" data-image-caption=\"\" data-medium-file=\"https:\/\/i0.wp.com\/blogdalucianaoliveira.com.br\/blog\/wp-content\/uploads\/2017\/04\/mbl12.png?fit=263%2C300\" data-large-file=\"https:\/\/i0.wp.com\/blogdalucianaoliveira.com.br\/blog\/wp-content\/uploads\/2017\/04\/mbl12.png?fit=494%2C564\" src=\"https:\/\/i0.wp.com\/blogdalucianaoliveira.com.br\/blog\/wp-content\/uploads\/2017\/04\/mbl12.png?resize=494%2C564\" alt=\"mbl12\" width=\"494\" height=\"564\" class=\"alignnone size-full wp-image-9619\" srcset=\"https:\/\/i0.wp.com\/blogdalucianaoliveira.com.br\/blog\/wp-content\/uploads\/2017\/04\/mbl12.png?w=494 494w, https:\/\/i0.wp.com\/blogdalucianaoliveira.com.br\/blog\/wp-content\/uploads\/2017\/04\/mbl12.png?resize=263%2C300 263w\" sizes=\"auto, (max-width: 494px) 100vw, 494px\" \/><\/p>\n<p>A Amazon provocou o prefeito Jo\u00e3o Doria Jr. e ele n\u00e3o gostou.<!--more--><\/p>\n<p>NO DCM<br \/>\nPor Zambarda<\/p>\n<p>No dia 27 de mar\u00e7o, o v\u00eddeo do e-reader Kindle criticou a guerra contra os pichadores. \u201cCobriram a cidade de cinza\u201d era o mote da campanha.<\/p>\n<p>Doria reagiu no dia seguinte no Facebook, irritado, chamando a empresa de oportunista e pedindo \u201cdoa\u00e7\u00f5es\u201d.<\/p>\n<p>A KaBuM!, que tem recorde de reclama\u00e7\u00f5es na internet, deixou de remunerar atletas gamers e foi campe\u00e3 de reclama\u00e7\u00f5es na \u00faltima edi\u00e7\u00e3o da Black Friday, aproveitou para anunciar que daria computadores para a prefeitura.<\/p>\n<p>A Microsoft fechou uma parceria de R$ 15 milh\u00f5es com Doria. Quem podia tirar uma casquinha aproveitou a oportunidade.<\/p>\n<p>A Amazon fez sua tr\u00e9plica no dia 28. Ao inv\u00e9s de fazer jab\u00e1 \u201csem contrapartida\u201d com o prefeito tucano, anunciou e-books gratuitos para a popula\u00e7\u00e3o e uma doa\u00e7\u00e3o de Kindles sem passar pelo governo.<\/p>\n<p>Foi nesse contexto que come\u00e7ou o inferno da ag\u00eancia de publicidade VML, respons\u00e1vel pelos comerciais. Seus profissionais foram ca\u00e7ados por uma matilha ligada Doria, alguns pagos para exibir seu fanatismo.<\/p>\n<p>No Facebook, a economista e empres\u00e1ria do setor financeiro Renata Barreto, uma esp\u00e9cie de Joice Hasselmann ainda mais sem no\u00e7\u00e3o, colunista do site InfoMoney, \u201cdenunciou\u201d o diretor de cria\u00e7\u00e3o Jairo Anderson por ter um posicionamento cr\u00edtico no impeachment de Dilma em um post com mais de 5 mil curtidas e mil compartilhamentos.<\/p>\n<p>\u201cPasseando pelo Facebook do mo\u00e7o vemos o tipo. F\u00e3 de Dilma, \u2018\u00e9 golpe\u2019, \u2018Doria coxinha\u2019 e n\u00e3o fala um \u2018a\u2019 sobre boas a\u00e7\u00f5es do novo prefeito, mas n\u00e3o gosta da cidade cinza. Ainda chama a elite paulistana de rid\u00edcula, elite da qual faz parte e para quem faz campanhas. O tiro saiu pela culatra, n\u00e3o foi amiguinho?\u201d, diz ela, numa de suas postagens.<\/p>\n<p>No Twitter, o blogueiro de humor Bobagento achou divertido classificar Anderson de \u201cpublicit\u00e1rio canhoto\u201d.<\/p>\n<p>Eles serviram para chamar aten\u00e7\u00e3o dos sites como Ceticismo Pol\u00edtico, Jornalivre e Instituto Liberal, ligados ao MBL, o bra\u00e7o armado de Doria.<\/p>\n<p><img data-recalc-dims=\"1\" loading=\"lazy\" decoding=\"async\" data-attachment-id=\"9620\" data-permalink=\"http:\/\/blogdalucianaoliveira.com.br\/blog\/2017\/04\/01\/como-o-mbl-e-direitistas-ligados-a-doria-estao-ameacando-os-autores-da-campanha-da-amazon\/amazon-ataques3\/\" data-orig-file=\"https:\/\/i0.wp.com\/blogdalucianaoliveira.com.br\/blog\/wp-content\/uploads\/2017\/04\/amazon-ataques3.png?fit=495%2C615\" data-orig-size=\"495,615\" data-comments-opened=\"0\" data-image-meta=\"{&quot;aperture&quot;:&quot;0&quot;,&quot;credit&quot;:&quot;&quot;,&quot;camera&quot;:&quot;&quot;,&quot;caption&quot;:&quot;&quot;,&quot;created_timestamp&quot;:&quot;0&quot;,&quot;copyright&quot;:&quot;&quot;,&quot;focal_length&quot;:&quot;0&quot;,&quot;iso&quot;:&quot;0&quot;,&quot;shutter_speed&quot;:&quot;0&quot;,&quot;title&quot;:&quot;&quot;,&quot;orientation&quot;:&quot;0&quot;}\" data-image-title=\"amazon-ataques3\" data-image-description=\"\" data-image-caption=\"\" data-medium-file=\"https:\/\/i0.wp.com\/blogdalucianaoliveira.com.br\/blog\/wp-content\/uploads\/2017\/04\/amazon-ataques3.png?fit=241%2C300\" data-large-file=\"https:\/\/i0.wp.com\/blogdalucianaoliveira.com.br\/blog\/wp-content\/uploads\/2017\/04\/amazon-ataques3.png?fit=495%2C615\" src=\"https:\/\/i0.wp.com\/blogdalucianaoliveira.com.br\/blog\/wp-content\/uploads\/2017\/04\/amazon-ataques3.png?resize=495%2C615\" alt=\"amazon-ataques3\" width=\"495\" height=\"615\" class=\"alignnone size-full wp-image-9620\" srcset=\"https:\/\/i0.wp.com\/blogdalucianaoliveira.com.br\/blog\/wp-content\/uploads\/2017\/04\/amazon-ataques3.png?w=495 495w, https:\/\/i0.wp.com\/blogdalucianaoliveira.com.br\/blog\/wp-content\/uploads\/2017\/04\/amazon-ataques3.png?resize=241%2C300 241w\" sizes=\"auto, (max-width: 495px) 100vw, 495px\" \/><\/p>\n<p>Renan Santos, um dos coordenadores, declara que a gest\u00e3o Jo\u00e3o Doria Jr. \u00e9 a \u201cvis\u00e3o pol\u00edtica\u201d do grupo para as elei\u00e7\u00f5es de 2018.<\/p>\n<p>Foi a partir da\u00ed que os ataques se intensificaram. Ceticismo Pol\u00edtico chamou Jairo de \u201cpetista retinto\u201d, \u201cultraesquerdista\u201d.<\/p>\n<p>Segundo eles, Jairo \u201cse deixou levar por sua agenda e com isso a empresa que o paga se queimou bonito\u201d. Jornalivre reclamou que Jairo Anderson divulga \u201cprotestos feministas no Facebook\u201d.<\/p>\n<p>O site do Instituto Liberal de S\u00e3o Paulo, que trata Doria como um deus de botox, deu o \u201cfuro\u201d: todos os envolvidos na propaganda do Kindle s\u00e3o petistas.<\/p>\n<p>Um homem chamado Roger ligou na ag\u00eancia de publicidade solicitando entrevista para o Jornalivre. Fez perguntas idiotas at\u00e9 arrematar: \u201cvoc\u00eas gostam do PT?\u201d.<\/p>\n<p>A liga\u00e7\u00e3o ocorreu depois de outros telefonemas an\u00f4nimos xingando os publicit\u00e1rios de \u201ccomunistas\u201d.<\/p>\n<p>A VML foi procurada pela reportagem, mas n\u00e3o comentou o caso.<\/p>\n<p>A liga\u00e7\u00e3o entre estes supostos ve\u00edculos de comunica\u00e7\u00e3o, que sequer tem redatores que assinam os artigos, e o MBL foi levantada pelo jornalista Gilberto Dimenstein do Catraca Livre recentemente.<\/p>\n<p>Dimenstein apontou a proximidade do publicit\u00e1rio Andre Kirkelis, da agencia Leo Burnett Tailor Made, com o Movimento Brasil Livre e Fernando Holiday.<\/p>\n<p>Kirkelis reclama publicamente da festa Armaz\u00e9m da Cidade de Dimenstein na Vila Madalena, o que o levou para dar entrevista ao site Antagonista de Diogo Mainardi.<\/p>\n<p>\u201cO Jornalivre, que divulgou as reclama\u00e7\u00f5es de Andre Kirkelis, \u00e9 ajudado pelo MBL e pelo Fernando Holiday. Eu procurei o vereador para que ele me explicasse a hist\u00f3ria, mas ele se recusa a falar sobre o site que publica ataques contra mim sem nem ter expediente de contato\u201d, disse Dimenstein ao DCM.<\/p>\n<p>O modus operandi do Jornalivre e dos ve\u00edculos amigos do Movimento Brasil Livre contra a ag\u00eancia da Amazon \u00e9 o mesmo: destruir reputa\u00e7\u00f5es de quem pensa de maneira diferente.<\/p>\n<p>O que eles querem \u00e9, no m\u00ednimo, a demiss\u00e3o de seus advers\u00e1rios. Todos trabalham para Doria, em maior ou menor grau de proximidade, remunerados diretamente ou n\u00e3o.<\/p>\n<p>Constrangimento ilegal \u00e9 crime previsto no C\u00f3digo Penal. Qual o passo seguinte dessas amea\u00e7as? As \u201cdoa\u00e7\u00f5es\u201d dependem da coa\u00e7\u00e3o dos milicianos?<\/p>\n<p>Doria precisa esclarecer sua rela\u00e7\u00e3o com essa turma. Nem tudo \u00e9 marketing. \u00c0s vezes \u00e9 fascismo, mesmo.<\/p>\n<p><img data-recalc-dims=\"1\" loading=\"lazy\" decoding=\"async\" data-attachment-id=\"9621\" data-permalink=\"http:\/\/blogdalucianaoliveira.com.br\/blog\/2017\/04\/01\/como-o-mbl-e-direitistas-ligados-a-doria-estao-ameacando-os-autores-da-campanha-da-amazon\/amazon-ataques\/\" data-orig-file=\"https:\/\/i0.wp.com\/blogdalucianaoliveira.com.br\/blog\/wp-content\/uploads\/2017\/04\/amazon-ataques.png?fit=592%2C572\" data-orig-size=\"592,572\" data-comments-opened=\"0\" data-image-meta=\"{&quot;aperture&quot;:&quot;0&quot;,&quot;credit&quot;:&quot;&quot;,&quot;camera&quot;:&quot;&quot;,&quot;caption&quot;:&quot;&quot;,&quot;created_timestamp&quot;:&quot;0&quot;,&quot;copyright&quot;:&quot;&quot;,&quot;focal_length&quot;:&quot;0&quot;,&quot;iso&quot;:&quot;0&quot;,&quot;shutter_speed&quot;:&quot;0&quot;,&quot;title&quot;:&quot;&quot;,&quot;orientation&quot;:&quot;0&quot;}\" data-image-title=\"amazon-ataques\" data-image-description=\"\" data-image-caption=\"\" data-medium-file=\"https:\/\/i0.wp.com\/blogdalucianaoliveira.com.br\/blog\/wp-content\/uploads\/2017\/04\/amazon-ataques.png?fit=300%2C290\" data-large-file=\"https:\/\/i0.wp.com\/blogdalucianaoliveira.com.br\/blog\/wp-content\/uploads\/2017\/04\/amazon-ataques.png?fit=592%2C572\" src=\"https:\/\/i0.wp.com\/blogdalucianaoliveira.com.br\/blog\/wp-content\/uploads\/2017\/04\/amazon-ataques.png?resize=592%2C572\" alt=\"amazon-ataques\" width=\"592\" height=\"572\" class=\"alignnone size-full wp-image-9621\" srcset=\"https:\/\/i0.wp.com\/blogdalucianaoliveira.com.br\/blog\/wp-content\/uploads\/2017\/04\/amazon-ataques.png?w=592 592w, https:\/\/i0.wp.com\/blogdalucianaoliveira.com.br\/blog\/wp-content\/uploads\/2017\/04\/amazon-ataques.png?resize=300%2C290 300w, https:\/\/i0.wp.com\/blogdalucianaoliveira.com.br\/blog\/wp-content\/uploads\/2017\/04\/amazon-ataques.png?resize=310%2C300 310w\" sizes=\"auto, (max-width: 592px) 100vw, 592px\" \/><\/p>\n","protected":false},"excerpt":{"rendered":"<p>A Amazon provocou o prefeito Jo\u00e3o Doria Jr. e ele n\u00e3o gostou.<\/p>\n","protected":false},"author":1,"featured_media":0,"comment_status":"closed","ping_status":"open","sticky":false,"template":"","format":"standard","meta":{"_exactmetrics_skip_tracking":false,"_exactmetrics_sitenote_active":false,"_exactmetrics_sitenote_note":"","_exactmetrics_sitenote_category":0,"jetpack_post_was_ever_published":false,"_jetpack_newsletter_access":"","_jetpack_dont_email_post_to_subs":false,"_jetpack_newsletter_tier_id":0,"_jetpack_memberships_contains_paywalled_content":false,"_jetpack_memberships_contains_paid_content":false,"footnotes":"","jetpack_publicize_message":"","jetpack_publicize_feature_enabled":true,"jetpack_social_post_already_shared":true,"jetpack_social_options":{"image_generator_settings":{"template":"highway","enabled":false},"version":2}},"categories":[1],"tags":[],"class_list":["post-9618","post","type-post","status-publish","format-standard","hentry","category-notas"],"jetpack_publicize_connections":[],"jetpack_sharing_enabled":true,"jetpack_featured_media_url":"","jetpack_shortlink":"https:\/\/wp.me\/p7wKYW-2v8","jetpack-related-posts":[],"_links":{"self":[{"href":"http:\/\/blogdalucianaoliveira.com.br\/blog\/wp-json\/wp\/v2\/posts\/9618","targetHints":{"allow":["GET"]}}],"collection":[{"href":"http:\/\/blogdalucianaoliveira.com.br\/blog\/wp-json\/wp\/v2\/posts"}],"about":[{"href":"http:\/\/blogdalucianaoliveira.com.br\/blog\/wp-json\/wp\/v2\/types\/post"}],"author":[{"embeddable":true,"href":"http:\/\/blogdalucianaoliveira.com.br\/blog\/wp-json\/wp\/v2\/users\/1"}],"replies":[{"embeddable":true,"href":"http:\/\/blogdalucianaoliveira.com.br\/blog\/wp-json\/wp\/v2\/comments?post=9618"}],"version-history":[{"count":1,"href":"http:\/\/blogdalucianaoliveira.com.br\/blog\/wp-json\/wp\/v2\/posts\/9618\/revisions"}],"predecessor-version":[{"id":9622,"href":"http:\/\/blogdalucianaoliveira.com.br\/blog\/wp-json\/wp\/v2\/posts\/9618\/revisions\/9622"}],"wp:attachment":[{"href":"http:\/\/blogdalucianaoliveira.com.br\/blog\/wp-json\/wp\/v2\/media?parent=9618"}],"wp:term":[{"taxonomy":"category","embeddable":true,"href":"http:\/\/blogdalucianaoliveira.com.br\/blog\/wp-json\/wp\/v2\/categories?post=9618"},{"taxonomy":"post_tag","embeddable":true,"href":"http:\/\/blogdalucianaoliveira.com.br\/blog\/wp-json\/wp\/v2\/tags?post=9618"}],"curies":[{"name":"wp","href":"https:\/\/api.w.org\/{rel}","templated":true}]}}