{"id":9630,"date":"2017-04-03T09:19:34","date_gmt":"2017-04-03T13:19:34","guid":{"rendered":"http:\/\/blogdalucianaoliveira.com.br\/blog\/?p=9630"},"modified":"2017-04-03T09:19:34","modified_gmt":"2017-04-03T13:19:34","slug":"psdb-nao-consegue-conviver-com-o-odio-que-semeou-no-pais","status":"publish","type":"post","link":"http:\/\/blogdalucianaoliveira.com.br\/blog\/2017\/04\/03\/psdb-nao-consegue-conviver-com-o-odio-que-semeou-no-pais\/","title":{"rendered":"PSDB N\u00c3O CONSEGUE CONVIVER COM O \u00d3DIO QUE SEMEOU NO PA\u00cdS"},"content":{"rendered":"<p><img data-recalc-dims=\"1\" loading=\"lazy\" decoding=\"async\" data-attachment-id=\"9631\" data-permalink=\"http:\/\/blogdalucianaoliveira.com.br\/blog\/2017\/04\/03\/psdb-nao-consegue-conviver-com-o-odio-que-semeou-no-pais\/imbe-5\/\" data-orig-file=\"https:\/\/i0.wp.com\/blogdalucianaoliveira.com.br\/blog\/wp-content\/uploads\/2017\/04\/imbe-4.jpg?fit=1000%2C357\" data-orig-size=\"1000,357\" data-comments-opened=\"0\" data-image-meta=\"{&quot;aperture&quot;:&quot;0&quot;,&quot;credit&quot;:&quot;&quot;,&quot;camera&quot;:&quot;&quot;,&quot;caption&quot;:&quot;&quot;,&quot;created_timestamp&quot;:&quot;0&quot;,&quot;copyright&quot;:&quot;&quot;,&quot;focal_length&quot;:&quot;0&quot;,&quot;iso&quot;:&quot;0&quot;,&quot;shutter_speed&quot;:&quot;0&quot;,&quot;title&quot;:&quot;&quot;,&quot;orientation&quot;:&quot;0&quot;}\" data-image-title=\"imbe\" data-image-description=\"\" data-image-caption=\"\" data-medium-file=\"https:\/\/i0.wp.com\/blogdalucianaoliveira.com.br\/blog\/wp-content\/uploads\/2017\/04\/imbe-4.jpg?fit=300%2C107\" data-large-file=\"https:\/\/i0.wp.com\/blogdalucianaoliveira.com.br\/blog\/wp-content\/uploads\/2017\/04\/imbe-4.jpg?fit=600%2C214\" src=\"https:\/\/i0.wp.com\/blogdalucianaoliveira.com.br\/blog\/wp-content\/uploads\/2017\/04\/imbe-4.jpg?resize=600%2C214\" alt=\"imbe\" width=\"600\" height=\"214\" class=\"alignnone size-full wp-image-9631\" srcset=\"https:\/\/i0.wp.com\/blogdalucianaoliveira.com.br\/blog\/wp-content\/uploads\/2017\/04\/imbe-4.jpg?w=1000 1000w, https:\/\/i0.wp.com\/blogdalucianaoliveira.com.br\/blog\/wp-content\/uploads\/2017\/04\/imbe-4.jpg?resize=300%2C107 300w, https:\/\/i0.wp.com\/blogdalucianaoliveira.com.br\/blog\/wp-content\/uploads\/2017\/04\/imbe-4.jpg?resize=768%2C274 768w, https:\/\/i0.wp.com\/blogdalucianaoliveira.com.br\/blog\/wp-content\/uploads\/2017\/04\/imbe-4.jpg?resize=800%2C286 800w\" sizes=\"auto, (max-width: 600px) 100vw, 600px\" \/><\/p>\n<p>247 \u2013 &#8220;Sei que vivemos um momento de des\u00e2nimo e que o \u00f3dio substitui certa bonomia, que parecia pr\u00f3pria dos brasileiros&#8221;, escreve o ex-presidente Fernando Henrique Cardoso, na primeira linha de seu artigo deste domingo.<!--more--><\/p>\n<p>Horas mais tarde, Andrea Neves, irm\u00e3 do senador A\u00e9cio Neves (PSDB-MG), postou um v\u00eddeo nas redes sociais em que foi \u00e0s l\u00e1grimas e questionou o porqu\u00ea de tanto \u00f3dio, depois de ter sido citada, na capa de Veja, como operadora de propinas para o irm\u00e3o.<\/p>\n<p>Os dois exemplos s\u00e3o parte do mesmo fen\u00f4meno: a dificuldade do PSDB em conviver com o \u00f3dio que os tucanos instalaram no Pa\u00eds e que agora se volta contra eles.<\/p>\n<p>Afinal, foi o PSDB, sob o comando do senador A\u00e9cio Neves (PSDB-MG), que, em novembro de 2014, logo ap\u00f3s sua quarta derrota presidencial, decidiu conspirar contra a democracia brasileira e criar as condi\u00e7\u00f5es para um impeachment fraudulento que fez com que o Brasil se transformasse num vexame mundial.<\/p>\n<p>Para que se atingisse tal objetivo, n\u00e3o se mediram, em nenhum momento, as consequ\u00eancias.<\/p>\n<p>Em 2015, sob a ben\u00e7\u00e3o de FHC, A\u00e9cio se aliou a Eduardo Cunha (PMDB-RJ), hoje condenado a 15 anos e quatro meses de pris\u00e3o, para sufocar o governo da presidente reeleita Dilma Rousseff, com suas pautas-bomba no Congresso. Em paralelo, &#8220;movimentos sociais&#8221; que eram apenas p\u00e1ginas de promo\u00e7\u00e3o de \u00f3dio e not\u00edcias falsas na internet, foram financiados para inflar protestos de rua. Isso sem falar nos colunistas de extrema direita recrutados por meios de comunica\u00e7\u00e3o financiados por verbas de publicidade de governos tucanos.<\/p>\n<p>Com o \u00f3dio instalado no Pa\u00eds, em 2016, os tucanos finalmente conseguiram concretizar o golpe parlamentar que j\u00e1 produziu uma queda de praticamente 10% do PIB nacional e instalou no Pal\u00e1cio do Planalto um governo com nada menos que nove ministros investigados por corrup\u00e7\u00e3o.<\/p>\n<p>Um elemento, no entanto, fugiu do controle: as dela\u00e7\u00f5es da Odebrecht. Arruinada nesse processo, a empreiteira decidiu delatar todos os esquemas de corrup\u00e7\u00e3o de que participou \u2013 e n\u00e3o apenas os de governos petistas. A consequ\u00eancia foi a revela\u00e7\u00e3o de repasses de R$ 70 milh\u00f5es para A\u00e9cio, o Mineirinho, de R$ 23 milh\u00f5es na Su\u00ed\u00e7a para Jos\u00e9 Serra, o Careca, e tamb\u00e9m de pagamentos n\u00e3o contabilizados para Geraldo Alckmin, o Santo.<\/p>\n<p>Com isso, o PSDB viu seus tr\u00eas principais presidenci\u00e1veis serem engolidos pelo ne\u00f3fito Jo\u00e3o Doria, prefeito de S\u00e3o Paulo \u2013 um personagem que lembra J\u00e2nio Quadros e provoca avers\u00e3o m\u00e1xima em FHC.<\/p>\n<p>Ciente de que a c\u00fapula tucana est\u00e1 liquidada, FHC passou a defender candidaturas avulsas e orientou o apresentador Luciano Huck a se lan\u00e7ar candidato, numa entrevista concedida \u00e0 Folha de S. Paulo no fim de semana. Vendendo-se como uma esp\u00e9cie de &#8220;candidato do bem&#8221;, Huck soltou uma p\u00e9rola na entrevista. &#8220;N\u00e3o importa se foi golpe ou n\u00e3o&#8221;, disse ele.<\/p>\n<p>Claro que importa, Luciano.<\/p>\n<p>Foi um golpe liderado por seus amigos tucanos. E disso o mundo inteiro j\u00e1 sabe.<\/p>\n<p>\u00c9 justamente esse golpe vergonhoso que explica o \u00f3dio predominante no Brasil, semeado pelo PSDB, e com o qual os tucanos n\u00e3o conseguem conviver.<\/p>\n","protected":false},"excerpt":{"rendered":"<p>247 \u2013 &#8220;Sei que vivemos um momento de des\u00e2nimo e que o \u00f3dio substitui certa bonomia, que parecia pr\u00f3pria dos brasileiros&#8221;, escreve o ex-presidente Fernando Henrique Cardoso, na primeira linha de seu artigo deste domingo.<\/p>\n","protected":false},"author":1,"featured_media":0,"comment_status":"closed","ping_status":"open","sticky":false,"template":"","format":"standard","meta":{"_exactmetrics_skip_tracking":false,"_exactmetrics_sitenote_active":false,"_exactmetrics_sitenote_note":"","_exactmetrics_sitenote_category":0,"jetpack_post_was_ever_published":false,"_jetpack_newsletter_access":"","_jetpack_dont_email_post_to_subs":false,"_jetpack_newsletter_tier_id":0,"_jetpack_memberships_contains_paywalled_content":false,"_jetpack_memberships_contains_paid_content":false,"footnotes":"","jetpack_publicize_message":"","jetpack_publicize_feature_enabled":true,"jetpack_social_post_already_shared":true,"jetpack_social_options":{"image_generator_settings":{"template":"highway","enabled":false},"version":2}},"categories":[1],"tags":[],"class_list":["post-9630","post","type-post","status-publish","format-standard","hentry","category-notas"],"jetpack_publicize_connections":[],"jetpack_sharing_enabled":true,"jetpack_featured_media_url":"","jetpack_shortlink":"https:\/\/wp.me\/p7wKYW-2vk","jetpack-related-posts":[],"_links":{"self":[{"href":"http:\/\/blogdalucianaoliveira.com.br\/blog\/wp-json\/wp\/v2\/posts\/9630","targetHints":{"allow":["GET"]}}],"collection":[{"href":"http:\/\/blogdalucianaoliveira.com.br\/blog\/wp-json\/wp\/v2\/posts"}],"about":[{"href":"http:\/\/blogdalucianaoliveira.com.br\/blog\/wp-json\/wp\/v2\/types\/post"}],"author":[{"embeddable":true,"href":"http:\/\/blogdalucianaoliveira.com.br\/blog\/wp-json\/wp\/v2\/users\/1"}],"replies":[{"embeddable":true,"href":"http:\/\/blogdalucianaoliveira.com.br\/blog\/wp-json\/wp\/v2\/comments?post=9630"}],"version-history":[{"count":1,"href":"http:\/\/blogdalucianaoliveira.com.br\/blog\/wp-json\/wp\/v2\/posts\/9630\/revisions"}],"predecessor-version":[{"id":9632,"href":"http:\/\/blogdalucianaoliveira.com.br\/blog\/wp-json\/wp\/v2\/posts\/9630\/revisions\/9632"}],"wp:attachment":[{"href":"http:\/\/blogdalucianaoliveira.com.br\/blog\/wp-json\/wp\/v2\/media?parent=9630"}],"wp:term":[{"taxonomy":"category","embeddable":true,"href":"http:\/\/blogdalucianaoliveira.com.br\/blog\/wp-json\/wp\/v2\/categories?post=9630"},{"taxonomy":"post_tag","embeddable":true,"href":"http:\/\/blogdalucianaoliveira.com.br\/blog\/wp-json\/wp\/v2\/tags?post=9630"}],"curies":[{"name":"wp","href":"https:\/\/api.w.org\/{rel}","templated":true}]}}