{"id":965,"date":"2016-05-17T16:34:19","date_gmt":"2016-05-17T20:34:19","guid":{"rendered":"http:\/\/blogdalucianaoliveira.com.br\/blog\/?p=965"},"modified":"2016-05-17T16:34:19","modified_gmt":"2016-05-17T20:34:19","slug":"acao-que-abre-julgamento-sobre-processo-de-impeachment-de-temer-contem-citacao-de-apocalipse-biblico","status":"publish","type":"post","link":"http:\/\/blogdalucianaoliveira.com.br\/blog\/2016\/05\/17\/acao-que-abre-julgamento-sobre-processo-de-impeachment-de-temer-contem-citacao-de-apocalipse-biblico\/","title":{"rendered":"A\u00e7\u00e3o que abre julgamento sobre processo de impeachment de Temer cont\u00e9m cita\u00e7\u00e3o de Apocalipse b\u00edblico"},"content":{"rendered":"<p><img data-recalc-dims=\"1\" loading=\"lazy\" decoding=\"async\" data-attachment-id=\"966\" data-permalink=\"http:\/\/blogdalucianaoliveira.com.br\/blog\/2016\/05\/17\/acao-que-abre-julgamento-sobre-processo-de-impeachment-de-temer-contem-citacao-de-apocalipse-biblico\/image-209\/\" data-orig-file=\"https:\/\/i0.wp.com\/blogdalucianaoliveira.com.br\/blog\/wp-content\/uploads\/2016\/05\/image-183.jpeg?fit=919%2C720\" data-orig-size=\"919,720\" data-comments-opened=\"0\" data-image-meta=\"{&quot;aperture&quot;:&quot;0&quot;,&quot;credit&quot;:&quot;&quot;,&quot;camera&quot;:&quot;&quot;,&quot;caption&quot;:&quot;&quot;,&quot;created_timestamp&quot;:&quot;0&quot;,&quot;copyright&quot;:&quot;&quot;,&quot;focal_length&quot;:&quot;0&quot;,&quot;iso&quot;:&quot;0&quot;,&quot;shutter_speed&quot;:&quot;0&quot;,&quot;title&quot;:&quot;&quot;,&quot;orientation&quot;:&quot;1&quot;}\" data-image-title=\"image\" data-image-description=\"\" data-image-caption=\"\" data-medium-file=\"https:\/\/i0.wp.com\/blogdalucianaoliveira.com.br\/blog\/wp-content\/uploads\/2016\/05\/image-183.jpeg?fit=300%2C235\" data-large-file=\"https:\/\/i0.wp.com\/blogdalucianaoliveira.com.br\/blog\/wp-content\/uploads\/2016\/05\/image-183.jpeg?fit=600%2C470\" src=\"https:\/\/i0.wp.com\/blogdalucianaoliveira.com.br\/blog\/wp-content\/uploads\/2016\/05\/image-183.jpeg?resize=600%2C470\" alt=\"image\" width=\"600\" height=\"470\" class=\"alignnone size-full wp-image-966\" srcset=\"https:\/\/i0.wp.com\/blogdalucianaoliveira.com.br\/blog\/wp-content\/uploads\/2016\/05\/image-183.jpeg?w=919 919w, https:\/\/i0.wp.com\/blogdalucianaoliveira.com.br\/blog\/wp-content\/uploads\/2016\/05\/image-183.jpeg?resize=300%2C235 300w, https:\/\/i0.wp.com\/blogdalucianaoliveira.com.br\/blog\/wp-content\/uploads\/2016\/05\/image-183.jpeg?resize=383%2C300 383w\" sizes=\"auto, (max-width: 600px) 100vw, 600px\" \/><\/p>\n<p>O ministro Marco Aur\u00e9lio liberou pra julgamento a a\u00e7\u00e3o apresentada pelo advogado Mariel Marley Marra contra Eduardo Cunha, que havia negado continuidade do processo de impeachment contra o ent\u00e3o vice-presidente da Rep\u00fablica.  <!--more--><\/p>\n<p>Marco Aur\u00e9lio j\u00e1 havia determinando que fosse instalada uma comiss\u00e3o especial da C\u00e2mara para discutir o impeachment de Temer, por meio de liminar. A tal comiss\u00e3o n\u00e3o foi instalada.<\/p>\n<p>O pedido foi protocolado no dia 29 de mar\u00e7o no Supremo.<\/p>\n<p>O advogado argumenta que Temer deve ser inclu\u00eddo no processo de impeachment de Dilma Roussef por entender que h\u00e1 ind\u00edcios de que o ent\u00e3o vice, cometeu crimes de responsabilidade.<\/p>\n<p>O procurador-geral da Rep\u00fablica, Rodrigo Janot, chegou a pedir ao STF que a liminar fosse cassada, mas o STF negou.<\/p>\n<p>No pedido, o advogado usa uma cita\u00e7\u00e3o b\u00edblica do livro Apocalipse, que fala da fera de sete cabe\u00e7as e dez chifre que tem poder e trono. <\/p>\n","protected":false},"excerpt":{"rendered":"<p>O ministro Marco Aur\u00e9lio liberou pra julgamento a a\u00e7\u00e3o apresentada pelo advogado Mariel Marley Marra contra Eduardo Cunha, que havia negado continuidade do processo de impeachment contra o ent\u00e3o vice-presidente da Rep\u00fablica.<\/p>\n","protected":false},"author":1,"featured_media":0,"comment_status":"closed","ping_status":"open","sticky":false,"template":"","format":"standard","meta":{"_exactmetrics_skip_tracking":false,"_exactmetrics_sitenote_active":false,"_exactmetrics_sitenote_note":"","_exactmetrics_sitenote_category":0,"jetpack_post_was_ever_published":false,"_jetpack_newsletter_access":"","_jetpack_dont_email_post_to_subs":false,"_jetpack_newsletter_tier_id":0,"_jetpack_memberships_contains_paywalled_content":false,"_jetpack_memberships_contains_paid_content":false,"footnotes":"","jetpack_publicize_message":"","jetpack_publicize_feature_enabled":true,"jetpack_social_post_already_shared":true,"jetpack_social_options":{"image_generator_settings":{"template":"highway","enabled":false},"version":2}},"categories":[1],"tags":[],"class_list":["post-965","post","type-post","status-publish","format-standard","hentry","category-notas"],"jetpack_publicize_connections":[],"jetpack_sharing_enabled":true,"jetpack_featured_media_url":"","jetpack_shortlink":"https:\/\/wp.me\/p7wKYW-fz","jetpack-related-posts":[],"_links":{"self":[{"href":"http:\/\/blogdalucianaoliveira.com.br\/blog\/wp-json\/wp\/v2\/posts\/965","targetHints":{"allow":["GET"]}}],"collection":[{"href":"http:\/\/blogdalucianaoliveira.com.br\/blog\/wp-json\/wp\/v2\/posts"}],"about":[{"href":"http:\/\/blogdalucianaoliveira.com.br\/blog\/wp-json\/wp\/v2\/types\/post"}],"author":[{"embeddable":true,"href":"http:\/\/blogdalucianaoliveira.com.br\/blog\/wp-json\/wp\/v2\/users\/1"}],"replies":[{"embeddable":true,"href":"http:\/\/blogdalucianaoliveira.com.br\/blog\/wp-json\/wp\/v2\/comments?post=965"}],"version-history":[{"count":3,"href":"http:\/\/blogdalucianaoliveira.com.br\/blog\/wp-json\/wp\/v2\/posts\/965\/revisions"}],"predecessor-version":[{"id":969,"href":"http:\/\/blogdalucianaoliveira.com.br\/blog\/wp-json\/wp\/v2\/posts\/965\/revisions\/969"}],"wp:attachment":[{"href":"http:\/\/blogdalucianaoliveira.com.br\/blog\/wp-json\/wp\/v2\/media?parent=965"}],"wp:term":[{"taxonomy":"category","embeddable":true,"href":"http:\/\/blogdalucianaoliveira.com.br\/blog\/wp-json\/wp\/v2\/categories?post=965"},{"taxonomy":"post_tag","embeddable":true,"href":"http:\/\/blogdalucianaoliveira.com.br\/blog\/wp-json\/wp\/v2\/tags?post=965"}],"curies":[{"name":"wp","href":"https:\/\/api.w.org\/{rel}","templated":true}]}}