{"id":980,"date":"2016-05-18T07:31:40","date_gmt":"2016-05-18T11:31:40","guid":{"rendered":"http:\/\/blogdalucianaoliveira.com.br\/blog\/?p=980"},"modified":"2016-05-18T07:52:36","modified_gmt":"2016-05-18T11:52:36","slug":"deputado-chamado-de-lambe-botas-de-cunha-vai-administrar-bloco-de-apoio-a-temer","status":"publish","type":"post","link":"http:\/\/blogdalucianaoliveira.com.br\/blog\/2016\/05\/18\/deputado-chamado-de-lambe-botas-de-cunha-vai-administrar-bloco-de-apoio-a-temer\/","title":{"rendered":"Deputado chamado de &#8216;lambe-botas&#8217; de Cunha vai &#8216;administrar&#8217; bloco de apoio a Temer"},"content":{"rendered":"<p><img data-recalc-dims=\"1\" loading=\"lazy\" decoding=\"async\" data-attachment-id=\"981\" data-permalink=\"http:\/\/blogdalucianaoliveira.com.br\/blog\/2016\/05\/18\/deputado-chamado-de-lambe-botas-de-cunha-vai-administrar-bloco-de-apoio-a-temer\/image-212\/\" data-orig-file=\"https:\/\/i0.wp.com\/blogdalucianaoliveira.com.br\/blog\/wp-content\/uploads\/2016\/05\/image-186.jpeg?fit=719%2C611\" data-orig-size=\"719,611\" data-comments-opened=\"0\" data-image-meta=\"{&quot;aperture&quot;:&quot;0&quot;,&quot;credit&quot;:&quot;&quot;,&quot;camera&quot;:&quot;&quot;,&quot;caption&quot;:&quot;&quot;,&quot;created_timestamp&quot;:&quot;0&quot;,&quot;copyright&quot;:&quot;&quot;,&quot;focal_length&quot;:&quot;0&quot;,&quot;iso&quot;:&quot;0&quot;,&quot;shutter_speed&quot;:&quot;0&quot;,&quot;title&quot;:&quot;&quot;,&quot;orientation&quot;:&quot;0&quot;}\" data-image-title=\"image\" data-image-description=\"\" data-image-caption=\"\" data-medium-file=\"https:\/\/i0.wp.com\/blogdalucianaoliveira.com.br\/blog\/wp-content\/uploads\/2016\/05\/image-186.jpeg?fit=300%2C255\" data-large-file=\"https:\/\/i0.wp.com\/blogdalucianaoliveira.com.br\/blog\/wp-content\/uploads\/2016\/05\/image-186.jpeg?fit=600%2C510\" src=\"https:\/\/i0.wp.com\/blogdalucianaoliveira.com.br\/blog\/wp-content\/uploads\/2016\/05\/image-186.jpeg?resize=600%2C510\" alt=\"image\" width=\"600\" height=\"510\" class=\"alignnone size-full wp-image-981\" srcset=\"https:\/\/i0.wp.com\/blogdalucianaoliveira.com.br\/blog\/wp-content\/uploads\/2016\/05\/image-186.jpeg?w=719 719w, https:\/\/i0.wp.com\/blogdalucianaoliveira.com.br\/blog\/wp-content\/uploads\/2016\/05\/image-186.jpeg?resize=300%2C255 300w, https:\/\/i0.wp.com\/blogdalucianaoliveira.com.br\/blog\/wp-content\/uploads\/2016\/05\/image-186.jpeg?resize=353%2C300 353w\" sizes=\"auto, (max-width: 600px) 100vw, 600px\" \/><\/p>\n<p>A cada dia fica mais evidente e, portanto, irrefut\u00e1vel, que a pauta da C\u00e2mara est\u00e1 parada desde o in\u00edcio do segundo mandato da presidente Dilma, porque essa legislatura nasceu comprometida com uma pauta paralela para viabilizar a tomada do poder. <!--more--><\/p>\n<p>A escolha do novo l\u00edder do governo na C\u00e2mara \u00e9 mais uma prova de que o toma-l\u00e1-d\u00e1-c\u00e1 conduziu cada ato legislativo que levou ao impeachment. <\/p>\n<p>Temer nomeou o deputado Andr\u00e9 Moura (PSC-CE), aquele que foi chamado pelo ex-l\u00edder do PT deputado Paulo Teixeira, de \u201cpuxa-saco\u201d e \u201clambe botas\u201d do presidente da Casa, Eduardo Cunha.<\/p>\n<p>Andr\u00e9 Moura defendeu a pauta bomba de Cunha que inclu\u00eda o financiamento privado de campanhas, reprovado pela maioria da popula\u00e7\u00e3o, mas aprovado por maioria na C\u00e2mara. <\/p>\n<p>Ele tamb\u00e9m teria feito o que pode pra tentar barrar a cassa\u00e7\u00e3o de Cumha no Conselho de \u00c9tica. <\/p>\n<p>\u00c9 esse aliado \u00edntimo de Cunha que vai &#8216;administrar&#8217; o tal &#8216;centr\u00e3o&#8217; formado por 300 deputados que prometem apoiar o governo.<\/p>\n<p>O bloc\u00e3o teria poder at\u00e9 pra aprovar Emenda Constitucional. H\u00e1 quem &#8216;tor\u00e7a&#8217;e acredite que um governo que nasceu de acordos imorais, fa\u00e7a coisas boas e sirva como exemplo de moralidade na pol\u00edtica. <\/p>\n<p>Ah! Sim, o novo l\u00edder do governo tamb\u00e9m \u00e9 investigado no STF. <\/p>\n<p>Uns e outros, t\u00eam cobrado falta de apoio de brasileiros ao governo tempor\u00e1rio.<\/p>\n<p>A parcela que foi \u00e0s ruas por moralidade na pol\u00edtica e o fim da corrup\u00e7\u00e3o espera que todos tor\u00e7am para o Brasil, ignorando que o processo de impeachment foi conduzido com corrup\u00e7\u00e3o e imoralidade. <\/p>\n<p>Torcer, mesmo que d\u00ea nisso, mesmo que fique pior, mesmo que o exemplo pra gera\u00e7\u00f5es futuras seja p\u00e9ssimo. <\/p>\n<p>A exalta\u00e7\u00e3o ao &#8216;corrompe, mas faz&#8217; desnuda o verdadeiro interesse dessa parcela, dessa torcida. Mas, \u00e9 claro que no meio dela, tem a parcela de ing\u00eanuos que pretendem continuar ing\u00eanuos.<\/p>\n","protected":false},"excerpt":{"rendered":"<p>A cada dia fica mais evidente e, portanto, irrefut\u00e1vel, que a pauta da C\u00e2mara est\u00e1 parada desde o in\u00edcio do segundo mandato da presidente Dilma, porque essa legislatura nasceu comprometida com uma pauta paralela para viabilizar a tomada do poder.<\/p>\n","protected":false},"author":1,"featured_media":0,"comment_status":"closed","ping_status":"open","sticky":false,"template":"","format":"standard","meta":{"_exactmetrics_skip_tracking":false,"_exactmetrics_sitenote_active":false,"_exactmetrics_sitenote_note":"","_exactmetrics_sitenote_category":0,"jetpack_post_was_ever_published":false,"_jetpack_newsletter_access":"","_jetpack_dont_email_post_to_subs":false,"_jetpack_newsletter_tier_id":0,"_jetpack_memberships_contains_paywalled_content":false,"_jetpack_memberships_contains_paid_content":false,"footnotes":"","jetpack_publicize_message":"","jetpack_publicize_feature_enabled":true,"jetpack_social_post_already_shared":true,"jetpack_social_options":{"image_generator_settings":{"template":"highway","enabled":false},"version":2}},"categories":[1],"tags":[56,57,55,45],"class_list":["post-980","post","type-post","status-publish","format-standard","hentry","category-notas","tag-andremoura","tag-camara","tag-centrao","tag-temer"],"jetpack_publicize_connections":[],"jetpack_sharing_enabled":true,"jetpack_featured_media_url":"","jetpack_shortlink":"https:\/\/wp.me\/p7wKYW-fO","jetpack-related-posts":[],"_links":{"self":[{"href":"http:\/\/blogdalucianaoliveira.com.br\/blog\/wp-json\/wp\/v2\/posts\/980","targetHints":{"allow":["GET"]}}],"collection":[{"href":"http:\/\/blogdalucianaoliveira.com.br\/blog\/wp-json\/wp\/v2\/posts"}],"about":[{"href":"http:\/\/blogdalucianaoliveira.com.br\/blog\/wp-json\/wp\/v2\/types\/post"}],"author":[{"embeddable":true,"href":"http:\/\/blogdalucianaoliveira.com.br\/blog\/wp-json\/wp\/v2\/users\/1"}],"replies":[{"embeddable":true,"href":"http:\/\/blogdalucianaoliveira.com.br\/blog\/wp-json\/wp\/v2\/comments?post=980"}],"version-history":[{"count":3,"href":"http:\/\/blogdalucianaoliveira.com.br\/blog\/wp-json\/wp\/v2\/posts\/980\/revisions"}],"predecessor-version":[{"id":984,"href":"http:\/\/blogdalucianaoliveira.com.br\/blog\/wp-json\/wp\/v2\/posts\/980\/revisions\/984"}],"wp:attachment":[{"href":"http:\/\/blogdalucianaoliveira.com.br\/blog\/wp-json\/wp\/v2\/media?parent=980"}],"wp:term":[{"taxonomy":"category","embeddable":true,"href":"http:\/\/blogdalucianaoliveira.com.br\/blog\/wp-json\/wp\/v2\/categories?post=980"},{"taxonomy":"post_tag","embeddable":true,"href":"http:\/\/blogdalucianaoliveira.com.br\/blog\/wp-json\/wp\/v2\/tags?post=980"}],"curies":[{"name":"wp","href":"https:\/\/api.w.org\/{rel}","templated":true}]}}