{"id":989,"date":"2016-05-18T11:18:04","date_gmt":"2016-05-18T15:18:04","guid":{"rendered":"http:\/\/blogdalucianaoliveira.com.br\/blog\/?p=989"},"modified":"2016-05-18T11:18:04","modified_gmt":"2016-05-18T15:18:04","slug":"use-o-slogan-sem-moderacao","status":"publish","type":"post","link":"http:\/\/blogdalucianaoliveira.com.br\/blog\/2016\/05\/18\/use-o-slogan-sem-moderacao\/","title":{"rendered":"Use o slogan sem modera\u00e7\u00e3o"},"content":{"rendered":"<p><img data-recalc-dims=\"1\" loading=\"lazy\" decoding=\"async\" data-attachment-id=\"990\" data-permalink=\"http:\/\/blogdalucianaoliveira.com.br\/blog\/2016\/05\/18\/use-o-slogan-sem-moderacao\/image-213\/\" data-orig-file=\"https:\/\/i0.wp.com\/blogdalucianaoliveira.com.br\/blog\/wp-content\/uploads\/2016\/05\/image-187.jpeg?fit=220%2C285\" data-orig-size=\"220,285\" data-comments-opened=\"0\" data-image-meta=\"{&quot;aperture&quot;:&quot;0&quot;,&quot;credit&quot;:&quot;&quot;,&quot;camera&quot;:&quot;&quot;,&quot;caption&quot;:&quot;&quot;,&quot;created_timestamp&quot;:&quot;0&quot;,&quot;copyright&quot;:&quot;&quot;,&quot;focal_length&quot;:&quot;0&quot;,&quot;iso&quot;:&quot;0&quot;,&quot;shutter_speed&quot;:&quot;0&quot;,&quot;title&quot;:&quot;&quot;,&quot;orientation&quot;:&quot;0&quot;}\" data-image-title=\"image\" data-image-description=\"\" data-image-caption=\"\" data-medium-file=\"https:\/\/i0.wp.com\/blogdalucianaoliveira.com.br\/blog\/wp-content\/uploads\/2016\/05\/image-187.jpeg?fit=220%2C285\" data-large-file=\"https:\/\/i0.wp.com\/blogdalucianaoliveira.com.br\/blog\/wp-content\/uploads\/2016\/05\/image-187.jpeg?fit=220%2C285\" src=\"https:\/\/i0.wp.com\/blogdalucianaoliveira.com.br\/blog\/wp-content\/uploads\/2016\/05\/image-187.jpeg?resize=220%2C285\" alt=\"image\" width=\"220\" height=\"285\" class=\"alignnone size-full wp-image-990\" \/><\/p>\n<p>As origens deste slogan, um dos mais usados pelos movimentos de resist\u00eancia ao redor do mundo, remontam \u00e0 Primeira Guerra Mundial: tudo indica que o general franc\u00eas Robert Nivelle foi o primeiro a pronunci\u00e1-lo, na Batalha de Verdun.<!--more--><\/p>\n<p>No entanto, foi durante a Guerra Civil Espanhola (1936-1939), no epis\u00f3dio do cerco a Madri, que a frase se tornou famosa. Na ocasi\u00e3o, a ativista Dolores Ib\u00e1rruri G\u00f3mez, uma das fundadoras do Partido Comunista da Espanha, imortalizou o \u201cNo pasar\u00e1n!\u201d, fazendo dele o lema da resist\u00eancia republicana \u00e0s tentativas de invas\u00e3o da capital espanhola pelas tropas do general Francisco Franco.<\/p>\n<p>Atualmente, o slogan se tornou s\u00edmbolo de movimentos anti-fascistas, e d\u00e1 nome a uma organiza\u00e7\u00e3o juvenil da esquerda argentina filiada ao PTS (Partido de los Trabajadores Socialistas).<\/p>\n<p>Fonte: Hist\u00f3ria Viva <\/p>\n","protected":false},"excerpt":{"rendered":"<p>As origens deste slogan, um dos mais usados pelos movimentos de resist\u00eancia ao redor do mundo, remontam \u00e0 Primeira Guerra Mundial: tudo indica que o general franc\u00eas Robert Nivelle foi o primeiro a pronunci\u00e1-lo, na Batalha de Verdun.<\/p>\n","protected":false},"author":1,"featured_media":0,"comment_status":"closed","ping_status":"open","sticky":false,"template":"","format":"standard","meta":{"_exactmetrics_skip_tracking":false,"_exactmetrics_sitenote_active":false,"_exactmetrics_sitenote_note":"","_exactmetrics_sitenote_category":0,"jetpack_post_was_ever_published":false,"_jetpack_newsletter_access":"","_jetpack_dont_email_post_to_subs":false,"_jetpack_newsletter_tier_id":0,"_jetpack_memberships_contains_paywalled_content":false,"_jetpack_memberships_contains_paid_content":false,"footnotes":"","jetpack_publicize_message":"","jetpack_publicize_feature_enabled":true,"jetpack_social_post_already_shared":true,"jetpack_social_options":{"image_generator_settings":{"template":"highway","enabled":false},"version":2}},"categories":[1],"tags":[],"class_list":["post-989","post","type-post","status-publish","format-standard","hentry","category-notas"],"jetpack_publicize_connections":[],"jetpack_sharing_enabled":true,"jetpack_featured_media_url":"","jetpack_shortlink":"https:\/\/wp.me\/p7wKYW-fX","jetpack-related-posts":[],"_links":{"self":[{"href":"http:\/\/blogdalucianaoliveira.com.br\/blog\/wp-json\/wp\/v2\/posts\/989","targetHints":{"allow":["GET"]}}],"collection":[{"href":"http:\/\/blogdalucianaoliveira.com.br\/blog\/wp-json\/wp\/v2\/posts"}],"about":[{"href":"http:\/\/blogdalucianaoliveira.com.br\/blog\/wp-json\/wp\/v2\/types\/post"}],"author":[{"embeddable":true,"href":"http:\/\/blogdalucianaoliveira.com.br\/blog\/wp-json\/wp\/v2\/users\/1"}],"replies":[{"embeddable":true,"href":"http:\/\/blogdalucianaoliveira.com.br\/blog\/wp-json\/wp\/v2\/comments?post=989"}],"version-history":[{"count":2,"href":"http:\/\/blogdalucianaoliveira.com.br\/blog\/wp-json\/wp\/v2\/posts\/989\/revisions"}],"predecessor-version":[{"id":992,"href":"http:\/\/blogdalucianaoliveira.com.br\/blog\/wp-json\/wp\/v2\/posts\/989\/revisions\/992"}],"wp:attachment":[{"href":"http:\/\/blogdalucianaoliveira.com.br\/blog\/wp-json\/wp\/v2\/media?parent=989"}],"wp:term":[{"taxonomy":"category","embeddable":true,"href":"http:\/\/blogdalucianaoliveira.com.br\/blog\/wp-json\/wp\/v2\/categories?post=989"},{"taxonomy":"post_tag","embeddable":true,"href":"http:\/\/blogdalucianaoliveira.com.br\/blog\/wp-json\/wp\/v2\/tags?post=989"}],"curies":[{"name":"wp","href":"https:\/\/api.w.org\/{rel}","templated":true}]}}