{"id":9960,"date":"2017-04-17T09:34:33","date_gmt":"2017-04-17T13:34:33","guid":{"rendered":"http:\/\/blogdalucianaoliveira.com.br\/blog\/?p=9960"},"modified":"2017-04-17T09:34:33","modified_gmt":"2017-04-17T13:34:33","slug":"temer-confessa-dilma-caiu-porque-nao-cedeu-a-chantagem-de-cunha","status":"publish","type":"post","link":"http:\/\/blogdalucianaoliveira.com.br\/blog\/2017\/04\/17\/temer-confessa-dilma-caiu-porque-nao-cedeu-a-chantagem-de-cunha\/","title":{"rendered":"TEMER CONFESSA: DILMA CAIU PORQUE N\u00c3O CEDEU \u00c0 CHANTAGEM DE CUNHA"},"content":{"rendered":"<p><img data-recalc-dims=\"1\" loading=\"lazy\" decoding=\"async\" data-attachment-id=\"9962\" data-permalink=\"http:\/\/blogdalucianaoliveira.com.br\/blog\/2017\/04\/17\/temer-confessa-dilma-caiu-porque-nao-cedeu-a-chantagem-de-cunha\/img_5891\/\" data-orig-file=\"https:\/\/i0.wp.com\/blogdalucianaoliveira.com.br\/blog\/wp-content\/uploads\/2017\/04\/IMG_5891.jpg?fit=470%2C313\" data-orig-size=\"470,313\" data-comments-opened=\"0\" data-image-meta=\"{&quot;aperture&quot;:&quot;0&quot;,&quot;credit&quot;:&quot;&quot;,&quot;camera&quot;:&quot;&quot;,&quot;caption&quot;:&quot;&quot;,&quot;created_timestamp&quot;:&quot;0&quot;,&quot;copyright&quot;:&quot;&quot;,&quot;focal_length&quot;:&quot;0&quot;,&quot;iso&quot;:&quot;0&quot;,&quot;shutter_speed&quot;:&quot;0&quot;,&quot;title&quot;:&quot;&quot;,&quot;orientation&quot;:&quot;0&quot;}\" data-image-title=\"IMG_5891\" data-image-description=\"\" data-image-caption=\"\" data-medium-file=\"https:\/\/i0.wp.com\/blogdalucianaoliveira.com.br\/blog\/wp-content\/uploads\/2017\/04\/IMG_5891.jpg?fit=300%2C200\" data-large-file=\"https:\/\/i0.wp.com\/blogdalucianaoliveira.com.br\/blog\/wp-content\/uploads\/2017\/04\/IMG_5891.jpg?fit=470%2C313\" src=\"https:\/\/i0.wp.com\/blogdalucianaoliveira.com.br\/blog\/wp-content\/uploads\/2017\/04\/IMG_5891.jpg?resize=470%2C313\" alt=\"IMG_5891\" width=\"470\" height=\"313\" class=\"alignnone size-full wp-image-9962\" srcset=\"https:\/\/i0.wp.com\/blogdalucianaoliveira.com.br\/blog\/wp-content\/uploads\/2017\/04\/IMG_5891.jpg?w=470 470w, https:\/\/i0.wp.com\/blogdalucianaoliveira.com.br\/blog\/wp-content\/uploads\/2017\/04\/IMG_5891.jpg?resize=300%2C200 300w, https:\/\/i0.wp.com\/blogdalucianaoliveira.com.br\/blog\/wp-content\/uploads\/2017\/04\/IMG_5891.jpg?resize=450%2C300 450w\" sizes=\"auto, (max-width: 470px) 100vw, 470px\" \/><\/p>\n<p>247 &#8211; Em entrevista ao vivo na Band na noite deste s\u00e1bado (15), Michel Temer admitiu que o impeachment de Dilma Rousseff aconteceu porque ela e o PT se recusaram a participar de um pacto para salvar a pele do ent\u00e3o presidente da C\u00e2mara, Eduardo Cunha (PMDB).<!--more--><\/p>\n<p>Com frieza e demonstrando tranquilidade, deixando claro que considera o epis\u00f3dio absolutamente normal, Temer narrou a opera\u00e7\u00e3o com riqueza de detalhes: <\/p>\n<p>Em uma ocasi\u00e3o, ele [Eduardo Cunha] foi me procurar.<br \/>\nEle me disse \u2018vou arquivar todos os pedidos de impeachment da presidente, porque prometeram-me os tr\u00eas votos do PT no conselho de \u00e9tica\u2019. Eu disse que era muito bom, porque assim acabava com essa hist\u00f3ria de que ele estava na oposi\u00e7\u00e3o. (\u2026) naquele dia eu disse a ela [Dima] \u2018presidente, pode ficar tranquila, o Eduardo Cunha me disse que vai arquivar todos os processos d impedimento\u2019. Ela ficou muito contente e foi bem tranquila para a reuni\u00e3o. <\/p>\n<p>No dia seguinte, eu vejo logo o notici\u00e1rio dizendo que o presidente do PT e os tr\u00eas membros do partido se insurgiam contra aquela fala e votariam contra [Cunha no Conselho de \u00c9tica]. Mais tarde, ele me ligou e disse \u2018tudo aquilo que eu disse, n\u00e3o vale, vou chamar a imprensa e vou dar in\u00edcio ao processo de impedimento \u2019<\/p>\n<p>Que coisa curiosa! Se o PT tivesse votado nele naquele comit\u00ea de \u00e9tica, seria muito prov\u00e1vel que a senhora presidente continuasse.<\/p>\n<p>E quando eu conto isso eu conto para revelar, primeiro, que ele n\u00e3o fez o impedimento por minha causa. E, segundo, que eu n\u00e3o militei para derrubar a presidente.&#8221;<br \/>\nNa pr\u00e1tica, Temer confessou que houve desvio de finalidade no golpe parlamentar de 2016 e que o impeachment nada teve a ver com as tais pedaladas fiscais.<\/p>\n<div class=\"fb-video\" data-allowfullscreen=\"true\" data-href=\"https:\/\/www.facebook.com\/enioverri\/videos\/1003695226427220\/\"><\/div>\n<p>Confira a fala de Temer no v\u00eddeo acima.<\/p>\n","protected":false},"excerpt":{"rendered":"<p>247 &#8211; Em entrevista ao vivo na Band na noite deste s\u00e1bado (15), Michel Temer admitiu que o impeachment de Dilma Rousseff aconteceu porque ela e o PT se recusaram a participar de um pacto para salvar a pele do ent\u00e3o presidente da C\u00e2mara, Eduardo Cunha (PMDB).<\/p>\n","protected":false},"author":1,"featured_media":0,"comment_status":"closed","ping_status":"open","sticky":false,"template":"","format":"standard","meta":{"_exactmetrics_skip_tracking":false,"_exactmetrics_sitenote_active":false,"_exactmetrics_sitenote_note":"","_exactmetrics_sitenote_category":0,"jetpack_post_was_ever_published":false,"_jetpack_newsletter_access":"","_jetpack_dont_email_post_to_subs":false,"_jetpack_newsletter_tier_id":0,"_jetpack_memberships_contains_paywalled_content":false,"_jetpack_memberships_contains_paid_content":false,"footnotes":"","jetpack_publicize_message":"","jetpack_publicize_feature_enabled":true,"jetpack_social_post_already_shared":true,"jetpack_social_options":{"image_generator_settings":{"template":"highway","enabled":false},"version":2}},"categories":[1],"tags":[],"class_list":["post-9960","post","type-post","status-publish","format-standard","hentry","category-notas"],"jetpack_publicize_connections":[],"jetpack_sharing_enabled":true,"jetpack_featured_media_url":"","jetpack_shortlink":"https:\/\/wp.me\/p7wKYW-2AE","jetpack-related-posts":[],"_links":{"self":[{"href":"http:\/\/blogdalucianaoliveira.com.br\/blog\/wp-json\/wp\/v2\/posts\/9960","targetHints":{"allow":["GET"]}}],"collection":[{"href":"http:\/\/blogdalucianaoliveira.com.br\/blog\/wp-json\/wp\/v2\/posts"}],"about":[{"href":"http:\/\/blogdalucianaoliveira.com.br\/blog\/wp-json\/wp\/v2\/types\/post"}],"author":[{"embeddable":true,"href":"http:\/\/blogdalucianaoliveira.com.br\/blog\/wp-json\/wp\/v2\/users\/1"}],"replies":[{"embeddable":true,"href":"http:\/\/blogdalucianaoliveira.com.br\/blog\/wp-json\/wp\/v2\/comments?post=9960"}],"version-history":[{"count":2,"href":"http:\/\/blogdalucianaoliveira.com.br\/blog\/wp-json\/wp\/v2\/posts\/9960\/revisions"}],"predecessor-version":[{"id":9963,"href":"http:\/\/blogdalucianaoliveira.com.br\/blog\/wp-json\/wp\/v2\/posts\/9960\/revisions\/9963"}],"wp:attachment":[{"href":"http:\/\/blogdalucianaoliveira.com.br\/blog\/wp-json\/wp\/v2\/media?parent=9960"}],"wp:term":[{"taxonomy":"category","embeddable":true,"href":"http:\/\/blogdalucianaoliveira.com.br\/blog\/wp-json\/wp\/v2\/categories?post=9960"},{"taxonomy":"post_tag","embeddable":true,"href":"http:\/\/blogdalucianaoliveira.com.br\/blog\/wp-json\/wp\/v2\/tags?post=9960"}],"curies":[{"name":"wp","href":"https:\/\/api.w.org\/{rel}","templated":true}]}}