{"id":9964,"date":"2017-04-17T09:48:06","date_gmt":"2017-04-17T13:48:06","guid":{"rendered":"http:\/\/blogdalucianaoliveira.com.br\/blog\/?p=9964"},"modified":"2017-04-17T09:48:06","modified_gmt":"2017-04-17T13:48:06","slug":"dia-da-infamia-completa-um-ano-com-brasil-em-ruinas","status":"publish","type":"post","link":"http:\/\/blogdalucianaoliveira.com.br\/blog\/2017\/04\/17\/dia-da-infamia-completa-um-ano-com-brasil-em-ruinas\/","title":{"rendered":"DIA DA INF\u00c2MIA COMPLETA UM ANO COM BRASIL EM RU\u00cdNAS"},"content":{"rendered":"<p><img data-recalc-dims=\"1\" loading=\"lazy\" decoding=\"async\" data-attachment-id=\"9965\" data-permalink=\"http:\/\/blogdalucianaoliveira.com.br\/blog\/2017\/04\/17\/dia-da-infamia-completa-um-ano-com-brasil-em-ruinas\/img_5892\/\" data-orig-file=\"https:\/\/i0.wp.com\/blogdalucianaoliveira.com.br\/blog\/wp-content\/uploads\/2017\/04\/IMG_5892.jpg?fit=480%2C240\" data-orig-size=\"480,240\" data-comments-opened=\"0\" data-image-meta=\"{&quot;aperture&quot;:&quot;0&quot;,&quot;credit&quot;:&quot;&quot;,&quot;camera&quot;:&quot;&quot;,&quot;caption&quot;:&quot;&quot;,&quot;created_timestamp&quot;:&quot;0&quot;,&quot;copyright&quot;:&quot;&quot;,&quot;focal_length&quot;:&quot;0&quot;,&quot;iso&quot;:&quot;0&quot;,&quot;shutter_speed&quot;:&quot;0&quot;,&quot;title&quot;:&quot;&quot;,&quot;orientation&quot;:&quot;0&quot;}\" data-image-title=\"IMG_5892\" data-image-description=\"\" data-image-caption=\"\" data-medium-file=\"https:\/\/i0.wp.com\/blogdalucianaoliveira.com.br\/blog\/wp-content\/uploads\/2017\/04\/IMG_5892.jpg?fit=300%2C150\" data-large-file=\"https:\/\/i0.wp.com\/blogdalucianaoliveira.com.br\/blog\/wp-content\/uploads\/2017\/04\/IMG_5892.jpg?fit=480%2C240\" src=\"https:\/\/i0.wp.com\/blogdalucianaoliveira.com.br\/blog\/wp-content\/uploads\/2017\/04\/IMG_5892.jpg?resize=480%2C240\" alt=\"IMG_5892\" width=\"480\" height=\"240\" class=\"alignnone size-full wp-image-9965\" srcset=\"https:\/\/i0.wp.com\/blogdalucianaoliveira.com.br\/blog\/wp-content\/uploads\/2017\/04\/IMG_5892.jpg?w=480 480w, https:\/\/i0.wp.com\/blogdalucianaoliveira.com.br\/blog\/wp-content\/uploads\/2017\/04\/IMG_5892.jpg?resize=300%2C150 300w\" sizes=\"auto, (max-width: 480px) 100vw, 480px\" \/><\/p>\n<p>247 \u2013 H\u00e1 exatos doze meses, no dia 17 de abril de 2016, a C\u00e2mara dos Deputados escreveu uma das p\u00e1ginas mais vergonhosas da hist\u00f3ria do Brasil. <!--more--><\/p>\n<p>Numa sess\u00e3o em pleno domingo, presidida por Eduardo Cunha (PMDB-RJ), parlamentares investigados por corrup\u00e7\u00e3o acolheram um pedido de impeachment sem crime de responsabilidade contra a presidente Dilma Rousseff, reeleita com 54 milh\u00f5es de votos. <\/p>\n<div class=\"fb-video\" data-allowfullscreen=\"true\" data-href=\"https:\/\/www.facebook.com\/cafecomjornal\/videos\/1142696065761255\/\"><\/div>\n<p>Abriu-se ali o roteiro de um golpe parlamentar que arruinou a economia brasileira, que encolheu quase 10% desde ent\u00e3o, e desmoralizou a imagem do Brasil no mundo. De pa\u00eds admirado pela melhoria dos indicadores sociais, o Brasil voltou a ser uma t\u00edpica rep\u00fablica baneneira, marcada por golpes rastaqueras.<\/p>\n<p>Naquele mesmo dia, o escritor portugu\u00eas Miguel Souza Tavares fez a defini\u00e7\u00e3o precisa \u2013 e antol\u00f3gica \u2013 para a sess\u00e3o: uma assembleia de bandidos presidida por um bandido.<\/p>\n<p>Um ano depois, \u00e9 imposs\u00edvel n\u00e3o lhe dar raz\u00e3o. O parlamentar que presidiu a sess\u00e3o, Eduardo Cunha, hoje est\u00e1 preso em Curitiba, condenado a mais de 15 anos, por corrup\u00e7\u00e3o, evas\u00e3o de divisas e lavagem de dinheiro. O senador A\u00e9cio Neves (PSDB-MG), agitador do golpe, \u00e9 hoje um dos pol\u00edticos mais desmoralizados do Pa\u00eds, acusado de receber mais de R$ 50 milh\u00f5es para favorecer empreiteiras, sendo o recordista de pedidos de inqu\u00e9ritos no Supremo Tribunal Federal \u2013 cinco, ao lado de Romero Juc\u00e1 (PMDB-RR), que dizia ser necess\u00e1rio derrubar Dilma para estancar a sangria da Lava Jato. Tamb\u00e9m presente naquela fat\u00eddica sess\u00e3o, o deputado Bruno Ara\u00fajo (PSDB-PE), que chorou ao dar o voto decisivo para o acolhimento do golpe parlamentar, hoje \u00e9 yn dos oito ministros de Michel Temer denunciados ao Supremo Tribunal Federal.<\/p>\n<p>Enquanto isso, Dilma Rousseff segue de p\u00e9 em sua luta para devolver a democracia ao Brasil e foi aplaudida em todas as universidades em que discursou nos Estados Unidos. A narrativa das &#8220;pedaladas fiscais&#8221;, pretexto para o golpe, foi desmoralizada pelo pr\u00f3prio Michel Temer, em entrevista concedida \u00e0 TV Bandeirantes neste s\u00e1bado. Nela, Temer confessou que Dilma s\u00f3 foi derrubada porque n\u00e3o garantiu os tr\u00eas votos no conselho de \u00e9tica que poderiam ter salvo seu parceiro Eduardo Cunha. Ou seja: Dilma caiu porque n\u00e3o se dobrou a um chantagista (leia mais aqui). Nesta segunda-feira, seu advogado, Jos\u00e9 Eduardo Cardozo, juntar\u00e1 como prova no processo que questiona o m\u00e9rito do impeachment e pede a anula\u00e7\u00e3o do golpe a prova fornecida pelo pr\u00f3prio Temer. <\/p>\n","protected":false},"excerpt":{"rendered":"<p>247 \u2013 H\u00e1 exatos doze meses, no dia 17 de abril de 2016, a C\u00e2mara dos Deputados escreveu uma das p\u00e1ginas mais vergonhosas da hist\u00f3ria do Brasil.<\/p>\n","protected":false},"author":1,"featured_media":0,"comment_status":"closed","ping_status":"open","sticky":false,"template":"","format":"standard","meta":{"_exactmetrics_skip_tracking":false,"_exactmetrics_sitenote_active":false,"_exactmetrics_sitenote_note":"","_exactmetrics_sitenote_category":0,"jetpack_post_was_ever_published":false,"_jetpack_newsletter_access":"","_jetpack_dont_email_post_to_subs":false,"_jetpack_newsletter_tier_id":0,"_jetpack_memberships_contains_paywalled_content":false,"_jetpack_memberships_contains_paid_content":false,"footnotes":"","jetpack_publicize_message":"","jetpack_publicize_feature_enabled":true,"jetpack_social_post_already_shared":true,"jetpack_social_options":{"image_generator_settings":{"template":"highway","enabled":false},"version":2}},"categories":[1],"tags":[],"class_list":["post-9964","post","type-post","status-publish","format-standard","hentry","category-notas"],"jetpack_publicize_connections":[],"jetpack_sharing_enabled":true,"jetpack_featured_media_url":"","jetpack_shortlink":"https:\/\/wp.me\/p7wKYW-2AI","jetpack-related-posts":[],"_links":{"self":[{"href":"http:\/\/blogdalucianaoliveira.com.br\/blog\/wp-json\/wp\/v2\/posts\/9964","targetHints":{"allow":["GET"]}}],"collection":[{"href":"http:\/\/blogdalucianaoliveira.com.br\/blog\/wp-json\/wp\/v2\/posts"}],"about":[{"href":"http:\/\/blogdalucianaoliveira.com.br\/blog\/wp-json\/wp\/v2\/types\/post"}],"author":[{"embeddable":true,"href":"http:\/\/blogdalucianaoliveira.com.br\/blog\/wp-json\/wp\/v2\/users\/1"}],"replies":[{"embeddable":true,"href":"http:\/\/blogdalucianaoliveira.com.br\/blog\/wp-json\/wp\/v2\/comments?post=9964"}],"version-history":[{"count":1,"href":"http:\/\/blogdalucianaoliveira.com.br\/blog\/wp-json\/wp\/v2\/posts\/9964\/revisions"}],"predecessor-version":[{"id":9966,"href":"http:\/\/blogdalucianaoliveira.com.br\/blog\/wp-json\/wp\/v2\/posts\/9964\/revisions\/9966"}],"wp:attachment":[{"href":"http:\/\/blogdalucianaoliveira.com.br\/blog\/wp-json\/wp\/v2\/media?parent=9964"}],"wp:term":[{"taxonomy":"category","embeddable":true,"href":"http:\/\/blogdalucianaoliveira.com.br\/blog\/wp-json\/wp\/v2\/categories?post=9964"},{"taxonomy":"post_tag","embeddable":true,"href":"http:\/\/blogdalucianaoliveira.com.br\/blog\/wp-json\/wp\/v2\/tags?post=9964"}],"curies":[{"name":"wp","href":"https:\/\/api.w.org\/{rel}","templated":true}]}}